{"id":406211,"date":"2025-09-21T02:40:34","date_gmt":"2025-09-21T02:40:34","guid":{"rendered":"https:\/\/www.europesays.com\/fr\/406211\/"},"modified":"2025-09-21T02:40:34","modified_gmt":"2025-09-21T02:40:34","slug":"marine-le-pen-demande-le-depart-de-delphine-ernotte-la-patronne-de-france-televisions","status":"publish","type":"post","link":"https:\/\/www.europesays.com\/fr\/406211\/","title":{"rendered":"Marine Le Pen demande le d\u00e9part de Delphine Ernotte, la patronne de France T\u00e9l\u00e9visions"},"content":{"rendered":"<p>En qualifiant CNews de \u00abcha\u00eene d\u2019extr\u00eame droite\u00bb, Delphine Ernotte \u00abn\u2019est absolument pas dans son r\u00f4le\u00bb, a d\u00e9nonc\u00e9 la pr\u00e9sidente du groupe parlementaire RN, dans un entretien au JDD.<\/p>\n<p class=\"fig-paragraph\"><a href=\"https:\/\/video.lefigaro.fr\/figaro\/marine-le-pen-et-jordan-bardella-sortent-de-leur-entretien-avec-sebastien-lecornu-1-20250917\" data-fig-type=\"Video\" data-gtm-custom-categorie=\"navigation\" data-gtm-custom-action=\"crossclick\" data-gtm-custom-label=\"Contextuel\" data-gtm-event=\"customEventSPE\" data-fig-domain=\"LEFIGARO\" rel=\"nofollow noopener\" target=\"_blank\">Marine Le Pen<\/a>\u00a0a r\u00e9clam\u00e9 samedi le d\u00e9part de\u00a0<a href=\"http:\/\/www.lefigaro.fr\/medias\/delphine-ernotte-met-en-danger-tout-le-service-public-comment-la-presidente-de-france-televisions-electrise-le-paysage-audiovisuel-20250918\" data-fig-type=\"Article\" data-gtm-custom-categorie=\"navigation\" data-gtm-custom-action=\"crossclick\" data-gtm-custom-label=\"Contextuel\" data-gtm-event=\"customEventSPE\" data-fig-domain=\"LEFIGARO\" rel=\"nofollow noopener\" target=\"_blank\">Delphine Ernotte<\/a>, la patronne de France T\u00e9l\u00e9visions, qui est selon la cheffe des d\u00e9put\u00e9s RN sortie de \u00abson r\u00f4le\u00bb en qualifiant CNews d&rsquo;extr\u00eame droite.<\/p>\n<p class=\"fig-paragraph\">\u00abC&rsquo;est un secret de Polichinelle que Mme Ernotte est une militante tr\u00e8s marqu\u00e9e \u00e0 gauche. Mais l\u00e0, elle franchit un cap suppl\u00e9mentaire\u00bb, a d\u00e9plor\u00e9 Mme Le Pen\u00a0<a href=\"https:\/\/www.lejdd.fr\/politique\/marine-le-pen-au-jdd-dissoudre-ou-durer-macron-doit-choisir-162105\" target=\"_blank\" rel=\"sponsored noopener nofollow\" data-gtm-custom-categorie=\"navigation\" data-gtm-custom-action=\"crossclick\" data-gtm-custom-label=\"Contextuel\" data-gtm-event=\"customEventSPE\">dans une interview au Journal du Dimanche (JDD)<\/a>.<\/p>\n<p>                                    <a class=\"fig-a11y-skip a11y-hidden\" href=\"#fig-a11y-skip-main-inarticle\"><br \/>\n        Passer la publicit\u00e9<br \/>\n    <\/a><\/p>\n<p>\u00abDistribuer des brevets d\u2019honorabilit\u00e9\u00bb<\/p>\n<p class=\"fig-paragraph\">En qualifiant CNews de \u00abcha\u00eene d&rsquo;extr\u00eame droite\u00bb dans un r\u00e9cent entretien au Monde, Delphine Ernotte \u00abn&rsquo;est absolument pas dans son r\u00f4le\u00bb, a encore d\u00e9nonc\u00e9 Marine Le Pen qui recommande la privatisation de l&rsquo;audiovisuel public. \u00ab(&#8230;) Ce type de sortie devrait conduire \u00e0 son d\u00e9part. Parce qu&rsquo;il ne revient pas \u00e0 la pr\u00e9sidente de France T\u00e9l\u00e9visions de distribuer des brevets d&rsquo;honorabilit\u00e9 aux cha\u00eenes priv\u00e9es\u00bb, a-t-elle insist\u00e9.<\/p>\n<p class=\"fig-body-link\">\n            \u00c0 lire aussi<br \/>\n        <a class=\"fig-body-link__link fig-premium-mark\" href=\"http:\/\/www.lefigaro.fr\/medias\/comment-vincent-bollore-reorganise-son-empire-sans-lacher-une-once-de-pouvoir-20241029\" target=\"_blank\" data-fig-type=\"Article\" rel=\"noopener nofollow\" data-gtm-custom-categorie=\"navigation\" data-gtm-custom-action=\"crossclick\" data-gtm-custom-label=\"Contextuel\" data-gtm-event=\"customEventSPE\" data-fig-domain=\"LEFIGARO\">Comment Vincent Bollor\u00e9 r\u00e9organise son empire sans l\u00e2cher une once de pouvoir<br \/>\n    <\/a>\n<\/p>\n<p class=\"fig-paragraph\">La guerre fait actuellement rage entre les m\u00e9dias de la galaxie Vincent Bollor\u00e9 et l&rsquo;audiovisuel public,\u00a0<a href=\"http:\/\/www.lefigaro.fr\/medias\/apres-l-affaire-legrand-cohen-l-audiovisuel-public-secoue-20250907\" data-fig-type=\"Article\" data-gtm-custom-categorie=\"navigation\" data-gtm-custom-action=\"crossclick\" data-gtm-custom-label=\"Contextuel\" data-gtm-event=\"customEventSPE\" data-fig-domain=\"LEFIGARO\" rel=\"nofollow noopener\" target=\"_blank\">dans le sillage de l&rsquo;affaire Legrand-Cohen<\/a>, deux journalistes du service public accus\u00e9s de connivence avec le parti socialiste. Les m\u00e9dias de la galaxie Bollor\u00e9 accusent ceux de Radio France et France T\u00e9l\u00e9visions de partialit\u00e9 en faveur de la gauche, et ceux-ci r\u00e9pliquent en faisant appel \u00e0 l&rsquo;Arcom, le r\u00e9gulateur de l&rsquo;audiovisuel, ainsi qu&rsquo;aux pouvoirs publics.<\/p>\n<p class=\"fig-paragraph\">Dans ce contexte, Mme Ernotte a ajout\u00e9 une pi\u00e8ce dans la machine en lan\u00e7ant: \u00abil faut admettre que CNews est un m\u00e9dia d&rsquo;opinion. Qu&rsquo;ils assument d&rsquo;\u00eatre une cha\u00eene d&rsquo;extr\u00eame droite!\u00bb. Pour Mme Le Pen, ces affaires sont un signe qu&rsquo;\u00abil faut privatiser l&rsquo;audiovisuel public\u00bb. \u00abLa neutralit\u00e9 est exig\u00e9e du service public, pas des cha\u00eenes priv\u00e9es. Qu&rsquo;il existe des m\u00e9dias d&rsquo;opinion ne me choque pas. Mais un service public financ\u00e9 par les Fran\u00e7ais doit \u00eatre irr\u00e9prochablement neutre, et il ne l&rsquo;est pas\u00bb, a-t-elle fait valoir. \u00abUne grande d\u00e9mocratie comme la France n&rsquo;a aucune raison de d\u00e9penser 4 milliards par an pour un mastodonte m\u00e9diatique partisan\u00bb, a-t-elle aussi martel\u00e9.<\/p>\n","protected":false},"excerpt":{"rendered":"En qualifiant CNews de \u00abcha\u00eene d\u2019extr\u00eame droite\u00bb, Delphine Ernotte \u00abn\u2019est absolument pas dans son r\u00f4le\u00bb, a d\u00e9nonc\u00e9 la&hellip;\n","protected":false},"author":2,"featured_media":406212,"comment_status":"","ping_status":"","sticky":false,"template":"","format":"standard","meta":{"footnotes":""},"categories":[4],"tags":[11,1011,27,23339,430,12,25],"class_list":{"0":"post-406211","1":"post","2":"type-post","3":"status-publish","4":"format-standard","5":"has-post-thumbnail","7":"category-france","8":"tag-actualites","9":"tag-fr","10":"tag-france","11":"tag-france-television","12":"tag-marine-le-pen","13":"tag-news","14":"tag-republique-francaise"},"share_on_mastodon":{"url":"https:\/\/pubeurope.com\/@fr\/115239978522222504","error":""},"_links":{"self":[{"href":"https:\/\/www.europesays.com\/fr\/wp-json\/wp\/v2\/posts\/406211","targetHints":{"allow":["GET"]}}],"collection":[{"href":"https:\/\/www.europesays.com\/fr\/wp-json\/wp\/v2\/posts"}],"about":[{"href":"https:\/\/www.europesays.com\/fr\/wp-json\/wp\/v2\/types\/post"}],"author":[{"embeddable":true,"href":"https:\/\/www.europesays.com\/fr\/wp-json\/wp\/v2\/users\/2"}],"replies":[{"embeddable":true,"href":"https:\/\/www.europesays.com\/fr\/wp-json\/wp\/v2\/comments?post=406211"}],"version-history":[{"count":0,"href":"https:\/\/www.europesays.com\/fr\/wp-json\/wp\/v2\/posts\/406211\/revisions"}],"wp:featuredmedia":[{"embeddable":true,"href":"https:\/\/www.europesays.com\/fr\/wp-json\/wp\/v2\/media\/406212"}],"wp:attachment":[{"href":"https:\/\/www.europesays.com\/fr\/wp-json\/wp\/v2\/media?parent=406211"}],"wp:term":[{"taxonomy":"category","embeddable":true,"href":"https:\/\/www.europesays.com\/fr\/wp-json\/wp\/v2\/categories?post=406211"},{"taxonomy":"post_tag","embeddable":true,"href":"https:\/\/www.europesays.com\/fr\/wp-json\/wp\/v2\/tags?post=406211"}],"curies":[{"name":"wp","href":"https:\/\/api.w.org\/{rel}","templated":true}]}}