{"id":406215,"date":"2025-09-21T02:44:12","date_gmt":"2025-09-21T02:44:12","guid":{"rendered":"https:\/\/www.europesays.com\/fr\/406215\/"},"modified":"2025-09-21T02:44:12","modified_gmt":"2025-09-21T02:44:12","slug":"atp-tsitsipas-reprend-du-service-sur-les-reseaux-le-tennis-ne-forge-pas-le-caractere-il-le-revele-devant-des-milliers-de-personnes-we-love-tennis","status":"publish","type":"post","link":"https:\/\/www.europesays.com\/fr\/406215\/","title":{"rendered":"ATP &gt; Tsitsipas reprend du service sur les r\u00e9seaux : &quot;Le tennis ne forge pas le caract\u00e8re. Il le r\u00e9v\u00e8le, devant des milliers de personnes&quot; &#8211; We Love Tennis"},"content":{"rendered":"<ol>\n<li><a href=\"https:\/\/news.google.com\/rss\/articles\/CBMi7wFBVV95cUxOREViXzVuak1ja0hHZHNwSTN1YmRwM3NlenEwN0RaSXJXdll0RTJFNG50S1J6Z252WUszbzhodHZiY0U3N0Y4SmlUMmpxcmptSUZNNlhfam9SSWI0TTRPSlpja040a3RoWEJpV1pVNkU3bmdzTWxJckhWM3JfMndLZmNGTXZDekJwajNLQktpY25oMlNPNXRUdWFsdkxTcXdRckhscWZTOFpKVXBBQkltSW56S3ZvLTZ0RXFmQTFWS09BbW5YbHBxZTVQbTFYMnFwTWFJZV9VSGRmOUwySFpSY3p1QzlLMjFSckU0LXR5RQ?oc=5\" target=\"_blank\" rel=\"noopener\">ATP &gt; Tsitsipas reprend du service sur les r\u00e9seaux : \u00ab\u00a0Le tennis ne forge pas le caract\u00e8re. Il le r\u00e9v\u00e8le, devant des milliers de personnes\u00a0\u00bb<\/a>&nbsp;&nbsp;We Love Tennis<\/li>\n<li><a href=\"https:\/\/news.google.com\/rss\/articles\/CBMinwFBVV95cUxNQ3F4eGJCOTFIYXpqcE9PNUgwTjRtR1IwdnkxbW1KYWtvTV9JbDdWZFA3QktTQW50SU9uZEV4UlRBZFdkX2pyRVZFUnZhcHZvX0kwMFpvNHR5UHJfUFFuUVpfQy1BeXhoQXljcGZjeHVETWpGVkM2Y0Q0SDhsbUI0czVpNlJ5dm9JMi0xcGtxVXdKUUgzTUxCdldoWWkwLTQ?oc=5\" target=\"_blank\" rel=\"noopener\">ATP &gt; En grande difficult\u00e9, Tsitsipas aurait pris une d\u00e9cision importante<\/a>&nbsp;&nbsp;We Love Tennis<\/li>\n<li><a href=\"https:\/\/news.google.com\/rss\/articles\/CBMiowFBVV95cUxQS2xwRFZxR3BVdGpMLVZuR19zdDc1T3dBVi1iRmxKal9TeDRZVlZoaVBTZkJQcUIyeHhhRk9tSklEc0R4STBuaGtjMFh1RjEyRlJQTTlmMnMtUzhycWxNcWs0X1VLNUZTYlZZM0F5R2ZNNjYtQktWT21JcWVZZ0lTQ1h5MHBzbDZ4anhGaUk0X2RPLXd6QkNEN1cyT3U2UXpQanZR?oc=5\" target=\"_blank\" rel=\"noopener\">Encore bless\u00e9, Stefanos Tsitsipas d\u00e9clare forfait pour P\u00e9kin<\/a>&nbsp;&nbsp;Univers Tennis<\/li>\n<li><a href=\"https:\/\/news.google.com\/rss\/articles\/CBMiswFBVV95cUxPSXNJbHJyRHYyZ21YdlRrUW5EOWpXbmdHUzZtS1VYeEJuRWFNTGtHRUluM1o1dlhJLS02OS1aY2t5eGJvRFZYM09QZC1uTTBsbU9WSEpFdnB2NlBqeU5lUmhHYnU2UERndnVYSmF5YllpOUd2dFZiZjlXM3N1YnJqaEY1aTY0ZXFLNjRyTTBqcGg4MmlsWjBlU2l4WThnLWlBOXlRZTlYM1owWXVSOHJpWWE1cw?oc=5\" target=\"_blank\" rel=\"noopener\">Depuis la Gr\u00e8ce, on assure que Tsitsipas a subi une intervention chirurgicale au dos<\/a>&nbsp;&nbsp;Punto de Break<\/li>\n<li><a href=\"https:\/\/news.google.com\/rss\/articles\/CBMiuAFBVV95cUxONDlacGpUMVN0LWw5SEtWaUt2WF9Bd181RHhOdUNIanNWOVFiZ0hhVVVjaHVLNkhWaGhqelNhbWNkTTlOOUVMMkxtT3hCSnNaYjl4MzFRNjhhSUdUQTBCWGFTVS00SUZ2MThaX3cxX0RNUkROZ2ZqXzVGT1EwR1hBQzhrQ1RyZ0tsM0NfWG04bWpzZHZOOHJRbUVZSnpmNEZXRU1nSzFJRmJ4UU5iMmFTZUdydFZDUWVF?oc=5\" target=\"_blank\" rel=\"noopener\">Exhibition &#8211; Stefanos Tsitsipas forfait \u00e0 P\u00e9kin&#8230; mais sera au Six Kings Slam<\/a>&nbsp;&nbsp;Tennis Actu<\/li>\n<\/ol>\n","protected":false},"excerpt":{"rendered":"ATP &gt; Tsitsipas reprend du service sur les r\u00e9seaux : \u00ab\u00a0Le tennis ne forge pas le caract\u00e8re. Il&hellip;\n","protected":false},"author":2,"featured_media":295618,"comment_status":"","ping_status":"","sticky":false,"template":"","format":"standard","meta":{"footnotes":""},"categories":[1415],"tags":[1011,27,60,1467,5443],"class_list":{"0":"post-406215","1":"post","2":"type-post","3":"status-publish","4":"format-standard","5":"has-post-thumbnail","7":"category-tennis","8":"tag-fr","9":"tag-france","10":"tag-sports","11":"tag-tennis","12":"tag-tsitsipas"},"share_on_mastodon":{"url":"https:\/\/pubeurope.com\/@fr\/115239994189940213","error":""},"_links":{"self":[{"href":"https:\/\/www.europesays.com\/fr\/wp-json\/wp\/v2\/posts\/406215","targetHints":{"allow":["GET"]}}],"collection":[{"href":"https:\/\/www.europesays.com\/fr\/wp-json\/wp\/v2\/posts"}],"about":[{"href":"https:\/\/www.europesays.com\/fr\/wp-json\/wp\/v2\/types\/post"}],"author":[{"embeddable":true,"href":"https:\/\/www.europesays.com\/fr\/wp-json\/wp\/v2\/users\/2"}],"replies":[{"embeddable":true,"href":"https:\/\/www.europesays.com\/fr\/wp-json\/wp\/v2\/comments?post=406215"}],"version-history":[{"count":0,"href":"https:\/\/www.europesays.com\/fr\/wp-json\/wp\/v2\/posts\/406215\/revisions"}],"wp:featuredmedia":[{"embeddable":true,"href":"https:\/\/www.europesays.com\/fr\/wp-json\/wp\/v2\/media\/295618"}],"wp:attachment":[{"href":"https:\/\/www.europesays.com\/fr\/wp-json\/wp\/v2\/media?parent=406215"}],"wp:term":[{"taxonomy":"category","embeddable":true,"href":"https:\/\/www.europesays.com\/fr\/wp-json\/wp\/v2\/categories?post=406215"},{"taxonomy":"post_tag","embeddable":true,"href":"https:\/\/www.europesays.com\/fr\/wp-json\/wp\/v2\/tags?post=406215"}],"curies":[{"name":"wp","href":"https:\/\/api.w.org\/{rel}","templated":true}]}}