{"id":406222,"date":"2025-09-21T02:50:11","date_gmt":"2025-09-21T02:50:11","guid":{"rendered":"https:\/\/www.europesays.com\/fr\/406222\/"},"modified":"2025-09-21T02:50:11","modified_gmt":"2025-09-21T02:50:11","slug":"je-navais-plus-une-thune","status":"publish","type":"post","link":"https:\/\/www.europesays.com\/fr\/406222\/","title":{"rendered":"Je n\u2019avais plus une thune"},"content":{"rendered":"<p>Figure incontournable du PAF, Nagui s\u2019est impos\u00e9 gr\u00e2ce \u00e0 son<br \/>\ncharisme et son \u00e9nergie. Apr\u00e8s des d\u00e9buts \u00e0 la radio dans les<br \/>\nann\u00e9es 80, ce dernier a fait ses premiers pas \u00e0 la t\u00e9l\u00e9vision sur<br \/>\nM6 avec Clip D\u00e9dicace. Mais l\u2019animateur s\u2019est retrouv\u00e9 sur<br \/>\nle devant de la sc\u00e8ne avec l\u2019\u00e9mission Que le meilleur gagne. De<br \/>\nquoi lui permettre de se faire une place dans le c\u0153ur des<br \/>\nt\u00e9l\u00e9spectateurs. Depuis, Nagui a encha\u00een\u00e9 les \u00e9missions. Des<br \/>\nprogrammes qu\u2019il a anim\u00e9s avec brio, \u00e0 l\u2019image de Tout le monde<br \/>\nveut prendre sa place, N\u2019oubliez pas les paroles ! et<br \/>\nIntervilles.<\/p>\n<p>Un homme combl\u00e9<\/p>\n<p>Nagui a tout pour \u00eatre heureux. Animateur depuis plus de trois<br \/>\nd\u00e9cennies, il a conquis le c\u0153ur de millions de Fran\u00e7ais. Mais si<br \/>\nprofessionnellement tout va bien dans la vie de ce dernier, c\u2019est<br \/>\n\u00e9galement le cas lorsqu\u2019on se tourne vers sa vie priv\u00e9e. En effet,<br \/>\n<strong>le sexag\u00e9naire est un homme combl\u00e9<\/strong>. Depuis 2010,<br \/>\n<a href=\"https:\/\/www.melty.fr\/people\/intime-avec-nagui-melanie-page-se-lache-et-avoue-entre-deux-interviews-on-se-2242804.html\" target=\"_blank\" rel=\"noopener\"><br \/>\nil partage la vie de l\u2019actrice M\u00e9lanie Page<\/a>. Fou amoureux l\u2019un<br \/>\nde l\u2019autre, ils forment un couple solide et affrontent l\u2019adversit\u00e9<br \/>\nensemble.<\/p>\n<p>Cette relation a donn\u00e9 naissance \u00e0 trois enfants,<br \/>\n<strong>Roxane, Annabel et Adrien<\/strong>. \u00c0 ces derniers, on<br \/>\najoute <strong>Nina<\/strong>, la fille a\u00een\u00e9e du pr\u00e9sentateur, n\u00e9e<br \/>\nde sa relation avec Marine Vignes. Cependant, si tout va pour le<br \/>\nmieux dans la vie de Nagui, il faut savoir que les choses n\u2019ont pas<br \/>\ntoujours \u00e9t\u00e9 roses.<\/p>\n<p>Nagui en toute franchise sur ses ann\u00e9es de gal\u00e8re<\/p>\n<p>Nagui n\u2019a pas toujours eu la vie facile. Alors qu\u2019il recevait<br \/>\nRamzy Bedia et Linh-Dan Pham \u00e0 l\u2019occasion de la sortie du<br \/>\nlong-m\u00e9trage Les Tourment\u00e9s au cin\u00e9ma ce mercredi 17<br \/>\nseptembre 2025. Un entretien que l\u2019animateur de 63 ans a<br \/>\ncompl\u00e8tement chang\u00e9 en causerie intime. Accompagn\u00e9 de Le\u00efla<br \/>\nKaddour-Boudadi, Nagui a lanc\u00e9 une discussion sur le th\u00e8me du film<br \/>\nr\u00e9alis\u00e9 par Lucas Belvaux. \u00c0 savoir <strong>les blessures et les<br \/>\ntourments qui marquent une vie.<\/strong><\/p>\n<p>\u201cPetit tour de table : <strong>qu\u2019est-ce qui vous tourmente<br \/>\ndans la vie ?<\/strong> Qu\u2019est-ce qui peut vous mettre dans un \u00e9tat<br \/>\nsecond ? Parce que c\u2019est la force de ce film : chaque personnage a<br \/>\nsa f\u00ealure, son pass\u00e9\u201d, a demand\u00e9 le pr\u00e9sentateur \u00e0 ses<br \/>\ninvit\u00e9s. De son c\u00f4t\u00e9, Le\u00efla Kaddour a \u00e9voqu\u00e9 la peur de perdre ses<br \/>\nproches. Par contre, d\u2019autres ont opt\u00e9 pour l\u2019humour en d\u00e9clarant :<br \/>\n\u201c<strong>mon salaire sur France Inter<\/strong>\u201d<\/p>\n<p>\u201cJ\u2019ai eu des moments de grosses<br \/>\ngal\u00e8res\u201d<\/p>\n<p>Apr\u00e8s avoir fait le tour des personnes pr\u00e9sentes sur le plateau,<br \/>\nla question est revenue \u00e0 Nagui. Et <a href=\"https:\/\/www.melty.fr\/tele\/intervilles-2025-cette-condition-non-negociable-imposee-par-nagui-2246798.html\" target=\"_blank\" rel=\"noopener\"><br \/>\nle pr\u00e9sentateur d\u00a0\u00bbIntervilles<\/a> a pr\u00e9f\u00e9r\u00e9 jouer la carte de la<br \/>\nfranchise. \u201cUn truc vrai, je n\u2019ai jamais point\u00e9 au ch\u00f4mage par<br \/>\nune esp\u00e8ce de fiert\u00e9. Je n\u2019ai jamais voulu. J\u2019ai eu des moments de<br \/>\ngrosses, grosses gal\u00e8res au point <strong>de squatter un<br \/>\nappartement, d\u2019aller piquer pour manger parce que je n\u2019avais plus<br \/>\nune thune<\/strong>\u201d, a-t-il confi\u00e9.<\/p>\n<p>Des confidences qui ont laiss\u00e9 plus d\u2019un sans voix. Mais le<br \/>\nsexag\u00e9naire ne s\u2019est pas arr\u00eat\u00e9 l\u00e0. \u201cJ<strong>e pense que la<br \/>\npeur de manquer, c\u2019est la peur de retrouver cette<br \/>\nfragilit\u00e9-l\u00e0<\/strong>, pour l\u2019avoir v\u00e9cue. Quand tu squattes un<br \/>\nappartement et que le proprio apprend que tu \u00e9tais chez lui pas<br \/>\nl\u00e9galement, tu as peur. <strong>Il ne faut surtout pas oublier les<br \/>\nsituations dans lesquelles on a pu \u00eatre dans la vie<\/strong>, m\u00eame<br \/>\nquand on a un pseudo-confort. Je dis pseudo parce que tout peut<br \/>\nchanger du jour au lendemain\u201d, a-t-il ajout\u00e9.<\/p>\n","protected":false},"excerpt":{"rendered":"Figure incontournable du PAF, Nagui s\u2019est impos\u00e9 gr\u00e2ce \u00e0 son charisme et son \u00e9nergie. Apr\u00e8s des d\u00e9buts \u00e0&hellip;\n","protected":false},"author":2,"featured_media":406223,"comment_status":"","ping_status":"","sticky":false,"template":"","format":"standard","meta":{"footnotes":""},"categories":[1359],"tags":[58,59,1011,27,10477,973],"class_list":{"0":"post-406222","1":"post","2":"type-post","3":"status-publish","4":"format-standard","5":"has-post-thumbnail","7":"category-people","8":"tag-divertissement","9":"tag-entertainment","10":"tag-fr","11":"tag-france","12":"tag-nagui","13":"tag-people"},"share_on_mastodon":{"url":"https:\/\/pubeurope.com\/@fr\/115240017803631820","error":""},"_links":{"self":[{"href":"https:\/\/www.europesays.com\/fr\/wp-json\/wp\/v2\/posts\/406222","targetHints":{"allow":["GET"]}}],"collection":[{"href":"https:\/\/www.europesays.com\/fr\/wp-json\/wp\/v2\/posts"}],"about":[{"href":"https:\/\/www.europesays.com\/fr\/wp-json\/wp\/v2\/types\/post"}],"author":[{"embeddable":true,"href":"https:\/\/www.europesays.com\/fr\/wp-json\/wp\/v2\/users\/2"}],"replies":[{"embeddable":true,"href":"https:\/\/www.europesays.com\/fr\/wp-json\/wp\/v2\/comments?post=406222"}],"version-history":[{"count":0,"href":"https:\/\/www.europesays.com\/fr\/wp-json\/wp\/v2\/posts\/406222\/revisions"}],"wp:featuredmedia":[{"embeddable":true,"href":"https:\/\/www.europesays.com\/fr\/wp-json\/wp\/v2\/media\/406223"}],"wp:attachment":[{"href":"https:\/\/www.europesays.com\/fr\/wp-json\/wp\/v2\/media?parent=406222"}],"wp:term":[{"taxonomy":"category","embeddable":true,"href":"https:\/\/www.europesays.com\/fr\/wp-json\/wp\/v2\/categories?post=406222"},{"taxonomy":"post_tag","embeddable":true,"href":"https:\/\/www.europesays.com\/fr\/wp-json\/wp\/v2\/tags?post=406222"}],"curies":[{"name":"wp","href":"https:\/\/api.w.org\/{rel}","templated":true}]}}