{"id":406237,"date":"2025-09-21T02:58:11","date_gmt":"2025-09-21T02:58:11","guid":{"rendered":"https:\/\/www.europesays.com\/fr\/406237\/"},"modified":"2025-09-21T02:58:11","modified_gmt":"2025-09-21T02:58:11","slug":"il-a-fait-de-la-garde-a-v-matthieu-delormeau-mis-a-lamende-dans-tbt9-et-en-plateau-ca-ne-bronche-pas","status":"publish","type":"post","link":"https:\/\/www.europesays.com\/fr\/406237\/","title":{"rendered":"\u00ab\u00a0Il a fait de la garde \u00e0 v\u2026\u00a0\u00bb : Matthieu Delormeau mis \u00e0 l\u2019amende dans TBT9 et en plateau \u00e7a ne bronche pas"},"content":{"rendered":"<p data-start=\"315\" data-end=\"717\">Chaque soir, <a href=\"https:\/\/www.closermag.fr\/tv_tele_realite\/aurelie-casse-et-cyril-hanouna-appels-de-phare-entre-les-deux-animateurs-jai-limpression-quil-3581114\" target=\"_blank\" rel=\"noopener\"><br \/>\nCyril Hanouna<\/a> mise sur l\u2019impro, les jeux et les vannes qui<br \/>\nfusent pour alimenter <a href=\"https:\/\/www.closermag.fr\/people\/hanouna-cest-le-parrain-matthieu-delormeau-balance-les-dealers-de-paris-connaissent-cyril-hanouna-3580487\" target=\"_blank\" rel=\"noopener\"><br \/>\nTout beau tout n9uf<\/a>,<br \/>\nsa nouvelle \u00e9mission phare sur W9. Ce vendredi 19 septembre, le<br \/>\nplateau a de nouveau pris des allures de cour de r\u00e9cr\u00e9 avec un d\u00e9fi<br \/>\ninspir\u00e9 du jeu 100 %<br \/>\nlogique anim\u00e9 par <a href=\"https:\/\/www.closermag.fr\/people\/cyril-feraud-a-40-ans-a-t-il-vraiment-change-physiquement-depuis-ses-debuts-a-la-television-la-reponse-en-images-3526446\" target=\"_blank\" rel=\"noopener\"><br \/>\nCyril F\u00e9raud<\/a>. Les chroniqueurs devaient r\u00e9pondre juste pour<br \/>\n\u00e9viter un gage sal\u00e9 : <strong>croquer un piment extr\u00eamement<br \/>\npiquant.<\/strong><\/p>\n<p data-start=\"719\" data-end=\"1109\"><a href=\"https:\/\/www.closermag.fr\/people\/il-faisait-peur-le-retour-de-matthieu-delormeau-dans-tbt9-sest-fait-sous-haute-tension-3579568\" target=\"_blank\" rel=\"noopener\"><br \/>\nMatthieu Delormeau<\/a> s&rsquo;est vu propos\u00e9 de remplacer <a href=\"https:\/\/www.closermag.fr\/people\/jean-pierre-pernaut-deja-3-ans-sans-toi-nathalie-marquay-partage-un-message-creve-coeur-3523437\" target=\"_blank\" rel=\"noopener\"><br \/>\nLou Pernaut<\/a> pour le gage. L\u2019ex-animateur de NRJ12, revenu dans<br \/>\nl\u2019\u00e9quipe <strong>apr\u00e8s une ann\u00e9e compliqu\u00e9e<\/strong>, semblait en<br \/>\nforme et pr\u00eat \u00e0 donner du spectacle. Mais au moment o\u00f9 il tra\u00eenait<br \/>\nun peu les pieds, <a href=\"https:\/\/www.closermag.fr\/tv-tele-realite\/tpmp\/dites-le-a-mokhtar-!-hors-de-lui-face-a-un-invite-identitaire-cyril-hanouna-proche-de-perdre-son-sang-froid-1693150\" target=\"_blank\" rel=\"noopener\"><br \/>\nMokhtar<\/a>, garde du corps embl\u00e9matique de Cyril Hanouna et<br \/>\narbitre d\u2019un soir, a d\u00e9coch\u00e9 <strong>une pique bien sentie<\/strong><br \/>\nqui a renvoy\u00e9 tout le monde \u00e0 son pass\u00e9 judiciaire.<\/p>\n<p>Matthieu Delormeau une<br \/>\nnouvelle fois tacl\u00e9 sur ses gardes \u00e0 vue<\/p>\n<p data-start=\"1160\" data-end=\"1637\">Alors que le chroniqueur<br \/>\nh\u00e9sitait \u00e0 se lancer, Mokhtar a l\u00e2ch\u00e9 : <strong>\u00ab\u00a0Il a fait de la garde \u00e0 vue, il va venir<br \/>\n!\u00a0\u00bb<\/strong> Une r\u00e9f\u00e9rence directe \u00e0 ses d\u00e9m\u00eal\u00e9s avec la<br \/>\npolice, qui sont devenus <strong>une sorte de running gag<\/strong><br \/>\ndepuis son retour en plateau. Mais ce soir-l\u00e0, aucun \u00e9clat de rire,<br \/>\naucune r\u00e9action outr\u00e9e : la phrase a flott\u00e9 dans l\u2019air, reprise par<br \/>\npersonne. Le chroniqueur, lui, a choisi de ne pas relever et a m\u00eame<br \/>\nrefus\u00e9 de remplacer la fille de <a href=\"https:\/\/www.closermag.fr\/people\/obseques-de-jean-pierre-pernaut-ces-objets-lourds-de-sens-laisses-par-nathalie-marquay-dans-son-cercueil-3358319\" target=\"_blank\" rel=\"noopener\"><br \/>\nJean-Pierre Pernaut<\/a>. \u00ab\u00a0Viens-l\u00e0, ma ch\u00e9rie\u00a0\u00bb, lui a-t-il<br \/>\nlanc\u00e9, l&rsquo;invitant \u00e0 se mettre au centre du plateau pour manger le<br \/>\npiment.<\/p>\n<p data-start=\"1639\" data-end=\"2003\">Si la blague est pass\u00e9e comme<br \/>\nune simple pique, elle renvoie \u00e0 une affaire qui avait beaucoup<br \/>\nfait parler quelques mois plus t\u00f4t. En f\u00e9vrier dernier, Matthieu<br \/>\nDelormeau avait \u00e9t\u00e9 plac\u00e9 en garde \u00e0 vue \u00e0 Paris apr\u00e8s avoir \u00e9t\u00e9<br \/>\n<strong>surpris en train d\u2019acheter de la coca\u00efne<\/strong>. Il avait<br \/>\nreconnu les faits et s\u2019\u00e9tait vu infliger une amende de 800 euros<br \/>\npar ordonnance p\u00e9nale.<\/p>\n<blockquote class=\"twitter-tweet\"><p><a class=\"twitter-link\" rel=\"noindex, nofollow noopener\" href=\"https:\/\/twitter.com\/TBT9_W9\/status\/1969085711665041637\" target=\"_blank\"><\/p><\/blockquote>\n<p>Trois<br \/>\ngardes \u00e0 vue en deux ans<\/p>\n<p data-start=\"2040\" data-end=\"2563\">L\u2019\u00e9pisode de f\u00e9vrier n\u2019\u00e9tait<br \/>\npas un cas isol\u00e9. Selon le parquet de Paris, Delormeau avait d\u00e9j\u00e0<br \/>\n\u00e9t\u00e9 rattrap\u00e9 par la justice \u00e0 l\u2019\u00e9t\u00e9 2024. Interpell\u00e9 dans le<br \/>\nquartier de Saint-Germain-des-Pr\u00e9s lors d\u2019une op\u00e9ration de police<br \/>\nvisant un dealer, il avait \u00e9t\u00e9 trouv\u00e9 en possession de 300 euros en<br \/>\nliquide destin\u00e9s \u00e0 l\u2019achat de drogue. Chez lui, une perquisition<br \/>\navait permis de d\u00e9couvrir <strong>un gramme de coca\u00efne, du cannabis<br \/>\net une faible quantit\u00e9 de GHB et de MDMA<\/strong>. Cette fois-l\u00e0,<br \/>\nil avait \u00e9t\u00e9 plac\u00e9 sous injonction th\u00e9rapeutique.<\/p>\n<p data-start=\"2565\" data-end=\"2974\">Au total, l\u2019animateur a connu<br \/>\n<strong>trois gardes \u00e0 vue<\/strong> pour des affaires li\u00e9es \u00e0 la<br \/>\nconsommation de stup\u00e9fiants. Loin de ternir d\u00e9finitivement son<br \/>\nimage aupr\u00e8s de Cyril Hanouna, ces d\u00e9boires sont aujourd\u2019hui<br \/>\nutilis\u00e9s comme mati\u00e8re \u00e0 plaisanterie dans Tout beau tout n9uf. Mais si certains<br \/>\nchroniqueurs pr\u00e9f\u00e8rent en rire, le malaise reste perceptible quand<br \/>\nces allusions reviennent sans pr\u00e9venir en plein direct.<\/p>\n<p><script async src=\"https:\/\/platform.twitter.com\/widgets.js\" charset=\"utf-8\"><\/script><\/p>\n","protected":false},"excerpt":{"rendered":"Chaque soir, Cyril Hanouna mise sur l\u2019impro, les jeux et les vannes qui fusent pour alimenter Tout beau&hellip;\n","protected":false},"author":2,"featured_media":406238,"comment_status":"","ping_status":"","sticky":false,"template":"","format":"standard","meta":{"footnotes":""},"categories":[8],"tags":[548,58,59,1011,27,7830,22497,49534],"class_list":{"0":"post-406237","1":"post","2":"type-post","3":"status-publish","4":"format-standard","5":"has-post-thumbnail","7":"category-divertissement","8":"tag-article-simple","9":"tag-divertissement","10":"tag-entertainment","11":"tag-fr","12":"tag-france","13":"tag-matthieu-delormeau","14":"tag-tout-beau","15":"tag-tout-n9uf"},"share_on_mastodon":{"url":"https:\/\/pubeurope.com\/@fr\/115240049399669516","error":""},"_links":{"self":[{"href":"https:\/\/www.europesays.com\/fr\/wp-json\/wp\/v2\/posts\/406237","targetHints":{"allow":["GET"]}}],"collection":[{"href":"https:\/\/www.europesays.com\/fr\/wp-json\/wp\/v2\/posts"}],"about":[{"href":"https:\/\/www.europesays.com\/fr\/wp-json\/wp\/v2\/types\/post"}],"author":[{"embeddable":true,"href":"https:\/\/www.europesays.com\/fr\/wp-json\/wp\/v2\/users\/2"}],"replies":[{"embeddable":true,"href":"https:\/\/www.europesays.com\/fr\/wp-json\/wp\/v2\/comments?post=406237"}],"version-history":[{"count":0,"href":"https:\/\/www.europesays.com\/fr\/wp-json\/wp\/v2\/posts\/406237\/revisions"}],"wp:featuredmedia":[{"embeddable":true,"href":"https:\/\/www.europesays.com\/fr\/wp-json\/wp\/v2\/media\/406238"}],"wp:attachment":[{"href":"https:\/\/www.europesays.com\/fr\/wp-json\/wp\/v2\/media?parent=406237"}],"wp:term":[{"taxonomy":"category","embeddable":true,"href":"https:\/\/www.europesays.com\/fr\/wp-json\/wp\/v2\/categories?post=406237"},{"taxonomy":"post_tag","embeddable":true,"href":"https:\/\/www.europesays.com\/fr\/wp-json\/wp\/v2\/tags?post=406237"}],"curies":[{"name":"wp","href":"https:\/\/api.w.org\/{rel}","templated":true}]}}