{"id":40624,"date":"2025-04-21T04:39:13","date_gmt":"2025-04-21T04:39:13","guid":{"rendered":"https:\/\/www.europesays.com\/fr\/40624\/"},"modified":"2025-04-21T04:39:13","modified_gmt":"2025-04-21T04:39:13","slug":"abdelkader-guermaz-pionnier-de-labstraction-algerienne","status":"publish","type":"post","link":"https:\/\/www.europesays.com\/fr\/40624\/","title":{"rendered":"Abdelkader Guermaz : pionnier de l&rsquo;abstraction alg\u00e9rienne"},"content":{"rendered":"<p><img loading=\"lazy\" decoding=\"async\" width=\"696\" height=\"392\" class=\"entry-thumb\" src=\"https:\/\/www.europesays.com\/fr\/wp-content\/uploads\/2025\/04\/abdelkader-guermaz-1-696x392.jpg\"   alt=\"Peinture d'Abdelkader Guermaz\" title=\"Abdelkader Guermaz 1\"\/>Peinture d&rsquo;Abdelkader Guermaz<\/p>\n<p>Dans le silence des galeries parisiennes comme dans la lumi\u00e8re retrouv\u00e9e des mus\u00e9es alg\u00e9riens, l\u2019\u0153uvre d\u2019Abdelkader Guermaz r\u00e9sonne aujourd\u2019hui avec une force nouvelle. Cet artiste discret, longtemps rel\u00e9gu\u00e9 aux marges de l\u2019histoire officielle de l\u2019art, \u00e9merge d\u00e9sormais comme l\u2019une des figures majeures de la modernit\u00e9 picturale alg\u00e9rienne. Son parcours singulier, entre Oran et Paris, entre figuration et abstraction, raconte une qu\u00eate artistique profond\u00e9ment personnelle et universelle \u00e0 la fois.<\/p>\n<p>Des rivages oranais aux horizons abstraits<\/p>\n<p>N\u00e9 en 1919 \u00e0 Mascara, dans l\u2019ouest alg\u00e9rien, Guermaz grandit dans l\u2019effervescence culturelle d\u2019Oran, carrefour m\u00e9diterran\u00e9en o\u00f9 dialoguent les influences. C\u2019est l\u00e0 qu\u2019il d\u00e9veloppe sa sensibilit\u00e9 artistique, embrassant \u00e0 la fois la peinture, la musique et la litt\u00e9rature. Son entr\u00e9e \u00e0 l\u2019\u00c9cole des Beaux-Arts d\u2019Oran en 1938 marque un jalon important : il devient l\u2019un des premiers Alg\u00e9riens \u00e0 y d\u00e9crocher un dipl\u00f4me, dans un contexte colonial o\u00f9 les institutions artistiques restaient largement ferm\u00e9es aux \u00ab\u00a0indig\u00e8nes\u00a0\u00bb.<\/p>\n<p>Ses premi\u00e8res toiles, expos\u00e9es \u00e0 la Galerie Colline d\u2019Oran dans l\u2019apr\u00e8s-guerre, portent l\u2019empreinte de la R\u00e9alit\u00e9 Po\u00e9tique fran\u00e7aise. Paysages, natures mortes et portraits y sont trait\u00e9s avec une sensibilit\u00e9 qui transcende d\u00e9j\u00e0 le simple r\u00e9alisme. Mais c\u2019est \u00e0 partir de 1955 que sa recherche prend un tournant d\u00e9cisif vers l\u2019abstraction, comme si le langage figuratif ne suffisait plus \u00e0 exprimer sa vision int\u00e9rieure.<\/p>\n<p>L\u2019exil lumineux<\/p>\n<p>L\u2019ann\u00e9e 1961 marque une rupture dans sa trajectoire. Alors que l\u2019Alg\u00e9rie est en pleine guerre d\u2019ind\u00e9pendance, tout en soutenant son pays Guermaz s\u2019installe \u00e0 Paris. Dans la capitale fran\u00e7aise, il int\u00e8gre les cercles de l\u2019\u00c9cole de Paris et noue des amiti\u00e9s avec des ma\u00eetres de l\u2019abstraction lyrique comme Roger Bissi\u00e8re, Alfred Manessier et Jean Bazaine. Cette p\u00e9riode parisienne sera la plus f\u00e9conde de sa carri\u00e8re.<\/p>\n<p>Ses toiles se d\u00e9pouillent progressivement, atteignant une forme d\u2019essentialit\u00e9. Les couleurs s\u2019apaisent en gammes de blancs, de gris et d\u2019ocres subtils. La mati\u00e8re picturale, travaill\u00e9e par touches sensibles, cr\u00e9e des vibrations lumineuses qui semblent \u00e9maner du c\u0153ur m\u00eame de la toile. Sans jamais tomber dans le didactisme, son \u0153uvre s\u2019impr\u00e8gne de spiritualit\u00e9 soufie, cr\u00e9ant des espaces m\u00e9ditatifs o\u00f9 la lumi\u00e8re devient substance.<\/p>\n<p><img loading=\"lazy\" decoding=\"async\" class=\"alignnone wp-image-337698 size-full\" src=\"https:\/\/www.europesays.com\/fr\/wp-content\/uploads\/2025\/04\/elmarsagallery-abdelkader-guermaz-composition-1965.jpg\" alt=\"\" width=\"696\" height=\"857\"  \/>\u00ab\u00a0Je ne peins pas ce que je vois, mais ce qui se passe en moi quand je regarde\u00ab\u00a0, confiait-il, r\u00e9sumant ainsi sa d\u00e9marche qui transforme l\u2019exp\u00e9rience visuelle en exp\u00e9rience int\u00e9rieure.<\/p>\n<p>L\u2019oubli et la renaissance<\/p>\n<p>Malgr\u00e9 sa participation \u00e0 des expositions majeures comme \u00ab\u00a0Peintres alg\u00e9riens\u00a0\u00bb \u00e0 Alger (1963) et \u00e0 Paris (1964), Guermaz conna\u00eet paradoxalement un long oubli en Alg\u00e9rie. Son abstraction contemplative et non narrative d\u00e9tonait. Trop occidental pour certains, trop spirituel pour d\u2019autres, il reste longtemps dans l\u2019angle mort de la critique.<\/p>\n<p>Il faudra attendre les ann\u00e9es 2010 pour qu\u2019une v\u00e9ritable r\u00e9\u00e9valuation de son \u0153uvre s\u2019amorce. En 2022, l\u2019exposition \u00ab\u00a0<a href=\"https:\/\/www.francetvinfo.fr\/monde\/afrique\/culture-africaine\/linstitut-du-monde-arabe-presente-a-paris-trois-generations-dartistes-algeriens-a-lextraordinaire-creativite_5044723.html\" target=\"_blank\" rel=\"noopener nofollow\">Alg\u00e9rie mon amour<\/a>\u00a0\u00bb \u00e0 l\u2019Institut du Monde Arabe de Paris marque une \u00e9tape importante dans cette reconnaissance, en le pr\u00e9sentant aux c\u00f4t\u00e9s d\u2019autres modernistes alg\u00e9riens comme <a href=\"https:\/\/www.afrik.com\/mohammed-khadda-l-art-abstrait-au-service-de-la-decolonisation-culturelle\" target=\"_blank\" rel=\"noopener nofollow\">Mohammed Khadda<\/a>, M\u2019hamed Issiakhem ou Baya.<\/p>\n<p>A lire : <a href=\"https:\/\/www.afrik.com\/art-algerien\" target=\"_blank\" rel=\"noopener nofollow\">Dossier sur l\u2019art alg\u00e9rien<\/a><\/p>\n<p>En Alg\u00e9rie m\u00eame, les hommages se multiplient : le Salon national des arts plastiques de sa ville natale porte d\u00e9sormais son nom, tandis que ses \u0153uvres ont rejoint les collections permanentes du Mus\u00e9e national des Beaux-Arts d\u2019Alger et du Mus\u00e9e d\u2019Art moderne d\u2019Oran. Une juste reconnaissance pour celui qui a contribu\u00e9 \u00e0 forger un langage abstrait authentiquement alg\u00e9rien, en dialogue avec les courants internationaux mais ancr\u00e9 dans une sensibilit\u00e9 propre.<\/p>\n<p>Un langage universel n\u00e9 du silence<br \/>\n<img loading=\"lazy\" decoding=\"async\" class=\"size-medium wp-image-337700\" src=\"https:\/\/www.europesays.com\/fr\/wp-content\/uploads\/2025\/04\/abdelkader-guermaz-186x300.jpg\" alt=\"Abdelkader Guermaz\" width=\"186\" height=\"300\"  \/>Abdelkader Guermaz<\/p>\n<p>Ce qui frappe dans l\u2019\u0153uvre mature de Guermaz, c\u2019est sa capacit\u00e9 \u00e0 cr\u00e9er un espace de contemplation o\u00f9 le regard peut se perdre et se retrouver. Ses compositions abstraites \u00e9voquent tant\u00f4t des paysages int\u00e9rieurs, tant\u00f4t des architectures lumineuses qui semblent suspendues dans l\u2019espace. La sobri\u00e9t\u00e9 de sa palette, o\u00f9 dominent les blancs nuanc\u00e9s, les gris perle et les ocres p\u00e2les, cr\u00e9e un climat de recueillement presque mystique.<\/p>\n<p>Loin du fracas des avant-gardes tapageuses, Guermaz a construit patiemment une \u0153uvre d\u2019une rare coh\u00e9rence. Son abstraction n\u2019est jamais froide ou calcul\u00e9e, mais toujours habit\u00e9e par une \u00e9motion contenue, par une vibration sensible.<\/p>\n<p>La red\u00e9couverte de Guermaz, au-del\u00e0 de la justice rendue \u00e0 un artiste majeur, invite \u00e0 reconsid\u00e9rer l\u2019histoire de la modernit\u00e9 artistique alg\u00e9rienne dans toute sa complexit\u00e9. Elle rappelle que cette modernit\u00e9 s\u2019est construite dans le dialogue et non dans la rupture, dans la synth\u00e8se et non dans l\u2019opposition st\u00e9rile entre traditions locales et influences internationales.<\/p>\n<p>Pour ceux qui souhaitent approfondir leur connaissance de cette \u0153uvre singuli\u00e8re, <a href=\"https:\/\/www.guermazcatalogueraisonne.com\/\" target=\"_blank\" rel=\"noopener nofollow\">un catalogue raisonn\u00e9 en ligne<\/a> recense d\u00e9sormais ses principales toiles, expositions et publications, offrant aux chercheurs comme aux amateurs un pr\u00e9cieux outil de d\u00e9couverte.<\/p>\n<p>Abdelkader Guermaz nous l\u00e8gue une \u0153uvre qui, par-del\u00e0 les cat\u00e9gories et les fronti\u00e8res, parle directement \u00e0 la sensibilit\u00e9. Dans un monde satur\u00e9 d\u2019images et de bruit, ses toiles offrent un espace de silence et de m\u00e9ditation, une invitation \u00e0 la contemplation active.<\/p>\n","protected":false},"excerpt":{"rendered":"Peinture d&rsquo;Abdelkader Guermaz Dans le silence des galeries parisiennes comme dans la lumi\u00e8re retrouv\u00e9e des mus\u00e9es alg\u00e9riens, l\u2019\u0153uvre&hellip;\n","protected":false},"author":2,"featured_media":40625,"comment_status":"","ping_status":"","sticky":false,"template":"","format":"standard","meta":{"footnotes":""},"categories":[1358],"tags":[15,3734,12501,1348,1384,1385,1386,58,59,1011,27],"class_list":{"0":"post-40624","1":"post","2":"type-post","3":"status-publish","4":"format-standard","5":"has-post-thumbnail","7":"category-arts-et-design","8":"tag-algerie","9":"tag-art","10":"tag-art-algerien","11":"tag-arts","12":"tag-arts-and-design","13":"tag-arts-et-design","14":"tag-design","15":"tag-divertissement","16":"tag-entertainment","17":"tag-fr","18":"tag-france"},"share_on_mastodon":{"url":"https:\/\/pubeurope.com\/@fr\/114374113028514625","error":""},"_links":{"self":[{"href":"https:\/\/www.europesays.com\/fr\/wp-json\/wp\/v2\/posts\/40624","targetHints":{"allow":["GET"]}}],"collection":[{"href":"https:\/\/www.europesays.com\/fr\/wp-json\/wp\/v2\/posts"}],"about":[{"href":"https:\/\/www.europesays.com\/fr\/wp-json\/wp\/v2\/types\/post"}],"author":[{"embeddable":true,"href":"https:\/\/www.europesays.com\/fr\/wp-json\/wp\/v2\/users\/2"}],"replies":[{"embeddable":true,"href":"https:\/\/www.europesays.com\/fr\/wp-json\/wp\/v2\/comments?post=40624"}],"version-history":[{"count":0,"href":"https:\/\/www.europesays.com\/fr\/wp-json\/wp\/v2\/posts\/40624\/revisions"}],"wp:featuredmedia":[{"embeddable":true,"href":"https:\/\/www.europesays.com\/fr\/wp-json\/wp\/v2\/media\/40625"}],"wp:attachment":[{"href":"https:\/\/www.europesays.com\/fr\/wp-json\/wp\/v2\/media?parent=40624"}],"wp:term":[{"taxonomy":"category","embeddable":true,"href":"https:\/\/www.europesays.com\/fr\/wp-json\/wp\/v2\/categories?post=40624"},{"taxonomy":"post_tag","embeddable":true,"href":"https:\/\/www.europesays.com\/fr\/wp-json\/wp\/v2\/tags?post=40624"}],"curies":[{"name":"wp","href":"https:\/\/api.w.org\/{rel}","templated":true}]}}