{"id":406242,"date":"2025-09-21T03:01:11","date_gmt":"2025-09-21T03:01:11","guid":{"rendered":"https:\/\/www.europesays.com\/fr\/406242\/"},"modified":"2025-09-21T03:01:11","modified_gmt":"2025-09-21T03:01:11","slug":"trump-menace-les-talibans-de-sanctions-sils-ne-rendent-pas-lex-base-americaine-de-bagram","status":"publish","type":"post","link":"https:\/\/www.europesays.com\/fr\/406242\/","title":{"rendered":"Trump menace les talibans de sanctions s\u2019ils \u00abne rendent pas\u00bb l&rsquo;ex-base am\u00e9ricaine de Bagram"},"content":{"rendered":"<p>Situ\u00e9e \u00e0 50 km de Kaboul, Bagram, la plus grande base a\u00e9rienne d\u2019Afghanistan, a servi aux Am\u00e9ricains \u00e0 mener des op\u00e9rations apr\u00e8s les attentats du 11 septembre 2001.<\/p>\n<p class=\"fig-paragraph\">Le pr\u00e9sident am\u00e9ricain Donald Trump a menac\u00e9 samedi l&rsquo;<a href=\"http:\/\/www.lefigaro.fr\/international\/dossier\/afghanistan-tout-comprendre-a-la-prise-de-pouvoir-des-talibans-a-kaboul\" data-fig-type=\"Topic\" data-gtm-custom-categorie=\"navigation\" data-gtm-custom-action=\"crossclick\" data-gtm-custom-label=\"Contextuel\" data-gtm-event=\"customEventSPE\" data-fig-domain=\"LEFIGARO\" target=\"_blank\" rel=\"noopener\">Afghanistan<\/a>\u00a0de sanctions, sans pr\u00e9ciser lesquelles, si les talibans ne remettaient pas aux \u00c9tats-Unis la base a\u00e9rienne de Bagram, qu&rsquo;ils ont quitt\u00e9e lors de leur retrait du pays en 2021. \u00abSi l&rsquo;Afghanistan ne rend pas la base a\u00e9rienne de Bagram \u00e0 ceux qui l&rsquo;ont construite, les \u00c9tats-Unis d&rsquo;Am\u00e9rique, DES CHOSES GRAVES VONT SE PRODUIRE\u00a0!!!\u00bb, a \u00e9crit le dirigeant \u00e2g\u00e9 de 79 ans sur sa plateforme Truth Social.<\/p>\n<p class=\"fig-paragraph\">Il avait d\u00e9j\u00e0 \u00e9voqu\u00e9 l&rsquo;id\u00e9e il y a quelques jours, lors d&rsquo;une conf\u00e9rence de presse avec le Premier ministre britannique Keir Starmer au dernier jour de sa visite d&rsquo;\u00c9tat au Royaume-Uni. \u00abL&rsquo;une des raisons pour lesquelles nous voulons cette base est, comme vous le savez, qu&rsquo;elle se trouve \u00e0 une heure de l&rsquo;endroit o\u00f9 la Chine fabrique ses armes nucl\u00e9aires\u00bb, avait dit le pr\u00e9sident am\u00e9ricain.<\/p>\n<p>                                    <a class=\"fig-a11y-skip a11y-hidden\" href=\"#fig-a11y-skip-main-inarticle\"><br \/>\n        Passer la publicit\u00e9<br \/>\n    <\/a><\/p>\n<p class=\"fig-paragraph\">Situ\u00e9e \u00e0 50 km de Kaboul, Bagram, la plus grande base a\u00e9rienne d&rsquo;Afghanistan, a servi aux Am\u00e9ricains \u00e0 mener des op\u00e9rations pendant les deux d\u00e9cennies qui ont suivi les attentats du 11 septembre 2001 et l&rsquo;invasion du pays par une coalition internationale men\u00e9e par les \u00c9tats-Unis.<\/p>\n<p class=\"fig-paragraph\">Les troupes am\u00e9ricaines et de l&rsquo;Otan s&rsquo;en sont retir\u00e9es en juillet 2021, alors que les talibans prenaient le contr\u00f4le de vastes portions de l&rsquo;Afghanistan, avant de s&#8217;emparer finalement du pays tout entier le mois suivant.<\/p>\n<p class=\"fig-paragraph\">Donald Trump a d\u00e9plor\u00e9 \u00e0 plusieurs reprises la perte de la base depuis son retour au pouvoir, critiquant son pr\u00e9d\u00e9cesseur Joe Biden pour sa gestion du retrait am\u00e9ricain d&rsquo;Afghanistan. Le r\u00e9publicain se plaint \u00e9galement de l&rsquo;influence croissante de la Chine, superpuissance rivale, en Afghanistan.<\/p>\n","protected":false},"excerpt":{"rendered":"Situ\u00e9e \u00e0 50 km de Kaboul, Bagram, la plus grande base a\u00e9rienne d\u2019Afghanistan, a servi aux Am\u00e9ricains \u00e0&hellip;\n","protected":false},"author":2,"featured_media":406243,"comment_status":"","ping_status":"","sticky":false,"template":"","format":"standard","meta":{"footnotes":""},"categories":[5],"tags":[11,598,75,1011,27,14,12,19982,28],"class_list":{"0":"post-406242","1":"post","2":"type-post","3":"status-publish","4":"format-standard","5":"has-post-thumbnail","7":"category-international","8":"tag-actualites","9":"tag-afghanistan","10":"tag-donald-trump","11":"tag-fr","12":"tag-france","13":"tag-international","14":"tag-news","15":"tag-talibans","16":"tag-world"},"share_on_mastodon":{"url":"https:\/\/pubeurope.com\/@fr\/115240061081505382","error":""},"_links":{"self":[{"href":"https:\/\/www.europesays.com\/fr\/wp-json\/wp\/v2\/posts\/406242","targetHints":{"allow":["GET"]}}],"collection":[{"href":"https:\/\/www.europesays.com\/fr\/wp-json\/wp\/v2\/posts"}],"about":[{"href":"https:\/\/www.europesays.com\/fr\/wp-json\/wp\/v2\/types\/post"}],"author":[{"embeddable":true,"href":"https:\/\/www.europesays.com\/fr\/wp-json\/wp\/v2\/users\/2"}],"replies":[{"embeddable":true,"href":"https:\/\/www.europesays.com\/fr\/wp-json\/wp\/v2\/comments?post=406242"}],"version-history":[{"count":0,"href":"https:\/\/www.europesays.com\/fr\/wp-json\/wp\/v2\/posts\/406242\/revisions"}],"wp:featuredmedia":[{"embeddable":true,"href":"https:\/\/www.europesays.com\/fr\/wp-json\/wp\/v2\/media\/406243"}],"wp:attachment":[{"href":"https:\/\/www.europesays.com\/fr\/wp-json\/wp\/v2\/media?parent=406242"}],"wp:term":[{"taxonomy":"category","embeddable":true,"href":"https:\/\/www.europesays.com\/fr\/wp-json\/wp\/v2\/categories?post=406242"},{"taxonomy":"post_tag","embeddable":true,"href":"https:\/\/www.europesays.com\/fr\/wp-json\/wp\/v2\/tags?post=406242"}],"curies":[{"name":"wp","href":"https:\/\/api.w.org\/{rel}","templated":true}]}}