{"id":406250,"date":"2025-09-21T03:07:25","date_gmt":"2025-09-21T03:07:25","guid":{"rendered":"https:\/\/www.europesays.com\/fr\/406250\/"},"modified":"2025-09-21T03:07:25","modified_gmt":"2025-09-21T03:07:25","slug":"nicolas-favreau-depasse-ses-limites-a-linfinity-trail-de-nancy","status":"publish","type":"post","link":"https:\/\/www.europesays.com\/fr\/406250\/","title":{"rendered":"Nicolas Favreau d\u00e9passe ses limites \u00e0 l\u2019Infinity Trail de Nancy"},"content":{"rendered":"<p>De son propre aveu, le principe de l\u2019Infinity Trail Backyard Nancy Lorraine a piqu\u00e9 sa curiosit\u00e9. Par cons\u00e9quent, Nicolas Favreau, membre du club 4 Running Saint-Barth, s\u2019est inscrit \u00e0 cette \u00e9preuve pour le moins particuli\u00e8re, qui s\u2019est d\u00e9roul\u00e9e le 5 septembre. Avec un objectif en t\u00eate : d\u00e9passer ses limites !<br \/>&#13;<br \/>\nL\u2019Infinity Trail est organis\u00e9 par le club d\u2019athl\u00e9tisme de Champigneulles, avec l\u2019accord de Trail The World, propri\u00e9taire de la marque Infinity Trail et du circuit national. Cr\u00e9\u00e9 par Lazarus Lake, l\u2019organisateur de la c\u00e9l\u00e8bre et mythique Barkley dans le Tennessee, le concept de l\u2019\u00e9preuve est tr\u00e8s simple : il s\u2019agit d\u2019effectuer des boucles de moins d\u2019une heure sur un parcours de 6,7 kilom\u00e8tres. Il y a un d\u00e9part toutes les heures. Il faut ainsi parcourir la boucle en moins d\u2019une heure. Les participants peuvent alors se reposer en attendant le d\u00e9part suivant. Pour exemple : un coureur termine sa boucle en 45 minutes, il dispose de 15 minutes de repos avant le prochain d\u00e9part. S\u2019il la boucle en 58 minutes, il n\u2019a que 2 minutes de repos.<br \/>&#13;<br \/>\n\u00ab Il faut \u00eatre s\u00fbr la ligne de d\u00e9part \u00e0 chaque heure sinon on est disqualifi\u00e9, raconte Nicolas. L\u2019id\u00e9e \u00e9tant de se d\u00e9passer et faire le plus de kilom\u00e8tres possibles, la strat\u00e9gie \u00e9tant de se reposer mais pas trop afin de pas trop se refroidir. J\u2019avais pour objectif de faire 10 boucles, ce qui fait 67,7 km. \u00bb Mais apr\u00e8s un d\u00e9part \u00e0 midi sous un ciel cl\u00e9ment, Nicolas parvient \u00e0 aller plus loin qu\u2019il ne l\u2019avait imagin\u00e9. \u00ab J\u2019ai r\u00e9ussi \u00e0 d\u00e9passer mes limites gr\u00e2ce \u00e0 l\u2019assistance de mes enfants et de ma compagne qui \u00e9taient pr\u00e9sents \u00e0 chaque heure lors de la courte pause pour me donner boissons et nourriture \u00bb, t\u00e9moigne Nicolas.<br \/>&#13;<br \/>\nIl abdique apr\u00e8s 11 heures de course, 74 kilom\u00e8tres parcourus et 1.200 m\u00e8tres de d\u00e9nivel\u00e9 positif. \u00ab La fatigue musculaire et la fra\u00eecheur de Nancy (12 degr\u00e9s) en d\u00e9but de nuit a eu raison de moi, assure-t-il. Je suis satisfait de ma course et j\u2019aimerais renouveler l\u2019exp\u00e9rience d\u00e8s que ce sera possible. \u00bb Son but : passer le cap des 15 boucles et des 100 kilom\u00e8tres. \u00ab Pour un prochain Infinity Trail, quand l\u2019occasion se pr\u00e9sentera \u00bb, glisse-t-il. Au bout de 24 heures et 160 kilom\u00e8tres, il ne restait que quatre coureurs en course sur les 140 du d\u00e9part. Cette premi\u00e8re \u00e9dition a \u00e9t\u00e9 remport\u00e9e apr\u00e8s 32 boucles, soit 214,4 km et plus de 3.300 m de d\u00e9nivel\u00e9 positif.<\/p>\n<p>\u00a0<\/p>\n","protected":false},"excerpt":{"rendered":"De son propre aveu, le principe de l\u2019Infinity Trail Backyard Nancy Lorraine a piqu\u00e9 sa curiosit\u00e9. Par cons\u00e9quent,&hellip;\n","protected":false},"author":2,"featured_media":406251,"comment_status":"","ping_status":"","sticky":false,"template":"","format":"standard","meta":{"footnotes":""},"categories":[9635],"tags":[1111,11,1777,674,1011,27,775,4662,1702,12,25,53787],"class_list":{"0":"post-406250","1":"post","2":"type-post","3":"status-publish","4":"format-standard","5":"has-post-thumbnail","7":"category-nancy","8":"tag-actu","9":"tag-actualites","10":"tag-eu","11":"tag-europe","12":"tag-fr","13":"tag-france","14":"tag-grand-est","15":"tag-journal","16":"tag-nancy","17":"tag-news","18":"tag-republique-francaise","19":"tag-saint-barth"},"share_on_mastodon":{"url":"https:\/\/pubeurope.com\/@fr\/115240084591645904","error":""},"_links":{"self":[{"href":"https:\/\/www.europesays.com\/fr\/wp-json\/wp\/v2\/posts\/406250","targetHints":{"allow":["GET"]}}],"collection":[{"href":"https:\/\/www.europesays.com\/fr\/wp-json\/wp\/v2\/posts"}],"about":[{"href":"https:\/\/www.europesays.com\/fr\/wp-json\/wp\/v2\/types\/post"}],"author":[{"embeddable":true,"href":"https:\/\/www.europesays.com\/fr\/wp-json\/wp\/v2\/users\/2"}],"replies":[{"embeddable":true,"href":"https:\/\/www.europesays.com\/fr\/wp-json\/wp\/v2\/comments?post=406250"}],"version-history":[{"count":0,"href":"https:\/\/www.europesays.com\/fr\/wp-json\/wp\/v2\/posts\/406250\/revisions"}],"wp:featuredmedia":[{"embeddable":true,"href":"https:\/\/www.europesays.com\/fr\/wp-json\/wp\/v2\/media\/406251"}],"wp:attachment":[{"href":"https:\/\/www.europesays.com\/fr\/wp-json\/wp\/v2\/media?parent=406250"}],"wp:term":[{"taxonomy":"category","embeddable":true,"href":"https:\/\/www.europesays.com\/fr\/wp-json\/wp\/v2\/categories?post=406250"},{"taxonomy":"post_tag","embeddable":true,"href":"https:\/\/www.europesays.com\/fr\/wp-json\/wp\/v2\/tags?post=406250"}],"curies":[{"name":"wp","href":"https:\/\/api.w.org\/{rel}","templated":true}]}}