{"id":406252,"date":"2025-09-21T03:09:28","date_gmt":"2025-09-21T03:09:28","guid":{"rendered":"https:\/\/www.europesays.com\/fr\/406252\/"},"modified":"2025-09-21T03:09:28","modified_gmt":"2025-09-21T03:09:28","slug":"toulon-perd-halagahu-pour-plusieurs-mois-ollivon-de-retour","status":"publish","type":"post","link":"https:\/\/www.europesays.com\/fr\/406252\/","title":{"rendered":"Toulon perd Halagahu pour plusieurs mois, Ollivon de retour"},"content":{"rendered":"<p>Coup dur au <a data-ilj-link-preview=\"true\" data-excerpt=\"Le club de rugby de Toulon est un club professionnel fran\u00e7ais bas\u00e9 dans le d\u00e9partement du Var. Fond\u00e9 en 1908, il \u00e9volue en Top 14.&#013;&#010;Staff et pr\u00e9sidence :&#013;&#010;&#013;&#010; &#009;Pr\u00e9sident : Bernard Lema\u00eetre&#013;&#010; &#009;Entra\u00eeneur : Pierre Mignoni&#013;&#010;&#013;&#010;Palmar\u00e8s du RCT :&#013;&#010;Palmar\u00e8s du Rugby Club Toulonnais&#013;&#010;&#013;&#010;&#013;&#010;Comp\u00e9tition&#013;&#010;Titres&#013;&#010;Ann\u00e9es&#013;&#010;&#013;&#010;&#013;&#010;&#013;&#010;&#013;&#010;Championnat de France de premi\u00e8re division&#013;&#010;Champion (4)&#013;&#010;1931, 1987, 1992, 2014&#013;&#010;&#013;&#010;&#013;&#010;Championnat de France de deuxi\u00e8me division&#013;&#010;Champion (2)&#013;&#010;2005, 2008&#013;&#010;&#013;&#010;&#013;&#010;Coupe d&#039;Europe&#013;&#010;Champion (3)&#013;&#010;2013, 2014, 2015&#013;&#010;&#013;&#010;&#013;&#010;Challenge Cup&#013;&#010;Champion (1)&#013;&#010;2023\" href=\"https:\/\/www.xvovalie.com\/toulon\/\" rel=\"nofollow noopener\" target=\"_blank\">RCT<\/a>. Le club de la Rade <strong>va devoir faire sans l\u2019un de ses joueurs phares, le deuxi\u00e8me ligne Matthias Halagahu<\/strong>. L\u2019international fran\u00e7ais (24 ans, 2 s\u00e9lections), <strong>va devoir se faire op\u00e9rer d\u2019un orteil<\/strong> comme l\u2019a annonc\u00e9 Pierre Mignoni en conf\u00e9rence de presse et manquera plusieurs mois de comp\u00e9tition : \u201c\u00a0Il manquera quatre \u00e0 six mois de comp\u00e9tition.\u00a0C\u2019est une op\u00e9ration d\u00e9licate, mais il la fallait. Il a eu une fracture particuli\u00e8re au pied, et c\u2019est tr\u00e8s d\u00e9rangeant dans les appuis.\u201d<\/p>\n<p>Ollivon de retour<\/p>\n<p>Une mauvaise nouvelle tant pour le joueur que pour la formation rouge et noire. Mais Toulon pourra <strong>n\u00e9anmoins s\u2019appuyer sur le retour de Charles Ollivon<\/strong>, qui postule pour la rencontre contre <a data-ilj-link-preview=\"true\" data-excerpt=\"Le club de rugby du Stade Rochelais, fond\u00e9 en 1906, \u00e9volue en Top 14.&#013;&#010;Staff et pr\u00e9sidence :&#013;&#010;&#013;&#010; &#009;Pr\u00e9sident : Vincent Merling&#013;&#010; &#009;Entra\u00eeneur : Ronan O&#039;Gara&#013;&#010;&#013;&#010;Palmar\u00e8s du Stade Rochelais :&#013;&#010;Palmar\u00e8s du Stade Rochelais&#013;&#010;&#013;&#010;&#013;&#010;Comp\u00e9tition&#013;&#010;R\u00e9sultat&#013;&#010;Ann\u00e9e(s)&#013;&#010;&#013;&#010;&#013;&#010;&#013;&#010;&#013;&#010;Coupe d&#039;Europe \/ Champions Cup&#013;&#010;Vainqueur&#013;&#010;2022, 2023&#013;&#010;&#013;&#010;&#013;&#010;Coupe d&#039;Europe \/ Champions Cup&#013;&#010;Finaliste&#013;&#010;2021&#013;&#010;&#013;&#010;&#013;&#010;Challenge europ\u00e9en&#013;&#010;Finaliste&#013;&#010;2019&#013;&#010;&#013;&#010;&#013;&#010;Championnat de France de premi\u00e8re division (Top 14)&#013;&#010;Vice-champion&#013;&#010;2021, 2023&#013;&#010;&#013;&#010;&#013;&#010;Championnat de France de premi\u00e8re division (Top 14)&#013;&#010;Demi-finaliste&#013;&#010;2017, 2019&#013;&#010;&#013;&#010;&#013;&#010;Championnat de France de deuxi\u00e8me division&#013;&#010;Vice-champion&#013;&#010;2010, 2014&#013;&#010;&#013;&#010;&#013;&#010;Coupe de la Ligue&#013;&#010;Vainqueur&#013;&#010;2002, 2003\" href=\"https:\/\/www.xvovalie.com\/stade-rochelais\/\" rel=\"nofollow noopener\" target=\"_blank\">La Rochelle<\/a> dimanche soir \u00e0 Mayol (21h05). <\/p>\n<p>Victime d\u2019une rupture des ligaments crois\u00e9s contre le <a data-ilj-link-preview=\"true\" data-excerpt=\"Fond\u00e9 en 1882, le club de rugby du Racing 92 est un club professionnel de rugby de banlieue parisienne qui \u00e9volue en TOP 14.&#013;&#010;Staff et pr\u00e9sidence :&#013;&#010;&#013;&#010; &#009;Pr\u00e9sident : Laurent Travers&#013;&#010; &#009;Entra\u00eeneur : Stuart Lancaster&#013;&#010; &#009;Yannick Nyanga&#013;&#010; &#009;Fr\u00e9d\u00e9ric Michalak&#013;&#010; &#009;Dimitri Szarzewski&#013;&#010;&#013;&#010;Palmar\u00e8s du Racing 92 :&#013;&#010;&#013;&#010;&#013;&#010;&#013;&#010;Competition&#013;&#010;Titles&#013;&#010;Years&#013;&#010;&#013;&#010;&#013;&#010;Championnat de France de premi\u00e8re division&#013;&#010;6&#013;&#010;1892, 1900, 1902, 1959, 1990, 2016&#013;&#010;&#013;&#010;&#013;&#010;Championnat de France de deuxi\u00e8me division&#013;&#010;3&#013;&#010;1998, 2009, plus d&#039;autres ann\u00e9es non sp\u00e9cifi\u00e9es&#013;&#010;&#013;&#010;&#013;&#010;Coupe de l&#039;Esp\u00e9rance&#013;&#010;1&#013;&#010;1918\" href=\"https:\/\/www.xvovalie.com\/racing-92\/\" rel=\"nofollow noopener\" target=\"_blank\">Racing<\/a> le 4 janvier dernier, le troisi\u00e8me ligne de 32 ans (46 s\u00e9lections) est dans le groupe \u00e9largi et apportera tout son leadership. <\/p>\n<p>Biberonn\u00e9 au rugby, tomb\u00e9 malade de ce sport lors de la Coupe du Monde 2003, alors que je savais \u00e0 peine marcher, je suis le seul sudiste ayant reni\u00e9 le Stade Toulousain pour l\u2019autre Stade\u2026 Fran\u00e7ais. Condamn\u00e9 \u00e0 souffrir avec mon club de c\u0153ur, j\u2019esp\u00e8re vous transmettre mon amour pour la balle ovale \u00e0 travers XV Ovalie !<\/p>\n","protected":false},"excerpt":{"rendered":"Coup dur au RCT. Le club de la Rade va devoir faire sans l\u2019un de ses joueurs phares,&hellip;\n","protected":false},"author":2,"featured_media":406253,"comment_status":"","ping_status":"","sticky":false,"template":"","format":"standard","meta":{"footnotes":""},"categories":[9619],"tags":[1111,11,41986,1777,674,1011,27,53788,12,882,8177,25,478,2310],"class_list":{"0":"post-406252","1":"post","2":"type-post","3":"status-publish","4":"format-standard","5":"has-post-thumbnail","7":"category-toulon","8":"tag-actu","9":"tag-actualites","10":"tag-charles-ollivon","11":"tag-eu","12":"tag-europe","13":"tag-fr","14":"tag-france","15":"tag-matthias-halagahu","16":"tag-news","17":"tag-provence-alpes-cote-dazur","18":"tag-rc-toulon","19":"tag-republique-francaise","20":"tag-top-14","21":"tag-toulon"},"share_on_mastodon":{"url":"https:\/\/pubeurope.com\/@fr\/115240092506048822","error":""},"_links":{"self":[{"href":"https:\/\/www.europesays.com\/fr\/wp-json\/wp\/v2\/posts\/406252","targetHints":{"allow":["GET"]}}],"collection":[{"href":"https:\/\/www.europesays.com\/fr\/wp-json\/wp\/v2\/posts"}],"about":[{"href":"https:\/\/www.europesays.com\/fr\/wp-json\/wp\/v2\/types\/post"}],"author":[{"embeddable":true,"href":"https:\/\/www.europesays.com\/fr\/wp-json\/wp\/v2\/users\/2"}],"replies":[{"embeddable":true,"href":"https:\/\/www.europesays.com\/fr\/wp-json\/wp\/v2\/comments?post=406252"}],"version-history":[{"count":0,"href":"https:\/\/www.europesays.com\/fr\/wp-json\/wp\/v2\/posts\/406252\/revisions"}],"wp:featuredmedia":[{"embeddable":true,"href":"https:\/\/www.europesays.com\/fr\/wp-json\/wp\/v2\/media\/406253"}],"wp:attachment":[{"href":"https:\/\/www.europesays.com\/fr\/wp-json\/wp\/v2\/media?parent=406252"}],"wp:term":[{"taxonomy":"category","embeddable":true,"href":"https:\/\/www.europesays.com\/fr\/wp-json\/wp\/v2\/categories?post=406252"},{"taxonomy":"post_tag","embeddable":true,"href":"https:\/\/www.europesays.com\/fr\/wp-json\/wp\/v2\/tags?post=406252"}],"curies":[{"name":"wp","href":"https:\/\/api.w.org\/{rel}","templated":true}]}}