{"id":406254,"date":"2025-09-21T03:10:39","date_gmt":"2025-09-21T03:10:39","guid":{"rendered":"https:\/\/www.europesays.com\/fr\/406254\/"},"modified":"2025-09-21T03:10:39","modified_gmt":"2025-09-21T03:10:39","slug":"chocolats-et-specialites-regionales-au-menu-de-ce-salon-caritatif","status":"publish","type":"post","link":"https:\/\/www.europesays.com\/fr\/406254\/","title":{"rendered":"chocolats et sp\u00e9cialit\u00e9s r\u00e9gionales au menu de ce salon caritatif\u00a0"},"content":{"rendered":"<p><img decoding=\"async\" class=\"\" style=\"width:100%\" src=\"https:\/\/www.europesays.com\/fr\/wp-content\/uploads\/2025\/09\/chocolate_2764581_12801758015006691.jpg\" alt=\"Salon\"\/><\/p>\n<p>Un rendez-vous chocolat\u00e9&#8230; mais pas uniquement.<\/p>\n<p>Cr\u00e9dit : Pixabay &#8211; Photo d&rsquo;illustration<\/p>\n<p> <strong>Un rendez-vous gourmand et solidaire<\/strong><\/p>\n<p>\u00a0<\/p>\n<p>Au programme, une trentaine d\u2019exposants venus des quatre coins de la France : <strong>chocolatiers, confiseurs, producteurs de miel, de foie gras, de rhum, de safran ou encore de tapenade<\/strong>. Les visiteurs pourront d\u00e9guster et d\u00e9couvrir des produits d\u2019exception tels que l\u2019ail rose de Lautrec travaill\u00e9 en ail noir selon la m\u00e9thode japonaise \u00ab umami \u00bb.<\/p>\n<p>Des animations sont \u00e9galement pr\u00e9vues : <strong>espace maquillage et fontaine \u00e0 chocolat pour les enfants, tombola gratuite avec de nombreux lots \u00e0 gagner, et d\u00e9monstrations culinaires assur\u00e9es par des artisans passionn\u00e9s.<\/strong><\/p>\n<p><strong>L\u2019entr\u00e9e est fix\u00e9e \u00e0 3 euros, gratuite pour les moins de 12 ans. <\/strong>L\u2019organisation esp\u00e8re attirer cette ann\u00e9e entre 2 500 et 3 000 visiteurs, apr\u00e8s avoir r\u00e9uni plus de 2 180 curieux lors de la pr\u00e9c\u00e9dente \u00e9dition.<\/p>\n<p>\u00a0<\/p>\n<p><strong>Un engagement pour les enfants<\/strong><\/p>\n<p>\u00a0<\/p>\n<p>\u00ab Je suis avant tout un ancien patient de l\u2019Institut Saint-Pierre \u00bb, confie Thibault Blanquet, co-organisateur du Salon et pr\u00e9sident 2025-2026 du Kiwanis Club de Montpellier. Devenu agriculteur malgr\u00e9 son handicap, <strong>il conna\u00eet l\u2019importance du soutien apport\u00e9 par ces institutions<\/strong> :<\/p>\n<p>\u00ab Human Lab, rattach\u00e9 \u00e0 la Fondation Saint-Pierre, fabrique des appareillages en impression 3D pour redonner de l\u2019autonomie aux enfants. Ils ne vivent que gr\u00e2ce au m\u00e9c\u00e9nat, et c\u2019est pour eux que nous travaillons. \u00bb<\/p>\n<p>La Fondation Saint-Pierre, n\u00e9e il y a plus d\u2019un si\u00e8cle \u00e0 Palavas, est un acteur majeur de la sant\u00e9 infantile, tandis que la Fondation Maladies Rares, cr\u00e9\u00e9e en 2012, soutient la recherche et accompagne les familles touch\u00e9es par des pathologies souvent sans traitement.<\/p>\n<p>\u00a0<\/p>\n<p><strong>Le Kiwanis : servir les enfants du monde<\/strong><\/p>\n<p>\u00a0<\/p>\n<p>Cr\u00e9\u00e9 en 1915 aux \u00c9tats-Unis, le Kiwanis International rassemble aujourd\u2019hui 550 000 membres b\u00e9n\u00e9voles dans 78 pays. Sa devise : \u00ab Servir les enfants du monde \u00bb. En France, le district France-Monaco compte 3 900 membres et <strong>soutient chaque ann\u00e9e des projets pour un montant compris entre 2 et 3 millions d\u2019euros.<\/strong><\/p>\n<p><strong>\u00c0 Montpellier, le club, fond\u00e9 en 1971, multiplie les initiatives<\/strong> : financement de recherches sur les maladies rares, soutien aux pupilles de l\u2019\u00c9tat, aide aux r\u00e9fugi\u00e9s ou encore participation \u00e0 l\u2019action internationale ELIMINATE contre le t\u00e9tanos n\u00e9onatal.<\/p>\n<p>\u00a0<\/p>\n<p><strong>Une histoire qui se poursuit \u00e0 Palavas<\/strong><\/p>\n<p>\u00a0<\/p>\n<p>L\u2019histoire du Salon du Chocolat local est \u00e9troitement li\u00e9e \u00e0 Palavas-les-Flots. Comme le raconte Thibault Blanquet :<\/p>\n<p>\u00ab Quand la mairie a accept\u00e9 d\u2019accueillir le Salon, elle a souhait\u00e9 que nous collaborions avec une structure de la ville. L\u2019Institut Saint-Pierre s\u2019est impos\u00e9 naturellement. Pour moi, c\u2019\u00e9tait une \u00e9vidence d\u2019y consacrer mon \u00e9nergie, car je leur dois beaucoup. \u00bb<\/p>\n<p><strong>Si un d\u00e9fil\u00e9 de robes en chocolat \u00e9tait initialement pr\u00e9vu, il sera report\u00e9 \u00e0 l\u2019ann\u00e9e prochaine<\/strong>. Mais qu\u2019importe : les organisateurs promettent d\u00e9j\u00e0 une \u00e9dition g\u00e9n\u00e9reuse, festive et engag\u00e9e.<\/p>\n<p>\u00a0<\/p>\n<p><strong>Pratique<\/strong><\/p>\n<p>\u00a0<\/p>\n<ul>\n<li><strong>Salle Bleue, Halle des Expositions<\/strong> \u2013 1 Avenue de l&rsquo;Abb\u00e9 Brocardi, Palavas-les-Flots<\/li>\n<li><strong>11 et 12 octobre 2025,<\/strong> de 10h \u00e0 19h<\/li>\n<li>Entr\u00e9e : <strong>3 \u20ac, gratuit pour les moins de 12 ans<\/strong><\/li>\n<\/ul>\n","protected":false},"excerpt":{"rendered":"Un rendez-vous chocolat\u00e9&#8230; mais pas uniquement. Cr\u00e9dit : Pixabay &#8211; Photo d&rsquo;illustration Un rendez-vous gourmand et solidaire \u00a0&hellip;\n","protected":false},"author":2,"featured_media":406255,"comment_status":"","ping_status":"","sticky":false,"template":"","format":"standard","meta":{"footnotes":""},"categories":[9599],"tags":[1111,11,27374,29046,7334,53795,1777,674,53797,15330,53793,53792,1011,27,1661,27368,10264,53791,2208,12,2680,33592,53794,26345,25,53790,53796,3400,53789],"class_list":{"0":"post-406254","1":"post","2":"type-post","3":"status-publish","4":"format-standard","5":"has-post-thumbnail","7":"category-montpellier","8":"tag-actu","9":"tag-actualites","10":"tag-animations-enfants","11":"tag-artisanat-local","12":"tag-chocolat","13":"tag-demonstrations-culinaires","14":"tag-eu","15":"tag-europe","16":"tag-evenement-solidaire","17":"tag-exposants","18":"tag-fondation-maladies-rares","19":"tag-fondation-saint-pierre","20":"tag-fr","21":"tag-france","22":"tag-gastronomie","23":"tag-gourmandise","24":"tag-humanitaire","25":"tag-kiwanis-club","26":"tag-montpellier","27":"tag-news","28":"tag-occitanie","29":"tag-palavas-les-flots","30":"tag-produits-dexception","31":"tag-recherche-medicale","32":"tag-republique-francaise","33":"tag-salon-caritatif","34":"tag-sante-infantile","35":"tag-solidarite","36":"tag-specialites-regionales"},"share_on_mastodon":{"url":"","error":"Validation failed: Text character limit of 500 exceeded"},"_links":{"self":[{"href":"https:\/\/www.europesays.com\/fr\/wp-json\/wp\/v2\/posts\/406254","targetHints":{"allow":["GET"]}}],"collection":[{"href":"https:\/\/www.europesays.com\/fr\/wp-json\/wp\/v2\/posts"}],"about":[{"href":"https:\/\/www.europesays.com\/fr\/wp-json\/wp\/v2\/types\/post"}],"author":[{"embeddable":true,"href":"https:\/\/www.europesays.com\/fr\/wp-json\/wp\/v2\/users\/2"}],"replies":[{"embeddable":true,"href":"https:\/\/www.europesays.com\/fr\/wp-json\/wp\/v2\/comments?post=406254"}],"version-history":[{"count":0,"href":"https:\/\/www.europesays.com\/fr\/wp-json\/wp\/v2\/posts\/406254\/revisions"}],"wp:featuredmedia":[{"embeddable":true,"href":"https:\/\/www.europesays.com\/fr\/wp-json\/wp\/v2\/media\/406255"}],"wp:attachment":[{"href":"https:\/\/www.europesays.com\/fr\/wp-json\/wp\/v2\/media?parent=406254"}],"wp:term":[{"taxonomy":"category","embeddable":true,"href":"https:\/\/www.europesays.com\/fr\/wp-json\/wp\/v2\/categories?post=406254"},{"taxonomy":"post_tag","embeddable":true,"href":"https:\/\/www.europesays.com\/fr\/wp-json\/wp\/v2\/tags?post=406254"}],"curies":[{"name":"wp","href":"https:\/\/api.w.org\/{rel}","templated":true}]}}