{"id":406260,"date":"2025-09-21T03:15:40","date_gmt":"2025-09-21T03:15:40","guid":{"rendered":"https:\/\/www.europesays.com\/fr\/406260\/"},"modified":"2025-09-21T03:15:40","modified_gmt":"2025-09-21T03:15:40","slug":"deux-gendarmes-blesses-par-des-tirs-de-feux-dartifice-3","status":"publish","type":"post","link":"https:\/\/www.europesays.com\/fr\/406260\/","title":{"rendered":"deux gendarmes bless\u00e9s par des tirs de feux d&rsquo;artifice"},"content":{"rendered":"<p>Les militaires auraient \u00e9t\u00e9 attir\u00e9s dans un guet-apens par un homme en embuscade. Le suspect est actuellement recherch\u00e9.<\/p>\n<p class=\"fig-paragraph\">Deux gendarmes ont \u00e9t\u00e9 bless\u00e9s vendredi 19 septembre dans la soir\u00e9e \u00e0\u00a0<a href=\"https:\/\/video.lefigaro.fr\/figaro\/faits-divers\/grenoble-un-boulanger-poignarde-par-trois-individus-en-fuite-son-pronostic-vital-engage-20250901\" data-fig-type=\"Video\" data-gtm-custom-categorie=\"navigation\" data-gtm-custom-action=\"crossclick\" data-gtm-custom-label=\"Contextuel\" data-gtm-event=\"customEventSPE\" data-fig-domain=\"LEFIGARO\" target=\"_blank\" rel=\"noopener\">Saint-Egr\u00e8ve pr\u00e8s de Grenoble<\/a>\u00a0apr\u00e8s l&rsquo;explosion d&rsquo;un feu d&rsquo;artifice contre leur voiture, a appris l\u2019AFP ce samedi aupr\u00e8s des gendarmes.<\/p>\n<p class=\"fig-paragraph\">Vendredi vers 20h30,\u00a0<a href=\"http:\/\/www.lefigaro.fr\/faits-divers\/on-attend-du-courage-politique-a-tourcoing-la-colere-des-policiers-apres-la-remise-en-liberte-des-suspects-de-l-agression-d-un-collegue-20250919\" data-fig-type=\"Article\" data-gtm-custom-categorie=\"navigation\" data-gtm-custom-action=\"crossclick\" data-gtm-custom-label=\"Contextuel\" data-gtm-event=\"customEventSPE\" data-fig-domain=\"LEFIGARO\" target=\"_blank\" rel=\"noopener\">les deux gendarmes<\/a>\u00a0patrouillaient dans un quartier de Saint-\u00c9gr\u00e8ve \u00abet sont tomb\u00e9s dans un guet-apens\u00a0: un individu embusqu\u00e9 a cibl\u00e9 leur v\u00e9hicule avec des tirs de feux d&rsquo;artifice et des \u00e9clats sont entr\u00e9s dans l&rsquo;habitacle par une fen\u00eatre ouverte\u00bb, a indiqu\u00e9 la compagnie de gendarmerie de Grenoble, confirmant une information du Dauphin\u00e9 Lib\u00e9r\u00e9.<\/p>\n<p>                                    <a class=\"fig-a11y-skip a11y-hidden\" href=\"#fig-a11y-skip-main-inarticle\"><br \/>\n        Passer la publicit\u00e9<br \/>\n    <\/a><\/p>\n<p class=\"fig-paragraph\">Les deux militaires, appartenant \u00e0 la brigade de Sassenage, souffrent d&rsquo;un \u00abtraumatisme sonore important\u00bb et se sont vus prescrire un arr\u00eat maladie de sept jours, a-t-elle pr\u00e9cis\u00e9. Une enqu\u00eate a \u00e9t\u00e9 confi\u00e9e aux gendarmes de la brigade de Saint-\u00c9gr\u00e8ve pour identifier l&rsquo;auteur des tirs.<\/p>\n","protected":false},"excerpt":{"rendered":"Les militaires auraient \u00e9t\u00e9 attir\u00e9s dans un guet-apens par un homme en embuscade. Le suspect est actuellement recherch\u00e9.&hellip;\n","protected":false},"author":2,"featured_media":406261,"comment_status":"","ping_status":"","sticky":false,"template":"","format":"standard","meta":{"footnotes":""},"categories":[9566],"tags":[1111,11,2430,1777,674,1011,27,2731,12,25,2949],"class_list":{"0":"post-406260","1":"post","2":"type-post","3":"status-publish","4":"format-standard","5":"has-post-thumbnail","7":"category-grenoble","8":"tag-actu","9":"tag-actualites","10":"tag-auvergne-rhone-alpes","11":"tag-eu","12":"tag-europe","13":"tag-fr","14":"tag-france","15":"tag-grenoble","16":"tag-news","17":"tag-republique-francaise","18":"tag-violences"},"share_on_mastodon":{"url":"https:\/\/pubeurope.com\/@fr\/115240116277209009","error":""},"_links":{"self":[{"href":"https:\/\/www.europesays.com\/fr\/wp-json\/wp\/v2\/posts\/406260","targetHints":{"allow":["GET"]}}],"collection":[{"href":"https:\/\/www.europesays.com\/fr\/wp-json\/wp\/v2\/posts"}],"about":[{"href":"https:\/\/www.europesays.com\/fr\/wp-json\/wp\/v2\/types\/post"}],"author":[{"embeddable":true,"href":"https:\/\/www.europesays.com\/fr\/wp-json\/wp\/v2\/users\/2"}],"replies":[{"embeddable":true,"href":"https:\/\/www.europesays.com\/fr\/wp-json\/wp\/v2\/comments?post=406260"}],"version-history":[{"count":0,"href":"https:\/\/www.europesays.com\/fr\/wp-json\/wp\/v2\/posts\/406260\/revisions"}],"wp:featuredmedia":[{"embeddable":true,"href":"https:\/\/www.europesays.com\/fr\/wp-json\/wp\/v2\/media\/406261"}],"wp:attachment":[{"href":"https:\/\/www.europesays.com\/fr\/wp-json\/wp\/v2\/media?parent=406260"}],"wp:term":[{"taxonomy":"category","embeddable":true,"href":"https:\/\/www.europesays.com\/fr\/wp-json\/wp\/v2\/categories?post=406260"},{"taxonomy":"post_tag","embeddable":true,"href":"https:\/\/www.europesays.com\/fr\/wp-json\/wp\/v2\/tags?post=406260"}],"curies":[{"name":"wp","href":"https:\/\/api.w.org\/{rel}","templated":true}]}}