{"id":406290,"date":"2025-09-21T03:32:28","date_gmt":"2025-09-21T03:32:28","guid":{"rendered":"https:\/\/www.europesays.com\/fr\/406290\/"},"modified":"2025-09-21T03:32:28","modified_gmt":"2025-09-21T03:32:28","slug":"lyon-le-salon-de-lautomobile-2025-va-deployer-ses-ailes-avec-50-constructeurs","status":"publish","type":"post","link":"https:\/\/www.europesays.com\/fr\/406290\/","title":{"rendered":"Lyon. Le Salon de l\u2019Automobile 2025 va d\u00e9ployer ses ailes avec 50 constructeurs"},"content":{"rendered":"<p>\t\t\t\t<img fetchpriority=\"high\" decoding=\"async\" width=\"900\" height=\"587\" src=\"https:\/\/www.europesays.com\/fr\/wp-content\/uploads\/2025\/09\/01.-gt2-stradale-front-external-desktop.jpg\" alt=\"\" title=\"01. gt2-stradale-front-external-desktop\"   class=\"wp-image-164595\"\/><\/p>\n<p><strong>Texte\u00a0: Morgan Couturier \u2013<\/strong> Galvanis\u00e9 par la pr\u00e9sence de voitures d\u2019exception et de multiples avant-premi\u00e8res, le Salon de l\u2019Automobile de Lyon ne cesse de gagner en popularit\u00e9 et en notori\u00e9t\u00e9. \u00a0Apr\u00e8s deux ans d\u2019attente, il revient fort de nombreuses promesses.<\/p>\n<p>On a beau dire que l\u2019amour dure trois ans, le Salon de l\u2019Automobile de Lyon ne cesse de raviver la flamme d\u2019\u00e9dition en \u00e9dition. Depuis son \u00e9pilogue en 2023, il nous a fait compter les jours et pleurer son absence, en laissant m\u00fbrir le souvenir d\u2019une fr\u00e9quentation en hausse (de 17%, ndlr) et la d\u00e9couverte de quelques 280 v\u00e9hicules neufs.<\/p>\n<p><strong>\u00ab\u00a0Un salon con\u00e7u comme une f\u00eate de l\u2019automobile\u00a0\u00bb<\/strong><\/p>\n<p>Alors tant pis si cette relation fut entretenue \u00e0 distance, au gr\u00e9 de visites en concession, le public lyonnais est amen\u00e9 \u00e0 retrouver son rendez-vous ch\u00e9ri. \u00c0 savoir cette grande f\u00eate de l\u2019automobile qui, pendant cinq jours, vous invite \u00e0 respecter une r\u00e8gle primordiale\u00a0: attacher sa ceinture.<\/p>\n<p>\u00ab\u00a0On est sur une vraie bonne dynamique. \u00ab\u00a0Le salon a pris d\u00e9finitivement une dimension nationale\u00a0en 2023 \u00bb, pr\u00e9sente en cons\u00e9quence, sa directrice <strong>Anne-Marie Baezner<\/strong>.<\/p>\n<p>Pour poursuivre sa route, celle qui m\u00e8ne irr\u00e9m\u00e9diablement au succ\u00e8s, le Salon de l\u2019Automobile de Lyon l\u2019a donc compris\u00a0: la viabilit\u00e9 d\u2019une relation passe par l\u2019\u00e9coute. Du march\u00e9 et des tendances. Et tant pis si celui-ci vacille, victime des nombreux b\u00e2tons gliss\u00e9s dans les roues, l\u2019\u00e9v\u00e9nement lyonnais tient pour lui, cette capacit\u00e9 \u00e0 remettre l\u2019automobile au c\u0153ur de nos vies.<\/p>\n<p><a href=\"https:\/\/www.lyonpeople.com\/actualites-lyon\/actualites-economiques\/salon-de-lautomobile-de-lyon-2025-moteurs-et-actions-2-2025-09-20.html\/attachment\/05-salon-automobile-lyon-2\" rel=\"attachment wp-att-164596 noopener\" target=\"_blank\"><img loading=\"lazy\" decoding=\"async\" class=\"alignnone size-full wp-image-164596\" src=\"data:image\/svg+xml,%3Csvg%20xmlns=\" http:=\"\" alt=\"\" width=\"900\" height=\"600\" data-lazy- data-lazy- data-lazy-src=\"https:\/\/www.europesays.com\/fr\/wp-content\/uploads\/2025\/09\/05-Salon-Automobile-Lyon.jpg\"\/><\/a><\/p>\n<p>\u00c0 revitaliser toute une fili\u00e8re et \u00e0 remotiver les marques, alors que 1900 ventes avaient \u00e9t\u00e9 sign\u00e9es lors de la pr\u00e9c\u00e9dente \u00e9dition. \u00ab Je pense qu\u2019il peut avoir des coups \u00e0 faire (les marques proposent certaines offres exceptionnelles, ndlr). Le salon joue comme un amplificateur. Les constructeurs sont dans les starting-blocks. C\u2019est un \u00e9v\u00e9nement tr\u00e8s attendu du march\u00e9 \u00bb, poursuit l\u2019organisatrice, fi\u00e8re de l\u2019\u00e9volution de \u00ab ce beau petit b\u00e9b\u00e9 \u00bb de 65 000m2, devenu en 10 ans, le plus grand salon fran\u00e7ais en termes de taille et en nombre de marques repr\u00e9sent\u00e9es.<\/p>\n<p><strong>\u00ab\u00a0Notre salon \u00e9coute et suit le march\u00e9\u00a0\u00bb<\/strong><\/p>\n<p><strong>\u00a0<\/strong>\u00ab\u00a0On est tr\u00e8s heureux de cette progression\u00a0\u00bb, se f\u00e9licite Anne-Marie Baezner, alors que l\u2019\u00e9dition 2025 grapille cinq marques suppl\u00e9mentaires. Mais qu\u2019\u00e0 cela ne tienne, la famille a beau s\u2019agrandir, la quantit\u00e9 ne se fera pas sans qualit\u00e9. Bien au contraire. Pour preuve, la cr\u00e9ation d\u2019un espace d\u00e9di\u00e9 aux\u00a0voitures de prestige o\u00f9 stationnent ces supercars et autres hypercars ainsi que les pr\u00e9parateurs.<\/p>\n<p><a href=\"https:\/\/www.lyonpeople.com\/actualites-lyon\/actualites-economiques\/salon-de-lautomobile-de-lyon-2025-moteurs-et-actions-2-2025-09-20.html\/attachment\/03-salon-de-lauto-lyon-kb-2\" rel=\"attachment wp-att-164597 noopener\" target=\"_blank\"><img loading=\"lazy\" decoding=\"async\" aria-describedby=\"caption-attachment-164597\" class=\"size-full wp-image-164597\" src=\"data:image\/svg+xml,%3Csvg%20xmlns=\" http:=\"\" alt=\"\" width=\"900\" height=\"601\" data-lazy- data-lazy- data-lazy-src=\"https:\/\/www.europesays.com\/fr\/wp-content\/uploads\/2025\/09\/03-SALON-DE-LAUTO-LYON-KB.jpg\"\/><\/a><\/p>\n<p id=\"caption-attachment-164597\" class=\"wp-caption-text\">Le salon devrait accueillir 50 avant-premi\u00e8res mondiales.<\/p>\n<p>On parle l\u00e0 de v\u00e9ritables incarnations de cette part de r\u00eave dans laquelle tout passionn\u00e9 aimerait croquer. Parmi elles, huit marques (Aston Martin, Ferrari, Porsche, Bentley, Lotus, Lamborghini, McLaren et Maserati) et des noms parlants, parmi lesquels figurent la Ferrari SP3 Daytona Spider (ci-dessous), la McLaren Senna ou la Maserati GT2 Stradale. \u00ab\u00a0Le salon va de l\u2019essentiel \u00e0 l\u2019\u00e9tincelle\u00a0\u00bb, a ainsi fait valoir Anne-Marie Baezner.<\/p>\n<p><a href=\"https:\/\/www.lyonpeople.com\/actualites-lyon\/actualites-economiques\/salon-de-lautomobile-de-lyon-2025-moteurs-et-actions-2-2025-09-20.html\/attachment\/010-ferrari-sp3-daytona-spider-2\" rel=\"attachment wp-att-164598 noopener\" target=\"_blank\"><img loading=\"lazy\" decoding=\"async\" class=\"alignnone size-full wp-image-164598\" src=\"data:image\/svg+xml,%3Csvg%20xmlns=\" http:=\"\" alt=\"\" width=\"900\" height=\"600\" data-lazy- data-lazy- data-lazy-src=\"https:\/\/www.europesays.com\/fr\/wp-content\/uploads\/2025\/09\/010-ferrari-SP3-Daytona-spider.jpg\"\/><\/a><\/p>\n<p>Pour autant, la voiture ne peut-\u00eatre la vedette du salon sans aller au-del\u00e0 de ces \u0153uvres d\u2019art \u00e0 quatre roues et de ces concept-cars renvoyant \u00e0 des espoirs futurs. Le salon cher \u00e0 GL events r\u00e9pond \u00e0 des besoins pr\u00e9sents. Et donc \u00e0 la pr\u00e9sentation des mod\u00e8les actuels, \u00ab\u00a0repr\u00e9sentatifs du march\u00e9\u00a0\u00bb.<\/p>\n<p>Cette ann\u00e9e, pour la premi\u00e8re, le Troph\u00e9e europ\u00e9en de la voiture de l\u2019ann\u00e9e (Car of the Year) qui consacre la meilleure automobile commercialis\u00e9e dans l\u2019ann\u00e9e sur le march\u00e9 europ\u00e9en sera partenaire du salon, permettant ainsi au salon d\u2019acc\u00e9der \u00e0 une dimension europ\u00e9enne.<\/p>\n<p><strong>400 v\u00e9hicules \u00e0 l\u2019essai<\/strong><\/p>\n<p>Une bonne nouvelle pour les amateurs de la marque au chevron, alors que l\u2019iconique DS f\u00eatera ses 70 ans \u00e0 Eurexpo. Un bien bel anniversaire que la Fran\u00e7aise devra n\u00e9anmoins partager avec sa compatriote Alpine. \u00ab\u00a0C\u2019est la f\u00eate de l\u2019automobile\u00a0\u00bb, soutient en ce sens la directrice.<\/p>\n<p><a href=\"https:\/\/www.lyonpeople.com\/actualites-lyon\/actualites-economiques\/salon-de-lautomobile-de-lyon-2025-moteurs-et-actions-2-2025-09-20.html\/attachment\/08_lancement-r5-_salon-auto-lyon-2\" rel=\"attachment wp-att-164599 noopener\" target=\"_blank\"><img loading=\"lazy\" decoding=\"async\" class=\"alignnone size-full wp-image-164599\" src=\"data:image\/svg+xml,%3Csvg%20xmlns=\" http:=\"\" alt=\"\" width=\"900\" height=\"599\" data-lazy- data-lazy- data-lazy-src=\"https:\/\/www.europesays.com\/fr\/wp-content\/uploads\/2025\/09\/08_LANCEMENT-R5-_salon-auto-lyon.jpg\"\/><\/a><\/p>\n<p>L\u2019\u00e9v\u00e9nement s\u2019affirme surtout comme un mod\u00e8le de p\u00e9rennit\u00e9. En la mati\u00e8re et en quinze ans de mariage avec la capitale des Gaules, le salon de l\u2019automobile a n\u00e9anmoins trouv\u00e9 de quoi se renouveler. Pour c\u00e9l\u00e9brer ces noces de cristal, le public est ainsi invit\u00e9 \u00e0 d\u00e9couvrir quelques univers in\u00e9dits.<\/p>\n<p>Il pourra alors fl\u00e2ner sur les stands \u00ab\u00a0Van Life\u00a0\u00bb pour s\u2019\u00e9vader ou encore s\u2019attarder devant les rayons des v\u00e9hicules utilitaires.<\/p>\n<p>\u00ab\u00a0Les fran\u00e7ais auront toujours besoin de la voiture. Elle peut \u00eatre esth\u00e9tique ou utile. Mais surtout, elle repr\u00e9sente la libert\u00e9\u00a0\u00bb, conclut Anne-Marie Baezner. Une libert\u00e9 d\u2019aller. Et de\u2026 revenir. Quand on aime\u2026 on ne compte pas\u00a0!<\/p>\n<p><strong>Du mercredi 24 au dimanche 28 septembre 2025<br \/>Lyon Eurexpo<br \/>&gt; Toutes les infos sur\u00a0: <a href=\"http:\/\/www.salon-automobile-lyon.com\" target=\"_blank\" rel=\"noopener\">www.salon-automobile-lyon.com<\/a><\/strong><\/p>\n","protected":false},"excerpt":{"rendered":"Texte\u00a0: Morgan Couturier \u2013 Galvanis\u00e9 par la pr\u00e9sence de voitures d\u2019exception et de multiples avant-premi\u00e8res, le Salon de&hellip;\n","protected":false},"author":2,"featured_media":406291,"comment_status":"","ping_status":"","sticky":false,"template":"","format":"standard","meta":{"footnotes":""},"categories":[1889],"tags":[4257,1111,47,4258,11,2430,1777,674,1011,27,2428,12,25,53799],"class_list":{"0":"post-406290","1":"post","2":"type-post","3":"status-publish","4":"format-standard","5":"has-post-thumbnail","7":"category-lyon","8":"tag-0top","9":"tag-actu","10":"tag-actualite","11":"tag-actualite-lyon","12":"tag-actualites","13":"tag-auvergne-rhone-alpes","14":"tag-eu","15":"tag-europe","16":"tag-fr","17":"tag-france","18":"tag-lyon","19":"tag-news","20":"tag-republique-francaise","21":"tag-salon-de-lauto"},"share_on_mastodon":{"url":"https:\/\/pubeurope.com\/@fr\/115240183357602669","error":""},"_links":{"self":[{"href":"https:\/\/www.europesays.com\/fr\/wp-json\/wp\/v2\/posts\/406290","targetHints":{"allow":["GET"]}}],"collection":[{"href":"https:\/\/www.europesays.com\/fr\/wp-json\/wp\/v2\/posts"}],"about":[{"href":"https:\/\/www.europesays.com\/fr\/wp-json\/wp\/v2\/types\/post"}],"author":[{"embeddable":true,"href":"https:\/\/www.europesays.com\/fr\/wp-json\/wp\/v2\/users\/2"}],"replies":[{"embeddable":true,"href":"https:\/\/www.europesays.com\/fr\/wp-json\/wp\/v2\/comments?post=406290"}],"version-history":[{"count":0,"href":"https:\/\/www.europesays.com\/fr\/wp-json\/wp\/v2\/posts\/406290\/revisions"}],"wp:featuredmedia":[{"embeddable":true,"href":"https:\/\/www.europesays.com\/fr\/wp-json\/wp\/v2\/media\/406291"}],"wp:attachment":[{"href":"https:\/\/www.europesays.com\/fr\/wp-json\/wp\/v2\/media?parent=406290"}],"wp:term":[{"taxonomy":"category","embeddable":true,"href":"https:\/\/www.europesays.com\/fr\/wp-json\/wp\/v2\/categories?post=406290"},{"taxonomy":"post_tag","embeddable":true,"href":"https:\/\/www.europesays.com\/fr\/wp-json\/wp\/v2\/tags?post=406290"}],"curies":[{"name":"wp","href":"https:\/\/api.w.org\/{rel}","templated":true}]}}