{"id":406298,"date":"2025-09-21T03:39:14","date_gmt":"2025-09-21T03:39:14","guid":{"rendered":"https:\/\/www.europesays.com\/fr\/406298\/"},"modified":"2025-09-21T03:39:14","modified_gmt":"2025-09-21T03:39:14","slug":"legislative-partielle-a-paris-lancien-premier-ministre-michel-barnier-en-favori-dans-la-2%e1%b5%89-circonscription","status":"publish","type":"post","link":"https:\/\/www.europesays.com\/fr\/406298\/","title":{"rendered":"L\u00e9gislative partielle \u00e0 Paris : l&rsquo;ancien Premier ministre Michel Barnier en favori dans la 2\u1d49 circonscription"},"content":{"rendered":"<ul class=\"jsx-862013697 ArticleChapo__List\">\n<li class=\"jsx-862013697 ArticleChapo__List_Item flex\">Michel Barnier est candidat \u00e0 la d\u00e9putation dans la 2\u1d49 circonscription de Paris.<\/li>\n<li class=\"jsx-862013697 ArticleChapo__List_Item flex\">L&rsquo;\u00e9lection l\u00e9gislative partielle a lieu ce dimanche.<\/li>\n<li class=\"jsx-862013697 ArticleChapo__List_Item flex\">D\u00e9barrass\u00e9 de Rachida Dati, l&rsquo;ancien Premier ministre part favori face \u00e0 la socialiste Fr\u00e9d\u00e9rique Bredin.<\/li>\n<\/ul>\n<p data-module=\"article-paragraph\" class=\"jsx-3046738180 Paragraph Paragraph__End\">Dans cette circonscription hupp\u00e9e, \u00e0 cheval sur les 5\u1d49, 6\u1d49 et 7\u1d49 arrondissements de Paris, l&rsquo;\u00e9lection du d\u00e9put\u00e9 macroniste Jean Laussucq <a href=\"https:\/\/www.tf1info.fr\/politique\/epr-vojetta-laussucq-bareges-trois-deputes-declares-ineligibles-et-contraints-de-demissionner-2382343.html\" target=\"_blank\" rel=\"noopener\">avait \u00e9t\u00e9 invalid\u00e9e en juillet par le Conseil constitutionnel <\/a>pour irr\u00e9gularit\u00e9s dans ses comptes de campagne. Ce dimanche 21 septembre, les \u00e9lecteurs sont appel\u00e9s \u00e0 \u00e9lire son successeur, et ce premier tour opposera l&rsquo;ex-Premier ministre \u00e9ph\u00e9m\u00e8re Michel Barnier \u00e0 la socialiste Fr\u00e9d\u00e9rique Bredin.<\/p>\n<p data-module=\"article-paragraph\" class=\"jsx-3046738180 Paragraph\">Le candidat LR fait bien s\u00fbr figure de favori dans ce territoire acquis \u00e0 la droite. Surtout qu&rsquo;il est d\u00e9barrass\u00e9 de la ministre d\u00e9missionnaire de la Culture et maire du 7\u1d49 arrondissement de Paris Rachida Dati. La campagne de Michel Barnier avait mal d\u00e9but\u00e9 lorsque cette derni\u00e8re avait menac\u00e9 de se pr\u00e9senter face \u00e0 lui, le soup\u00e7onnant de servir de \u00ab\u00a0plan B\u00a0\u00bb pour les municipales au cas o\u00f9 sa course \u00e0 l&rsquo;H\u00f4tel de ville serait entrav\u00e9e par son agenda judiciaire. Elle avait finalement <a href=\"https:\/\/www.tf1info.fr\/politique\/legislative-partielle-a-paris-candidate-aux-municipales-rachida-dati-renonce-a-se-presenter-face-a-michel-barnier-2391135.html\" target=\"_blank\" rel=\"noopener\">renonc\u00e9 apr\u00e8s avoir obtenu du patron des LR Bruno Retailleau<\/a> l&rsquo;investiture des R\u00e9publicains pour la mairie de Paris, \u00e9vitant un duel fratricide.<\/p>\n<p data-module=\"article-paragraph\" class=\"jsx-3046738180 Paragraph Paragraph__End\">Le Savoyard, qui vit \u00e0 Paris depuis plus de dix ans et nourrit quelque ambition pr\u00e9sidentielle, s&rsquo;est r\u00e9joui de \u00ab\u00a0remonter sur le pont, pour pouvoir dire &lsquo;je suis \u00e9lu&rsquo;, et ne plus seulement \u00eatre pr\u00e9sent\u00e9 comme l&rsquo;ancien Premier ministre\u00a0\u00bb d&rsquo;Emmanuel Macron renvers\u00e9 en d\u00e9cembre au bout de seulement trois mois \u00e0 Matignon.<\/p>\n<p>17 candidats en lice<\/p>\n<p data-module=\"article-paragraph\" class=\"jsx-3046738180 Paragraph\">Parmi les 17 candidats en lice, Michel Barnier affrontera principalement la socialiste Fr\u00e9d\u00e9rique Bredin, 68 ans, une ancienne ministre de Fran\u00e7ois Mitterrand, seule candidate de gauche dans ce secteur r\u00e9put\u00e9 imperdable pour la droite. Devant ses soutiens, elle s&rsquo;est dite \u00ab\u00a0parfaitement consciente de la difficult\u00e9 de l&rsquo;exercice\u00a0\u00bb dans l&rsquo;ex-circonscription de Fran\u00e7ois Fillon. Qui plus est dans des d\u00e9lais \u00ab\u00a0scandaleusement courts\u00a0\u00bb pour mener campagne, d\u00e9plore la candidate qui a demand\u00e9 en vain le report du scrutin.<\/p>\n<p data-module=\"article-paragraph\" class=\"jsx-3046738180 Paragraph Paragraph__End\">L&rsquo;ancienne maire de F\u00e9camp, qui a grandi dans le 6e arrondissement, esp\u00e8re malgr\u00e9 tout mettre Michel Barnier en ballottage au second tour (le 28 septembre) au regard des r\u00e9sultats des l\u00e9gislatives de 2024 : la socialiste Marine Rosset, sa suppl\u00e9ante, avait alors cr\u00e9\u00e9 la surprise en arrivant en t\u00eate du premier tour, sous la banni\u00e8re du NFP. Unie \u00e0 nouveau pour ce scrutin, la gauche pense que les \u00ab\u00a0man\u0153uvres\u00a0\u00bb du camp adverse repousseront une partie de l&rsquo;\u00e9lectorat du centre droit.<\/p>\n<p><a href=\"https:\/\/www.tf1info.fr\/politique\/michel-barnier-fait-taire-les-rumeurs-et-assure-n-avoir-aucune-ambition-municipale-a-paris-en-2026-2383828.html\" rel=\"noopener\" class=\"jsx-3308031228 Link flex\" target=\"_blank\"><img decoding=\"async\" src=\"https:\/\/www.europesays.com\/fr\/wp-content\/uploads\/2025\/08\/michel-barnier-novembre-2024-6da3d4-0@1x.jpeg\" alt=\"AFP\" loading=\"lazy\" importance=\"low\" fetchpriority=\"low\" class=\"\" aria-hidden=\"true\"\/><\/p>\n<p class=\"jsx-3657663356 ReadMoreArticle__Title\">Lire aussi<\/p>\n<p class=\"jsx-3657663356\">Michel Barnier fait taire les rumeurs et assure n&rsquo;avoir \u00ab\u00a0aucune ambition municipale\u00a0\u00bb \u00e0 Paris en 2026<\/p>\n<p><\/a><\/p>\n<p data-module=\"article-paragraph\" class=\"jsx-3046738180 Paragraph Paragraph__End\">L&rsquo;enjeu pour le candidat LR est aussi de f\u00e9d\u00e9rer la droite dans la circonscription parisienne, o\u00f9 le RN a investi Thierry Mariani, et Reconqu\u00eate Hilaire Bouy\u00e9, pr\u00e9sident du mouvement de jeunesse du parti d&rsquo;Eric Zemmour.<\/p>\n<p>J.F. avec AFP<\/p>\n","protected":false},"excerpt":{"rendered":"Michel Barnier est candidat \u00e0 la d\u00e9putation dans la 2\u1d49 circonscription de Paris. L&rsquo;\u00e9lection l\u00e9gislative partielle a lieu&hellip;\n","protected":false},"author":2,"featured_media":406299,"comment_status":"","ping_status":"","sticky":false,"template":"","format":"standard","meta":{"footnotes":""},"categories":[1888],"tags":[1111,1928,11,1927,1921,416,1777,674,1011,27,1922,6319,27636,12,1926,626,1925,417,25,133,4530],"class_list":{"0":"post-406298","1":"post","2":"type-post","3":"status-publish","4":"format-standard","5":"has-post-thumbnail","7":"category-paris","8":"tag-actu","9":"tag-actu-paris","10":"tag-actualites","11":"tag-actualites-paris","12":"tag-article-video","13":"tag-assemblee-nationale","14":"tag-eu","15":"tag-europe","16":"tag-fr","17":"tag-france","18":"tag-info","19":"tag-les-republicains","20":"tag-michel-barnier","21":"tag-news","22":"tag-news-paris","23":"tag-paris","24":"tag-paris-news","25":"tag-rachida-dati","26":"tag-republique-francaise","27":"tag-video","28":"tag-video-politique"},"share_on_mastodon":{"url":"https:\/\/pubeurope.com\/@fr\/115240210627473922","error":""},"_links":{"self":[{"href":"https:\/\/www.europesays.com\/fr\/wp-json\/wp\/v2\/posts\/406298","targetHints":{"allow":["GET"]}}],"collection":[{"href":"https:\/\/www.europesays.com\/fr\/wp-json\/wp\/v2\/posts"}],"about":[{"href":"https:\/\/www.europesays.com\/fr\/wp-json\/wp\/v2\/types\/post"}],"author":[{"embeddable":true,"href":"https:\/\/www.europesays.com\/fr\/wp-json\/wp\/v2\/users\/2"}],"replies":[{"embeddable":true,"href":"https:\/\/www.europesays.com\/fr\/wp-json\/wp\/v2\/comments?post=406298"}],"version-history":[{"count":0,"href":"https:\/\/www.europesays.com\/fr\/wp-json\/wp\/v2\/posts\/406298\/revisions"}],"wp:featuredmedia":[{"embeddable":true,"href":"https:\/\/www.europesays.com\/fr\/wp-json\/wp\/v2\/media\/406299"}],"wp:attachment":[{"href":"https:\/\/www.europesays.com\/fr\/wp-json\/wp\/v2\/media?parent=406298"}],"wp:term":[{"taxonomy":"category","embeddable":true,"href":"https:\/\/www.europesays.com\/fr\/wp-json\/wp\/v2\/categories?post=406298"},{"taxonomy":"post_tag","embeddable":true,"href":"https:\/\/www.europesays.com\/fr\/wp-json\/wp\/v2\/tags?post=406298"}],"curies":[{"name":"wp","href":"https:\/\/api.w.org\/{rel}","templated":true}]}}