{"id":406305,"date":"2025-09-21T03:43:12","date_gmt":"2025-09-21T03:43:12","guid":{"rendered":"https:\/\/www.europesays.com\/fr\/406305\/"},"modified":"2025-09-21T03:43:12","modified_gmt":"2025-09-21T03:43:12","slug":"echange-de-prisonniers-kyiv-recoit-1000-corps-que-la-russie-dit-etre-des-soldats-ukrainiens-tombes","status":"publish","type":"post","link":"https:\/\/www.europesays.com\/fr\/406305\/","title":{"rendered":"\u00c9change de prisonniers : Kyiv re\u00e7oit 1000 corps que la Russie dit \u00eatre des soldats ukrainiens tomb\u00e9s"},"content":{"rendered":"<p>          <img decoding=\"async\" class=\"c-ad__placeholder__logo\" src=\"https:\/\/static.euronews.com\/website\/images\/logos\/logo-euronews-stacked-outlined-72x72-grey-9.svg\" width=\"72\" height=\"72\" alt=\"\" loading=\"lazy\"\/><br \/>\n          PUBLICIT\u00c9<\/p>\n<p>L&rsquo;Ukraine a re\u00e7u les corps de ce que la Russie a d\u00e9clar\u00e9 \u00eatre 1 000 soldats tomb\u00e9s au combat jeudi, a indiqu\u00e9 un responsable gouvernemental, dans un <strong>rare moment de coop\u00e9ration entre les deux pays<\/strong> alors que les pourparlers de paix restent au point mort.<\/p>\n<p>Le Quartier g\u00e9n\u00e9ral de coordination de l&rsquo;Ukraine pour le traitement des prisonniers de guerre a d\u00e9clar\u00e9 que les responsables allaient maintenant \u00ab\u00a0effectuer tous les examens n\u00e9cessaires pour identifier les corps rapatri\u00e9s\u00a0\u00bb, ajoutant que  cette identification aurait lieu \u00ab\u00a0d\u00e8s que possible\u00a0\u00bb.<\/p>\n<p>Cette op\u00e9ration fait suite \u00e0 plusieurs \u00e9changes de prisonniers entre l&rsquo;Ukraine et la Russie. Le plus r\u00e9cent, en ao\u00fbt, a vu les deux pays transf\u00e9rer <a href=\"https:\/\/fr.euronews.com\/my-europe\/2025\/06\/27\/guerre-en-ukraine-nouvel-echange-de-soldats-prisonniers\" rel=\"nofollow noopener\" target=\"_blank\"><strong>chacun 146 prisonniers de guerre.<\/strong><\/a><\/p>\n<p>Les \u00e9changes de prisonniers et les accords pour le retour des soldats tomb\u00e9s sont <strong>deux des rares r\u00e9sultats concrets des trois s\u00e9ries de pourparlers d&rsquo;Istanbul<\/strong> entre la Russie et l&rsquo;Ukraine, tenus de mai \u00e0 juillet.<\/p>\n<p>Les n\u00e9gociations, qui visaient \u00e0 atteindre au moins un cessez-le-feu temporaire dans l&rsquo;invasion \u00e0 grande \u00e9chelle de l&rsquo;Ukraine par la Russie, sont au point mort.<\/p>\n<p>Moscou a attaqu\u00e9 l&rsquo;Ukraine \u00e0 plusieurs reprises, y compris lors de certaines des <a href=\"https:\/\/fr.euronews.com\/my-europe\/2025\/07\/09\/attaque-massive-de-drones-russes-cette-nuit-sur-lukraine\" rel=\"nofollow noopener\" target=\"_blank\"><strong>plus grandes frappes<\/strong><\/a> depuis le d\u00e9but de sa guerre totale en d\u00e9but 2022, malgr\u00e9 sa participation \u00e0 des discussions visant \u00e0 trouver un accord pour y mettre fin.<\/p>\n<p>Le dernier rapatriement a \u00e9t\u00e9 r\u00e9alis\u00e9 dans le cadre d&rsquo;un effort conjoint entre les forces arm\u00e9es, les services de s\u00e9curit\u00e9 de l&rsquo;Ukraine, le minist\u00e8re de l&rsquo;Int\u00e9rieur et avec le soutien de la Croix-Rouge, a d\u00e9clar\u00e9 le centre de coordination ukrainien.<\/p>\n<p>L&rsquo;Ukraine a d\u00e9j\u00e0 d\u00e9clar\u00e9 que la Russie <strong>avait remis les corps de ses propres soldats, affirmant qu&rsquo;ils \u00e9taient ukrainiens<\/strong>.<\/p>\n<p>Les m\u00e9dias nationaux, citant des responsables, ont rapport\u00e9 en juin que trois soldats rendus \u00e0 l&rsquo;Ukraine dans le cadre d&rsquo;un \u00e9change de soldats tomb\u00e9s \u00e9taient en r\u00e9alit\u00e9 russes, dans une tentative de Moscou de <strong>dissimuler l&rsquo;ampleur r\u00e9elle de ses pertes sur le champ de bataille<\/strong>.<\/p>\n<p>Malgr\u00e9 cette rare instance de coop\u00e9ration jeudi, <strong>les pourparlers entre la Russie et l&rsquo;Ukraine restent bloqu\u00e9s,<\/strong> les ultimatums et les d\u00e9lais du pr\u00e9sident am\u00e9ricain Donald Trump pour que le Kremlin accepte la paix \u00e9tant pass\u00e9s sans cons\u00e9quence.<\/p>\n<p>Les attaques russes de jeudi ont <strong>tu\u00e9 au moins cinq personnes dans la ville de Kostiantynivka<\/strong>, dans la r\u00e9gion de Donetsk, ont indiqu\u00e9 des responsables, apr\u00e8s que Moscou a utilis\u00e9 une bombe FAB-250 sur une zone r\u00e9sidentielle.<\/p>\n<p>Le pr\u00e9sident ukrainien Volodymyr Zelensky a appel\u00e9 \u00e0 un syst\u00e8me de d\u00e9fense a\u00e9rienne europ\u00e9en \u00e0 plusieurs niveaux face \u00e0 l&rsquo;agression continue de la Russie.<\/p>\n<p>Sources additionnelles<strong> \u2022 AP<\/strong><\/p>\n","protected":false},"excerpt":{"rendered":"PUBLICIT\u00c9 L&rsquo;Ukraine a re\u00e7u les corps de ce que la Russie a d\u00e9clar\u00e9 \u00eatre 1 000 soldats tomb\u00e9s&hellip;\n","protected":false},"author":2,"featured_media":406306,"comment_status":"","ping_status":"","sticky":false,"template":"","format":"standard","meta":{"footnotes":""},"categories":[1590],"tags":[11,221,1777,674,131,2025,4998,12,220],"class_list":{"0":"post-406305","1":"post","2":"type-post","3":"status-publish","4":"format-standard","5":"has-post-thumbnail","7":"category-ukraine","8":"tag-actualites","9":"tag-cessez-le-feu","10":"tag-eu","11":"tag-europe","12":"tag-guerre-en-ukraine","13":"tag-invasion-de-la-russie-en-ukraine","14":"tag-kremlin","15":"tag-news","16":"tag-ukraine"},"share_on_mastodon":{"url":"https:\/\/pubeurope.com\/@fr\/115240226541679119","error":""},"_links":{"self":[{"href":"https:\/\/www.europesays.com\/fr\/wp-json\/wp\/v2\/posts\/406305","targetHints":{"allow":["GET"]}}],"collection":[{"href":"https:\/\/www.europesays.com\/fr\/wp-json\/wp\/v2\/posts"}],"about":[{"href":"https:\/\/www.europesays.com\/fr\/wp-json\/wp\/v2\/types\/post"}],"author":[{"embeddable":true,"href":"https:\/\/www.europesays.com\/fr\/wp-json\/wp\/v2\/users\/2"}],"replies":[{"embeddable":true,"href":"https:\/\/www.europesays.com\/fr\/wp-json\/wp\/v2\/comments?post=406305"}],"version-history":[{"count":0,"href":"https:\/\/www.europesays.com\/fr\/wp-json\/wp\/v2\/posts\/406305\/revisions"}],"wp:featuredmedia":[{"embeddable":true,"href":"https:\/\/www.europesays.com\/fr\/wp-json\/wp\/v2\/media\/406306"}],"wp:attachment":[{"href":"https:\/\/www.europesays.com\/fr\/wp-json\/wp\/v2\/media?parent=406305"}],"wp:term":[{"taxonomy":"category","embeddable":true,"href":"https:\/\/www.europesays.com\/fr\/wp-json\/wp\/v2\/categories?post=406305"},{"taxonomy":"post_tag","embeddable":true,"href":"https:\/\/www.europesays.com\/fr\/wp-json\/wp\/v2\/tags?post=406305"}],"curies":[{"name":"wp","href":"https:\/\/api.w.org\/{rel}","templated":true}]}}