{"id":406321,"date":"2025-09-21T03:51:10","date_gmt":"2025-09-21T03:51:10","guid":{"rendered":"https:\/\/www.europesays.com\/fr\/406321\/"},"modified":"2025-09-21T03:51:10","modified_gmt":"2025-09-21T03:51:10","slug":"marine-le-pen-exige-le-depart-de-delphine-ernotte-pour-ses-propos-contre-cnews","status":"publish","type":"post","link":"https:\/\/www.europesays.com\/fr\/406321\/","title":{"rendered":"Marine Le\u00a0Pen exige le d\u00e9part de Delphine Ernotte pour ses propos contre CNews"},"content":{"rendered":"<p><a href=\"https:\/\/www.20minutes.fr\/politique\/marine-le-pen\/\" target=\"_blank\" class=\"c-link c-link--is-underlined\" rel=\"noopener\">Marine Le\u00a0Pen<\/a> lance son courroux contre la patronne de <a href=\"https:\/\/www.20minutes.fr\/television\/france_televisions\/\" target=\"_blank\" class=\"c-link c-link--is-underlined\" rel=\"noopener\">France T\u00e9l\u00e9visions<\/a>. La pr\u00e9sidente des d\u00e9put\u00e9s du Rassemblement national exige en effet le d\u00e9part de Delphine Ernotte de son poste \u00e0 la suite des propos de celle-ci \u00e0 l\u2019encontre de CNews.<\/p>\n<p>\u00ab\u00a0C\u2019est un secret de Polichinelle que Mme <a href=\"https:\/\/www.20minutes.fr\/dossier\/delphine-ernotte-cunci\" target=\"_blank\" class=\"c-link c-link--is-underlined\" rel=\"noopener\">Ernotte<\/a> est une militante tr\u00e8s marqu\u00e9e \u00e0 gauche. Mais l\u00e0, elle franchit un cap suppl\u00e9mentaire\u00a0\u00bb, accuse Marine Le\u00a0Pen dans une interview au Journal du Dimanche, m\u00e9dia dans le giron du milliardaire conservateur <a href=\"https:\/\/www.20minutes.fr\/dossier\/vincent_bollore\" target=\"_blank\" class=\"c-link c-link--is-underlined\" rel=\"noopener\">Vincent Bollor\u00e9<\/a>, \u00e0 l\u2019instar de CNews.<\/p>\n<p>Guerre entre la galaxie Bollor\u00e9 et l\u2019audiovisuel public<\/p>\n<p>En qualifiant CNews de \u00ab\u00a0cha\u00eene d\u2019extr\u00eame droite\u00a0\u00bb dans un entretien au Monde cette semaine, Delphine Ernotte \u00ab\u00a0n\u2019est absolument pas dans son r\u00f4le\u00a0\u00bb, d\u00e9nonce encore Marine Le\u00a0Pen. \u00ab\u00a0Ce type de sortie devrait conduire \u00e0 son d\u00e9part. Parce qu\u2019il ne revient pas \u00e0 la pr\u00e9sidente de France T\u00e9l\u00e9visions de distribuer des brevets d\u2019honorabilit\u00e9 aux cha\u00eenes priv\u00e9es\u00a0\u00bb, insiste-t-elle.<\/p>\n<\/p>\n<p>La guerre fait actuellement rage entre les m\u00e9dias de la galaxie Vincent Bollor\u00e9 et l\u2019audiovisuel public, dans le sillage de l\u2019affaire Legrand-Cohen, deux journalistes du service public accus\u00e9s de connivence avec le parti socialiste. Les m\u00e9dias de la galaxie Bollor\u00e9 accusent ceux de Radio France et France T\u00e9l\u00e9visions de partialit\u00e9 en faveur de la gauche, et ceux-ci r\u00e9pliquent en faisant appel \u00e0 l\u2019<a href=\"https:\/\/www.20minutes.fr\/dossier\/csa\" target=\"_blank\" class=\"c-link c-link--is-underlined\" rel=\"noopener\">Arcom<\/a>, le r\u00e9gulateur de l\u2019audiovisuel, ainsi qu\u2019aux pouvoirs publics. Dans ce contexte, Delphine Ernotte a ajout\u00e9 une pi\u00e8ce dans la machine en lan\u00e7ant\u00a0: \u00ab\u00a0il faut admettre que CNews est un m\u00e9dia d\u2019opinion. Qu\u2019ils assument d\u2019\u00eatre une cha\u00eene d\u2019extr\u00eame droite\u00a0!\u00a0\u00bb.<\/p>\n<p><a href=\"https:\/\/www.20minutes.fr\/politique\/\" target=\"_blank\" class=\"c-link c-btn c-btn--primary\" rel=\"noopener\">Notre dossier Politique<\/a><\/p>\n<p>Pour Marine Le\u00a0Pen, ces affaires sont un signe qu&rsquo;\u00ab\u00a0il faut privatiser l\u2019audiovisuel public\u00a0\u00bb. \u00ab\u00a0La neutralit\u00e9 est exig\u00e9e du service public, pas des cha\u00eenes priv\u00e9es. Qu\u2019il existe des m\u00e9dias d\u2019opinion ne me choque pas. Mais un service public financ\u00e9 par les Fran\u00e7ais doit \u00eatre irr\u00e9prochablement neutre, et il ne l\u2019est pas\u00a0\u00bb, fait-elle valoir en martelant qu\u2019une \u00ab\u00a0grande d\u00e9mocratie comme la France n\u2019a aucune raison de d\u00e9penser 4\u00a0milliards par an pour un mastodonte m\u00e9diatique partisan\u00a0\u00bb.<\/p>\n","protected":false},"excerpt":{"rendered":"Marine Le\u00a0Pen lance son courroux contre la patronne de France T\u00e9l\u00e9visions. La pr\u00e9sidente des d\u00e9put\u00e9s du Rassemblement national&hellip;\n","protected":false},"author":2,"featured_media":406322,"comment_status":"","ping_status":"","sticky":false,"template":"","format":"standard","meta":{"footnotes":""},"categories":[4],"tags":[47,11,46891,9722,11255,1076,1011,27,2400,430,500,12,316,25,133,1022],"class_list":{"0":"post-406321","1":"post","2":"type-post","3":"status-publish","4":"format-standard","5":"has-post-thumbnail","7":"category-france","8":"tag-actualite","9":"tag-actualites","10":"tag-arcom-ex-csa","11":"tag-cnews","12":"tag-delphine-ernotte","13":"tag-extreme-droite","14":"tag-fr","15":"tag-france","16":"tag-france-televisions","17":"tag-marine-le-pen","18":"tag-medias","19":"tag-news","20":"tag-politique","21":"tag-republique-francaise","22":"tag-video","23":"tag-vincent-bollore"},"share_on_mastodon":{"url":"https:\/\/pubeurope.com\/@fr\/115240258195526507","error":""},"_links":{"self":[{"href":"https:\/\/www.europesays.com\/fr\/wp-json\/wp\/v2\/posts\/406321","targetHints":{"allow":["GET"]}}],"collection":[{"href":"https:\/\/www.europesays.com\/fr\/wp-json\/wp\/v2\/posts"}],"about":[{"href":"https:\/\/www.europesays.com\/fr\/wp-json\/wp\/v2\/types\/post"}],"author":[{"embeddable":true,"href":"https:\/\/www.europesays.com\/fr\/wp-json\/wp\/v2\/users\/2"}],"replies":[{"embeddable":true,"href":"https:\/\/www.europesays.com\/fr\/wp-json\/wp\/v2\/comments?post=406321"}],"version-history":[{"count":0,"href":"https:\/\/www.europesays.com\/fr\/wp-json\/wp\/v2\/posts\/406321\/revisions"}],"wp:featuredmedia":[{"embeddable":true,"href":"https:\/\/www.europesays.com\/fr\/wp-json\/wp\/v2\/media\/406322"}],"wp:attachment":[{"href":"https:\/\/www.europesays.com\/fr\/wp-json\/wp\/v2\/media?parent=406321"}],"wp:term":[{"taxonomy":"category","embeddable":true,"href":"https:\/\/www.europesays.com\/fr\/wp-json\/wp\/v2\/categories?post=406321"},{"taxonomy":"post_tag","embeddable":true,"href":"https:\/\/www.europesays.com\/fr\/wp-json\/wp\/v2\/tags?post=406321"}],"curies":[{"name":"wp","href":"https:\/\/api.w.org\/{rel}","templated":true}]}}