{"id":406327,"date":"2025-09-21T03:58:11","date_gmt":"2025-09-21T03:58:11","guid":{"rendered":"https:\/\/www.europesays.com\/fr\/406327\/"},"modified":"2025-09-21T03:58:11","modified_gmt":"2025-09-21T03:58:11","slug":"formule-1-le-francais-esteban-ocon-disqualifie-du-grand-prix-dazerbaidjan-ouest-france","status":"publish","type":"post","link":"https:\/\/www.europesays.com\/fr\/406327\/","title":{"rendered":"Formule 1. Le Fran\u00e7ais Esteban Ocon disqualifi\u00e9 du Grand Prix d&#039;Azerba\u00efdjan &#8211; Ouest-France"},"content":{"rendered":"<ol>\n<li><a href=\"https:\/\/news.google.com\/rss\/articles\/CBMi-wFBVV95cUxQWW01enJ3cGRPYnduZXVqRG9KMUkzYUpyUkdSWEVqcmlzZTRDdVFWVGFrVnhRWHRuQndpTHFhVHFGakNLOXpuaV9iSUpFWUxRNFpqVGdjLW1mWHZSQ3k4dC1uZ3Y4M1BsOGtmQXc1WmVQNC1qcnZ4a3Z5TFRsMExoQTh4QW5tRXc1bzRsdFJVc01kSHpYQ1dYdkdKZURFdlVvUTA2MFF3MnF5OW94NkQyTGE5TVBJWWstMnZMbnYzNGlOcGpHaEtDRmlMb3RMcXpiVVdNaDRlcUNuem1yZE1BUmMyUXEtVmVSRTA5ZGE5aE9tR3p4eTFObG5Paw?oc=5\" target=\"_blank\" rel=\"noopener\">Formule 1. Le Fran\u00e7ais Esteban Ocon disqualifi\u00e9 du Grand Prix d&rsquo;Azerba\u00efdjan<\/a>&nbsp;&nbsp;Ouest-France<\/li>\n<li><a href=\"https:\/\/news.google.com\/rss\/articles\/CBMi_wFBVV95cUxPU3JEMFBqdmJVVkZFdENRTjNmS1NmTm01dEhqNDNKX3ZERGQ1bmhRbkJZR1Y2b2ZoTGJxWE9PcUk4T0xUbzdycEVPVzk5cEY0endqWVk1dkdHRl9pLWFRUGZWeEZiR3dwc09MNlJfSUlaejVNc3d0MUFPVGxlamhlNk53WklIak1VSEZwMXcyM09DaEpyc2dYOXBwMS1wRS1NMmczSjhxNkk2SXBHWk1sSVduN3dndktzcmg5VXBRSVExYm1sMFdIQW5PTTl5LW1rS2dIQzdpaTRlWVZqVFZoRWpBVjRTSzNYNmdyRDlyMEZxaEMzNHJIZnZXUzQ3a0k?oc=5\" target=\"_blank\" rel=\"noopener\">Qualifications du Grand Prix d&rsquo;Azerba\u00efdjan : Esteban Ocon disqualifi\u00e9 en raison d&rsquo;un d\u00e9faut de conformit\u00e9 sur sa voiture<\/a>&nbsp;&nbsp;L&rsquo;\u00c9quipe<\/li>\n<li><a href=\"https:\/\/news.google.com\/rss\/articles\/CBMi1gFBVV95cUxQc0dwbmRGZXA3OG5vNl8xRHAtdmpieExtN0ZGbkYzUExzRXFYZ0NuUHJMYW5UWTdPTnk1d0c4enVRN2JqbXpHZXRobVQ1UVY4bTFnR0lSU1FFbGZJWjhySW40SkQ3RTVMOGQ0X1gtcnJMZW90WU5Kbmc4eXNoNUoxUUFSWXdyeEdsNmprdDN2TkV6RUVkLUUzT19rTXFPWWh3d1pabV9tM2VVbGFKMThKWUpQMXpGbWpIRDhFbjBuOS1aTzk4dHYwckJkQVJfMk9jUmpKNGx3?oc=5\" target=\"_blank\" rel=\"noopener\">Ocon partira de la voie des stands<\/a>&nbsp;&nbsp;Eurosport<\/li>\n<li><a href=\"https:\/\/news.google.com\/rss\/articles\/CBMijAFBVV95cUxNeGFXaWdhaUpYX3dkWDlZRXFoaVp2RWxDWTVIakdiTU1pZTFvNHAyb21hdmtqd1hRVTlrZEI2Z3U2VUFHZVZwbUpNalZSWW54Rndld1R4dktFMDRKQk1QZkdMU3BMdVFudk9LVEhlN1JRV2h6MlZJbkJiR1hGV2hzTnZTM2lXSnk4NlY0Qg?oc=5\" target=\"_blank\" rel=\"noopener\">Esteban Ocon disqualifi\u00e9 \u00e0 Bakou<\/a>&nbsp;&nbsp;Motorsport.com<\/li>\n<li><a href=\"https:\/\/news.google.com\/rss\/articles\/CBMiggFBVV95cUxPc0syNGJoNnF4ODRsb1BwejNiQmlZV3BkZnlCRy0xdVFkd1Vud0VCMEg0VUItLUVNbFpTSmdUVi1ZcjJ2MXR0aVFIaUVEclVLY0Utd09rbWpNOUpZVVl3TG1aNGFKaDQwTlFYMGI0YXEwY0JMTE9FNzVGMFAxblhIVjBn?oc=5\" target=\"_blank\" rel=\"noopener\">\u00c9limin\u00e9 en Q1, Esteban Ocon regrette \u00ab une journ\u00e9e g\u00e2ch\u00e9e \u00bb<\/a>&nbsp;&nbsp;AutoHebdo<\/li>\n<\/ol>\n","protected":false},"excerpt":{"rendered":"Formule 1. Le Fran\u00e7ais Esteban Ocon disqualifi\u00e9 du Grand Prix d&rsquo;Azerba\u00efdjan&nbsp;&nbsp;Ouest-France Qualifications du Grand Prix d&rsquo;Azerba\u00efdjan : Esteban&hellip;\n","protected":false},"author":2,"featured_media":395849,"comment_status":"","ping_status":"","sticky":false,"template":"","format":"standard","meta":{"footnotes":""},"categories":[1412],"tags":[1451,1452,1453,1454,1455,1011,27,60],"class_list":{"0":"post-406327","1":"post","2":"type-post","3":"status-publish","4":"format-standard","5":"has-post-thumbnail","7":"category-f1","8":"tag-f1","9":"tag-formula-1","10":"tag-formula1","11":"tag-formule-1","12":"tag-formule1","13":"tag-fr","14":"tag-france","15":"tag-sports"},"share_on_mastodon":{"url":"https:\/\/pubeurope.com\/@fr\/115240285198809544","error":""},"_links":{"self":[{"href":"https:\/\/www.europesays.com\/fr\/wp-json\/wp\/v2\/posts\/406327","targetHints":{"allow":["GET"]}}],"collection":[{"href":"https:\/\/www.europesays.com\/fr\/wp-json\/wp\/v2\/posts"}],"about":[{"href":"https:\/\/www.europesays.com\/fr\/wp-json\/wp\/v2\/types\/post"}],"author":[{"embeddable":true,"href":"https:\/\/www.europesays.com\/fr\/wp-json\/wp\/v2\/users\/2"}],"replies":[{"embeddable":true,"href":"https:\/\/www.europesays.com\/fr\/wp-json\/wp\/v2\/comments?post=406327"}],"version-history":[{"count":0,"href":"https:\/\/www.europesays.com\/fr\/wp-json\/wp\/v2\/posts\/406327\/revisions"}],"wp:featuredmedia":[{"embeddable":true,"href":"https:\/\/www.europesays.com\/fr\/wp-json\/wp\/v2\/media\/395849"}],"wp:attachment":[{"href":"https:\/\/www.europesays.com\/fr\/wp-json\/wp\/v2\/media?parent=406327"}],"wp:term":[{"taxonomy":"category","embeddable":true,"href":"https:\/\/www.europesays.com\/fr\/wp-json\/wp\/v2\/categories?post=406327"},{"taxonomy":"post_tag","embeddable":true,"href":"https:\/\/www.europesays.com\/fr\/wp-json\/wp\/v2\/tags?post=406327"}],"curies":[{"name":"wp","href":"https:\/\/api.w.org\/{rel}","templated":true}]}}