{"id":406347,"date":"2025-09-21T04:10:11","date_gmt":"2025-09-21T04:10:11","guid":{"rendered":"https:\/\/www.europesays.com\/fr\/406347\/"},"modified":"2025-09-21T04:10:11","modified_gmt":"2025-09-21T04:10:11","slug":"valerie-lemercier-evoque-son-compagnon-dans-les-rencontres-du-papotin","status":"publish","type":"post","link":"https:\/\/www.europesays.com\/fr\/406347\/","title":{"rendered":"Val\u00e9rie Lemercier \u00e9voque son compagnon dans \u00abLes rencontres du Papotin\u00bb"},"content":{"rendered":"<p>    Val\u00e9rie Lemercier dans \u00abLes Rencontres du Papotin\u00bb<br \/>\n                Leo Kekemenis \/ Leo Kekemenis &#8211; France T\u00e9l\u00e9visions<\/p>\n<p>L\u2019humoriste s\u2019est livr\u00e9e sur sa vie priv\u00e9e face aux questions inattendues des journalistes de l\u2019\u00e9mission de France 2.<\/p>\n<p class=\"fig-paragraph\">\u00abOn peut tout dire au Papotin\u00bb, telle est la devise du programme de France 2 qui entame ce samedi 20 septembre sa quatri\u00e8me saison. \u00c0 chaque num\u00e9ro, une personnalit\u00e9 se confronte aux questions sans filtre des journalistes porteurs de troubles autistiques. Dans cet in\u00e9dit, c\u2019est\u00a0<a href=\"http:\/\/tvmag.lefigaro.fr\/programme-tv\/actu-tele\/en-fait-je-suis-constipee-depuis-5-mois-valerie-lemercier-de-nouveau-dechainee-dans-quotidien-20250908\" target=\"_blank\" data-fig-type=\"Article\" rel=\"noopener\" data-gtm-custom-categorie=\"navigation\" data-gtm-custom-action=\"crossclick\" data-gtm-custom-label=\"Contextuel\" data-gtm-event=\"customEventSPE\" data-fig-domain=\"TVMAG\"><strong>Val\u00e9rie Lemercier<\/strong><\/a> \u00a0qui se pr\u00eate \u00e0 l\u2019exercice. Et d\u00e8s les premi\u00e8res minutes de l\u2019interview, c\u2019est de sa vie amoureuse dont il est question.<\/p>\n<p class=\"fig-paragraph\">\u00abJ\u2019ai un fianc\u00e9\u00bb, affirme l\u2019humoriste, qui est aussi r\u00e9alisatrice. \u00abC\u2019est un gar\u00e7on et je peux dire qu\u2019il est plus jeune que moi\u00bb, ajoute-t-elle ce soir dans\u00a0<a href=\"http:\/\/tvmag.lefigaro.fr\/programme-tv\/people\/vous-etes-vite-desarme-antoine-dupont-revient-sur-son-passage-dans-les-rencontres-du-papotin-20250730\" target=\"_blank\" data-fig-type=\"Article\" rel=\"noopener\" data-gtm-custom-categorie=\"navigation\" data-gtm-custom-action=\"crossclick\" data-gtm-custom-label=\"Contextuel\" data-gtm-event=\"customEventSPE\" data-fig-domain=\"TVMAG\">\u00abLes rencontres du Papotin\u00bb<\/a>\u00a0avant de pr\u00e9ciser que son cher et tendre \u00aba 37 ans\u00bb.<\/p>\n<p>                                    <a class=\"fig-a11y-skip a11y-hidden\" href=\"#fig-a11y-skip-main-inarticle\"><br \/>\n        Passer la publicit\u00e9<br \/>\n    <\/a><\/p>\n<p>\u00abOn fait tr\u00e8s bien la pur\u00e9e \u00e0 deux\u00bb<\/p>\n<p class=\"fig-paragraph\">Quand Val\u00e9rie Lemercier pr\u00e9cise son \u00e2ge, 61 ans, elle reconna\u00eet face aux remarques de l\u2019assembl\u00e9e\u00a0: \u00abje suis vieille\u00bb. Elle d\u00e9taille ensuite leur quotidien, comme la r\u00e9partition des t\u00e2ches m\u00e9nag\u00e8res. \u00abOn fait tr\u00e8s bien la pur\u00e9e \u00e0 deux\u00bb, s\u2019amuse-t-elle.<\/p>\n<p class=\"fig-body-link\">\n            \u00c0 lire aussi<br \/>\n        <a class=\"fig-body-link__link fig-premium-mark\" href=\"http:\/\/tvmag.lefigaro.fr\/programme-tv\/actu-tele\/les-rencontres-du-papotin-decryptage-d-un-succes-hors-norme-20250403\" target=\"_blank\" data-fig-type=\"Article\" rel=\"noopener\" data-gtm-custom-categorie=\"navigation\" data-gtm-custom-action=\"crossclick\" data-gtm-custom-label=\"Contextuel\" data-gtm-event=\"customEventSPE\" data-fig-domain=\"TVMAG\">\u00abLes rencontres du Papotin\u00bb\u00a0: d\u00e9cryptage d\u2019un succ\u00e8s hors norme<br \/>\n    <\/a>\n<\/p>\n<p class=\"fig-paragraph\">Si elle r\u00e9pond avec enthousiasme aux questions qui peuvent para\u00eetre insolites, Val\u00e9rie Lemercier cultive, malgr\u00e9 tout, son jardin secret. Elle ne d\u00e9voilera qu\u2019un indice suppl\u00e9mentaire sur l\u2019identit\u00e9 de celui qui partage sa vie. L\u2019heureux \u00e9lu travaille sur les plateaux de cin\u00e9ma, aux effets sp\u00e9ciaux. Un moment de sinc\u00e9rit\u00e9 pour celle qui, de son propre aveu, \u00abde mani\u00e8re g\u00e9n\u00e9rale pr\u00e9f\u00e8re faire rire\u00bb.<\/p>\n<p class=\"fig-paragraph\">Comme dans le talk-show \u00abQuotidien\u00bb, o\u00f9 elle a cr\u00e9\u00e9 une farce qui s\u2019est \u00e9tir\u00e9e sur plusieurs mois. En mars dernier, l\u2019humoriste y avait annonc\u00e9\u00a0: \u00abJ\u2019attends mon premier enfant \u00e0 61 ans, sans PMA, sans GPA et sans relation sexuelle\u00bb. Pour\u00a0<a href=\"http:\/\/tvmag.lefigaro.fr\/programme-tv\/actu-tele\/en-fait-je-suis-constipee-depuis-5-mois-valerie-lemercier-de-nouveau-dechainee-dans-quotidien-20250908\" target=\"_blank\" data-fig-type=\"Article\" rel=\"noopener\" data-gtm-custom-categorie=\"navigation\" data-gtm-custom-action=\"crossclick\" data-gtm-custom-label=\"Contextuel\" data-gtm-event=\"customEventSPE\" data-fig-domain=\"TVMAG\">mieux se contredire<\/a>\u00a0il y a quelques jours avec le ton absurde qu\u2019on lui conna\u00eet, alors qu\u2019elle \u00e9tait de nouveau invit\u00e9e par Yann Barth\u00e8s\u00a0: \u00abAlors j\u2019ai v\u00e9rifi\u00e9 et en fait, je suis constip\u00e9e depuis 5 mois.\u00bb<\/p>\n","protected":false},"excerpt":{"rendered":"Val\u00e9rie Lemercier dans \u00abLes Rencontres du Papotin\u00bb Leo Kekemenis \/ Leo Kekemenis &#8211; France T\u00e9l\u00e9visions L\u2019humoriste s\u2019est livr\u00e9e&hellip;\n","protected":false},"author":2,"featured_media":406348,"comment_status":"","ping_status":"","sticky":false,"template":"","format":"standard","meta":{"footnotes":""},"categories":[8],"tags":[58,59,1011,27,4094],"class_list":{"0":"post-406347","1":"post","2":"type-post","3":"status-publish","4":"format-standard","5":"has-post-thumbnail","7":"category-divertissement","8":"tag-divertissement","9":"tag-entertainment","10":"tag-fr","11":"tag-france","12":"tag-valerie-lemercier"},"share_on_mastodon":{"url":"https:\/\/pubeurope.com\/@fr\/115240332392694696","error":""},"_links":{"self":[{"href":"https:\/\/www.europesays.com\/fr\/wp-json\/wp\/v2\/posts\/406347","targetHints":{"allow":["GET"]}}],"collection":[{"href":"https:\/\/www.europesays.com\/fr\/wp-json\/wp\/v2\/posts"}],"about":[{"href":"https:\/\/www.europesays.com\/fr\/wp-json\/wp\/v2\/types\/post"}],"author":[{"embeddable":true,"href":"https:\/\/www.europesays.com\/fr\/wp-json\/wp\/v2\/users\/2"}],"replies":[{"embeddable":true,"href":"https:\/\/www.europesays.com\/fr\/wp-json\/wp\/v2\/comments?post=406347"}],"version-history":[{"count":0,"href":"https:\/\/www.europesays.com\/fr\/wp-json\/wp\/v2\/posts\/406347\/revisions"}],"wp:featuredmedia":[{"embeddable":true,"href":"https:\/\/www.europesays.com\/fr\/wp-json\/wp\/v2\/media\/406348"}],"wp:attachment":[{"href":"https:\/\/www.europesays.com\/fr\/wp-json\/wp\/v2\/media?parent=406347"}],"wp:term":[{"taxonomy":"category","embeddable":true,"href":"https:\/\/www.europesays.com\/fr\/wp-json\/wp\/v2\/categories?post=406347"},{"taxonomy":"post_tag","embeddable":true,"href":"https:\/\/www.europesays.com\/fr\/wp-json\/wp\/v2\/tags?post=406347"}],"curies":[{"name":"wp","href":"https:\/\/api.w.org\/{rel}","templated":true}]}}