{"id":406351,"date":"2025-09-21T04:12:13","date_gmt":"2025-09-21T04:12:13","guid":{"rendered":"https:\/\/www.europesays.com\/fr\/406351\/"},"modified":"2025-09-21T04:12:13","modified_gmt":"2025-09-21T04:12:13","slug":"des-americains-domineront-le-conseil-dadministration-de-tiktok-aux-etats-unis-affirme-la-maison-blanche-actualites","status":"publish","type":"post","link":"https:\/\/www.europesays.com\/fr\/406351\/","title":{"rendered":"Des Am\u00e9ricains domineront le conseil d&rsquo;administration de TikTok aux Etats-Unis, affirme la Maison Blanche : Actualit\u00e9s"},"content":{"rendered":"<p class=\"lead \">Les n\u00e9gociations en cours avec P\u00e9kin pr\u00e9voient que six des sept membres du conseil d&rsquo;administration de l&rsquo;application de vid\u00e9os TikTok aux Etats-Unis soient Am\u00e9ricains, a affirm\u00e9 samedi la Maison Blanche.<\/p>\n<p class=\"lead \">\u00ab\u00a0TikTok sera majoritairement d\u00e9tenue par des Am\u00e9ricains aux Etats-Unis. Il y aura sept membres au conseil d&rsquo;administration, dont six seront Am\u00e9ricains\u00a0\u00bb, a d\u00e9clar\u00e9 la porte-parole de la pr\u00e9sidence Karoline Leavitt \u00e0 la cha\u00eene de t\u00e9l\u00e9vision Fox News.<\/p>\n<p class=\"lead \">Elle a ajout\u00e9 que \u00ab\u00a0les donn\u00e9es et la confidentialit\u00e9 seront supervis\u00e9es par une des meilleures entreprises technologiques am\u00e9ricaines, Oracle, et l&rsquo;algorithme sera aussi contr\u00f4l\u00e9 par les Etats-Unis\u00a0\u00bb. <\/p>\n<p class=\"lead \">Selon Mme Leavitt, \u00ab\u00a0tous ces \u00e9l\u00e9ments font d\u00e9j\u00e0 l&rsquo;objet d&rsquo;un accord\u00a0\u00bb entre les parties, qui ne reste plus qu&rsquo;\u00e0 \u00ab\u00a0\u00eatre finalis\u00e9\u00a0\u00bb. <\/p>\n<p class=\"lead \">\u00ab\u00a0Je pense que cela arrivera dans les prochains jours\u00a0\u00bb, a-t-elle poursuivi.<\/p>\n<p class=\"lead \">\u00ab\u00a0Nous avons de grands patriotes am\u00e9ricains qui vont l&rsquo;acheter, des gens tr\u00e8s importants, des gens qui aiment notre pays, qui sont tr\u00e8s dou\u00e9s en technologie\u00a0\u00bb, a d\u00e9clar\u00e9 de son c\u00f4t\u00e9 le pr\u00e9sident Donald Trump \u00e0 la presse, dans la soir\u00e9e.<\/p>\n<p class=\"lead \">Il avait dit la veille, apr\u00e8s un appel avec son homologue Xi Jinping, que la signature d&rsquo;un accord sur TikTok pouvait d\u00e9sormais \u00eatre une \u00ab\u00a0simple formalit\u00e9\u00a0\u00bb.<\/p>\n<p class=\"lead \">P\u00e9kin n&rsquo;a pas donn\u00e9 d&rsquo;indication en ce sens apr\u00e8s la conversation entre les deux chefs d&rsquo;Etat.<\/p>\n<p class=\"lead \">A propos de TikTok, le dirigeant chinois a simplement appel\u00e9 les Etats-Unis \u00e0 \u00ab\u00a0offrir un environnement des affaires ouvert, \u00e9quitable et non discriminatoire aux entreprises chinoises investissant aux \u00c9tats-Unis.\u00a0\u00bb<\/p>\n<p class=\"lead \">Ces tractations ont lieu alors qu&rsquo;une loi am\u00e9ricaine pr\u00e9voyait d&rsquo;interdire la plateforme aux Etats-Unis, au nom de la s\u00e9curit\u00e9 nationale.<\/p>\n<p class=\"lead \">Mais depuis son retour au pouvoir, Donald Trump a cherch\u00e9 \u00e0 trouver une voie pour la maintenir en place, via la cession des activit\u00e9s de TikTok aux Etats-Unis \u00e0 un consortium d&rsquo;investisseurs am\u00e9ricains, dont son alli\u00e9 Larry Ellison, \u00e0 la t\u00eate d&rsquo;Oracle.<\/p>\n<p class=\"lead \">Donald Trump estime que TikTok l&rsquo;a aid\u00e9 \u00e0 doper sa popularit\u00e9 aupr\u00e8s des jeunes Am\u00e9ricains pendant la derni\u00e8re campagne pr\u00e9sidentielle.<\/p>\n<p class=\"lead \">Selon des informations du Wall Street Journal vendredi soir, le gouvernement am\u00e9ricain compte obtenir une commission de plusieurs milliards de dollars pour son r\u00f4le d&rsquo;interm\u00e9diaire dans les n\u00e9gociations.<\/p>\n<p class=\"small font-weight-bold text-gray3 \"> publi\u00e9 le 21 septembre \u00e0 02h55, AFP<\/p>\n<p>                             Partager<\/p>\n","protected":false},"excerpt":{"rendered":"Les n\u00e9gociations en cours avec P\u00e9kin pr\u00e9voient que six des sept membres du conseil d&rsquo;administration de l&rsquo;application de&hellip;\n","protected":false},"author":2,"featured_media":406352,"comment_status":"","ping_status":"","sticky":false,"template":"","format":"standard","meta":{"footnotes":""},"categories":[6],"tags":[35,309,215,312,33,34,1011,27,418,310,17221,17220,42,308],"class_list":{"0":"post-406351","1":"post","2":"type-post","3":"status-publish","4":"format-standard","5":"has-post-thumbnail","7":"category-economie","8":"tag-business","9":"tag-chine","10":"tag-commerce","11":"tag-diplomatie","12":"tag-economie","13":"tag-economy","14":"tag-fr","15":"tag-france","16":"tag-gouvernement","17":"tag-internet","18":"tag-mobiles","19":"tag-tlcoms","20":"tag-technologies","21":"tag-usa"},"share_on_mastodon":{"url":"https:\/\/pubeurope.com\/@fr\/115240340269565075","error":""},"_links":{"self":[{"href":"https:\/\/www.europesays.com\/fr\/wp-json\/wp\/v2\/posts\/406351","targetHints":{"allow":["GET"]}}],"collection":[{"href":"https:\/\/www.europesays.com\/fr\/wp-json\/wp\/v2\/posts"}],"about":[{"href":"https:\/\/www.europesays.com\/fr\/wp-json\/wp\/v2\/types\/post"}],"author":[{"embeddable":true,"href":"https:\/\/www.europesays.com\/fr\/wp-json\/wp\/v2\/users\/2"}],"replies":[{"embeddable":true,"href":"https:\/\/www.europesays.com\/fr\/wp-json\/wp\/v2\/comments?post=406351"}],"version-history":[{"count":0,"href":"https:\/\/www.europesays.com\/fr\/wp-json\/wp\/v2\/posts\/406351\/revisions"}],"wp:featuredmedia":[{"embeddable":true,"href":"https:\/\/www.europesays.com\/fr\/wp-json\/wp\/v2\/media\/406352"}],"wp:attachment":[{"href":"https:\/\/www.europesays.com\/fr\/wp-json\/wp\/v2\/media?parent=406351"}],"wp:term":[{"taxonomy":"category","embeddable":true,"href":"https:\/\/www.europesays.com\/fr\/wp-json\/wp\/v2\/categories?post=406351"},{"taxonomy":"post_tag","embeddable":true,"href":"https:\/\/www.europesays.com\/fr\/wp-json\/wp\/v2\/tags?post=406351"}],"curies":[{"name":"wp","href":"https:\/\/api.w.org\/{rel}","templated":true}]}}