{"id":406357,"date":"2025-09-21T04:15:12","date_gmt":"2025-09-21T04:15:12","guid":{"rendered":"https:\/\/www.europesays.com\/fr\/406357\/"},"modified":"2025-09-21T04:15:12","modified_gmt":"2025-09-21T04:15:12","slug":"pour-pouvoir-mettre-la-pression-sur-la-chine-trump-lance-un-ultimatum-aux-talibans","status":"publish","type":"post","link":"https:\/\/www.europesays.com\/fr\/406357\/","title":{"rendered":"Pour pouvoir mettre la pression sur la Chine, Trump lance un ultimatum aux talibans"},"content":{"rendered":"<p>Washington vient d\u2019engager un bras de fer contre Kaboul. Samedi, Donald Trump a en effet menac\u00e9 l\u2019<a href=\"https:\/\/www.20minutes.fr\/monde\/afghanistan\/\" target=\"_blank\" class=\"c-link c-link--is-underlined\" rel=\"noopener\">Afghanistan<\/a> de sanctions, sans pr\u00e9ciser lesquelles, si les talibans ne remettaient pas aux <a href=\"https:\/\/www.20minutes.fr\/monde\/etats-unis\/\" target=\"_blank\" class=\"c-link c-link--is-underlined\" rel=\"noopener\">Etats-Unis<\/a> la base a\u00e9rienne de Bagram, qu\u2019ils ont quitt\u00e9e lors de leur retrait du pays en\u00a02021.<\/p>\n<p>\u00ab\u00a0Si l\u2019Afghanistan ne rend pas la base a\u00e9rienne de Bagram \u00e0 ceux qui l\u2019ont construite, les Etats-Unis d\u2019Am\u00e9rique, DES CHOSES GRAVES VONT SE PRODUIRE\u00a0!!!\u00a0\u00bb, a \u00e9crit le locataire de la Maison-Blanche sur sa plateforme Truth Social.<\/p>\n<p>Une base pour mettre la pression sur la Chine<\/p>\n<p>Donald Trump avait d\u00e9j\u00e0 \u00e9voqu\u00e9 l\u2019id\u00e9e il y a quelques jours, lors d\u2019une conf\u00e9rence de presse avec le Premier ministre britannique <a href=\"https:\/\/www.20minutes.fr\/monde\/keir-starmer\/\" target=\"_blank\" class=\"c-link c-link--is-underlined\" rel=\"noopener\">Keir Starmer<\/a> au dernier jour de sa visite d\u2019Etat au Royaume-Uni. \u00ab\u00a0L\u2019une des raisons pour lesquelles nous voulons cette base est, comme vous le savez, qu\u2019elle se trouve \u00e0 une heure de l\u2019endroit o\u00f9 la <a href=\"https:\/\/www.20minutes.fr\/dossier\/chine\" target=\"_blank\" class=\"c-link c-link--is-underlined\" rel=\"noopener\">Chine<\/a> fabrique ses armes nucl\u00e9aires\u00a0\u00bb, avait justifi\u00e9 le pr\u00e9sident am\u00e9ricain.<\/p>\n<\/p>\n<p>Situ\u00e9e \u00e0 50 kilom\u00e8tres de Kaboul, Bagram, la plus grande base a\u00e9rienne d\u2019Afghanistan, a servi aux Am\u00e9ricains \u00e0 mener des op\u00e9rations pendant les deux d\u00e9cennies qui ont suivi les attentats du 11\u00a0septembre 2001 et l\u2019invasion du pays par une coalition internationale men\u00e9e par les Etats-Unis. Les troupes am\u00e9ricaines et de l\u2019Otan s\u2019en sont retir\u00e9es en juillet\u00a02021, alors que les talibans prenaient le contr\u00f4le de vastes portions de l\u2019Afghanistan, avant de s\u2019emparer finalement du pays tout entier le mois suivant.<\/p>\n<p><a href=\"https:\/\/www.20minutes.fr\/monde\/afghanistan\/\" target=\"_blank\" class=\"c-link c-btn c-btn--primary\" rel=\"noopener\">Notre dossier sur l&rsquo;Afghanistan<\/a><\/p>\n<p>Donald Trump a d\u00e9plor\u00e9 \u00e0 plusieurs reprises la perte de la base depuis son retour au pouvoir, critiquant son pr\u00e9d\u00e9cesseur Joe Biden pour sa gestion du retrait am\u00e9ricain. Il se plaint \u00e9galement de l\u2019influence croissante de la Chine, superpuissance rivale, en Afghanistan.<\/p>\n","protected":false},"excerpt":{"rendered":"Washington vient d\u2019engager un bras de fer contre Kaboul. Samedi, Donald Trump a en effet menac\u00e9 l\u2019Afghanistan de&hellip;\n","protected":false},"author":2,"featured_media":406358,"comment_status":"","ping_status":"","sticky":false,"template":"","format":"standard","meta":{"footnotes":""},"categories":[2],"tags":[47,11,598,309,75,73,1011,27,74,12,597,133],"class_list":{"0":"post-406357","1":"post","2":"type-post","3":"status-publish","4":"format-standard","5":"has-post-thumbnail","7":"category-actualites","8":"tag-actualite","9":"tag-actualites","10":"tag-afghanistan","11":"tag-chine","12":"tag-donald-trump","13":"tag-etats-unis","14":"tag-fr","15":"tag-france","16":"tag-monde","17":"tag-news","18":"tag-taliban","19":"tag-video"},"share_on_mastodon":{"url":"https:\/\/pubeurope.com\/@fr\/115240352089871910","error":""},"_links":{"self":[{"href":"https:\/\/www.europesays.com\/fr\/wp-json\/wp\/v2\/posts\/406357","targetHints":{"allow":["GET"]}}],"collection":[{"href":"https:\/\/www.europesays.com\/fr\/wp-json\/wp\/v2\/posts"}],"about":[{"href":"https:\/\/www.europesays.com\/fr\/wp-json\/wp\/v2\/types\/post"}],"author":[{"embeddable":true,"href":"https:\/\/www.europesays.com\/fr\/wp-json\/wp\/v2\/users\/2"}],"replies":[{"embeddable":true,"href":"https:\/\/www.europesays.com\/fr\/wp-json\/wp\/v2\/comments?post=406357"}],"version-history":[{"count":0,"href":"https:\/\/www.europesays.com\/fr\/wp-json\/wp\/v2\/posts\/406357\/revisions"}],"wp:featuredmedia":[{"embeddable":true,"href":"https:\/\/www.europesays.com\/fr\/wp-json\/wp\/v2\/media\/406358"}],"wp:attachment":[{"href":"https:\/\/www.europesays.com\/fr\/wp-json\/wp\/v2\/media?parent=406357"}],"wp:term":[{"taxonomy":"category","embeddable":true,"href":"https:\/\/www.europesays.com\/fr\/wp-json\/wp\/v2\/categories?post=406357"},{"taxonomy":"post_tag","embeddable":true,"href":"https:\/\/www.europesays.com\/fr\/wp-json\/wp\/v2\/tags?post=406357"}],"curies":[{"name":"wp","href":"https:\/\/api.w.org\/{rel}","templated":true}]}}