{"id":406359,"date":"2025-09-21T04:16:11","date_gmt":"2025-09-21T04:16:11","guid":{"rendered":"https:\/\/www.europesays.com\/fr\/406359\/"},"modified":"2025-09-21T04:16:11","modified_gmt":"2025-09-21T04:16:11","slug":"des-habitants-invitent-les-autorites-a-venir-dormir-rue-durafour","status":"publish","type":"post","link":"https:\/\/www.europesays.com\/fr\/406359\/","title":{"rendered":"des habitants invitent les autorit\u00e9s \u00e0 venir dormir rue Durafour"},"content":{"rendered":"<p>Ils ont lanc\u00e9 une version locale de l\u2019\u00e9mission \u00ab\u00a0J\u2019irai dormir chez vous\u00a0\u00bb\u2026 sans cam\u00e9ra et en un peu moins exotique. Ici, pas de voyages au Japon, au P\u00e9rou ou en Californie, comme le fait Antoine de Maximy. Mais une nuit dans un appartement de la rue Antoine-Durafour.<\/p>\n<p>L\u2019initiative a \u00e9t\u00e9 imagin\u00e9e par le collectif de riverains de l\u2019art\u00e8re, qui se bat depuis plusieurs mois pour retrouver des nuits calmes. Sur Facebook, ils ont invit\u00e9 Ga\u00ebl Perdriau, maire de Saint-\u00c9tienne, Muriel Nguyen, pr\u00e9f\u00e8te de la Loire, et Anne Gaches,&#8230;<\/p>\n","protected":false},"excerpt":{"rendered":"Ils ont lanc\u00e9 une version locale de l\u2019\u00e9mission \u00ab\u00a0J\u2019irai dormir chez vous\u00a0\u00bb\u2026 sans cam\u00e9ra et en un peu&hellip;\n","protected":false},"author":2,"featured_media":406360,"comment_status":"","ping_status":"","sticky":false,"template":"","format":"standard","meta":{"footnotes":""},"categories":[9653],"tags":[1111,11,2430,271,272,7539,1777,674,274,107,1011,27,3367,12,25,4001,7538],"class_list":{"0":"post-406359","1":"post","2":"type-post","3":"status-publish","4":"format-standard","5":"has-post-thumbnail","7":"category-saint-etienne","8":"tag-actu","9":"tag-actualites","10":"tag-auvergne-rhone-alpes","11":"tag-crime","12":"tag-delit-et-contravention","13":"tag-edition-loire-sud","14":"tag-eu","15":"tag-europe","16":"tag-faits-divers-justice","17":"tag-fil-info","18":"tag-fr","19":"tag-france","20":"tag-loire","21":"tag-news","22":"tag-republique-francaise","23":"tag-saint-etienne","24":"tag-saint-etienne-ville"},"share_on_mastodon":{"url":"https:\/\/pubeurope.com\/@fr\/115240356016257161","error":""},"_links":{"self":[{"href":"https:\/\/www.europesays.com\/fr\/wp-json\/wp\/v2\/posts\/406359","targetHints":{"allow":["GET"]}}],"collection":[{"href":"https:\/\/www.europesays.com\/fr\/wp-json\/wp\/v2\/posts"}],"about":[{"href":"https:\/\/www.europesays.com\/fr\/wp-json\/wp\/v2\/types\/post"}],"author":[{"embeddable":true,"href":"https:\/\/www.europesays.com\/fr\/wp-json\/wp\/v2\/users\/2"}],"replies":[{"embeddable":true,"href":"https:\/\/www.europesays.com\/fr\/wp-json\/wp\/v2\/comments?post=406359"}],"version-history":[{"count":0,"href":"https:\/\/www.europesays.com\/fr\/wp-json\/wp\/v2\/posts\/406359\/revisions"}],"wp:featuredmedia":[{"embeddable":true,"href":"https:\/\/www.europesays.com\/fr\/wp-json\/wp\/v2\/media\/406360"}],"wp:attachment":[{"href":"https:\/\/www.europesays.com\/fr\/wp-json\/wp\/v2\/media?parent=406359"}],"wp:term":[{"taxonomy":"category","embeddable":true,"href":"https:\/\/www.europesays.com\/fr\/wp-json\/wp\/v2\/categories?post=406359"},{"taxonomy":"post_tag","embeddable":true,"href":"https:\/\/www.europesays.com\/fr\/wp-json\/wp\/v2\/tags?post=406359"}],"curies":[{"name":"wp","href":"https:\/\/api.w.org\/{rel}","templated":true}]}}