{"id":406374,"date":"2025-09-21T04:28:19","date_gmt":"2025-09-21T04:28:19","guid":{"rendered":"https:\/\/www.europesays.com\/fr\/406374\/"},"modified":"2025-09-21T04:28:19","modified_gmt":"2025-09-21T04:28:19","slug":"1500-grenoblois-pour-le-coup-denvoi-du-changement","status":"publish","type":"post","link":"https:\/\/www.europesays.com\/fr\/406374\/","title":{"rendered":"1500 GRENOBLOIS POUR LE COUP D&rsquo;ENVOI DU CHANGEMENT"},"content":{"rendered":"<p>Posted On 21 septembre 2025 <\/p>\n<p>Globalement les m\u00e9dias locaux ont cherch\u00e9 \u00e0 minimiser l&rsquo;\u00e9lan qui s&rsquo;est manifest\u00e9 vendredi soir au \u00a0\u00bb coup d&rsquo;envoi du changement\u00a0\u00bb lanc\u00e9 par le collectif \u00a0\u00bb R\u00e9concilier Grenoble,\u00a0\u00bb anim\u00e9 par Cl\u00e9ment Chappet. Seul le journaliste (le Fil de L&rsquo;Info)\u00a0 S\u00e9bastien Mittelberger qui avait pris la pr\u00e9caution de s&rsquo;immerger dans la foule a parl\u00e9 de 1 500 personnes.\u00a0 Eve Moulinier dans le DL ( 20\/8\/25) monte jusqu&rsquo;\u00e0 600 personnes et reconnait que s&rsquo;ajoutent les salles pleines ( 250 personnes) soit 850 . Tandis que pour Place Gre&rsquo;Net Jo\u00ebl Kermabon s&rsquo;arr\u00eate \u00e0 \u00ab\u00a04 \u00e0 500 personnes\u00a0\u00bb. Le pompon est donn\u00e9 \u00e0 la r\u00e9daction tr\u00e8s homog\u00e8ne politiquement de Ici ( Ex France Bleu) qui r\u00e9ussi a descendre \u00e0 \u00a0\u00bb 400 personnes \u00a0\u00bb\u00a0 &#8211; Laurent Gallien \u00e9tant sur place &#8211; et accorder autant d&rsquo;importance au groupuscule de ses proches ( Verts\/LFI\/Antifas) qu&rsquo;au lancement lui m\u00eame . Ils \u00e9taient moins de 50&#8230;.\u00a0<\/p>\n<p>A elle seule la r\u00e9daction de France Bleu Is\u00e8re fait tout pour justifier l&rsquo;existence de C&rsquo;News! Rappelons que les proches de ceux pour lesquels elle a le regard de Chim\u00e8re ont perp\u00e9tr\u00e9 un incendie criminel , d\u00e9truisant France Bleu Is\u00e8re avenue F\u00e9lix Viallet . Pas rancuniers&#8230;.<\/p>\n<p><a href=\"https:\/\/grenoble-le-changement.fr\/wp-content\/uploads\/2025\/09\/550358896_24347196251632024_779358839323122173_n.jpg\" rel=\"lightbox[84831] noopener\" target=\"_blank\"><img decoding=\"async\" data-id=\"84835\" src=\"https:\/\/grenoble-le-changement.fr\/wp-content\/uploads\/2025\/09\/550358896_24347196251632024_779358839323122173_n-1024x768.jpg\" alt=\"\" class=\"wp-image-84835 jetpack-lazy-image\" data-lazy-src=\"https:\/\/www.europesays.com\/fr\/wp-content\/uploads\/2025\/09\/550358896_24347196251632024_779358839323122173_n-1024x768.jpg\" \/><\/a><\/p>\n<p><a href=\"https:\/\/grenoble-le-changement.fr\/wp-content\/uploads\/2025\/09\/Capture-de\u0301cran-.-2025-09-20-a\u0300-15.16.33-2.jpeg\" rel=\"lightbox[84831] noopener\" target=\"_blank\"><img decoding=\"async\" data-id=\"84837\" src=\"https:\/\/grenoble-le-changement.fr\/wp-content\/uploads\/2025\/09\/Capture-de\u0301cran-.-2025-09-20-a\u0300-15.16.33-2-472x1024.jpeg\" alt=\"\" class=\"wp-image-84837 jetpack-lazy-image\" data-lazy-src=\"https:\/\/www.europesays.com\/fr\/wp-content\/uploads\/2025\/09\/Capture-de\u0301cran-.-2025-09-20-a\u0300-15.16.33-2-472x1024.jpeg\" \/><\/a><\/p>\n<p><img decoding=\"async\" data-id=\"84833\" src=\"https:\/\/grenoble-le-changement.fr\/wp-content\/uploads\/2025\/09\/20250919_192804-scaled.jpg\" alt=\"\" class=\"wp-image-84833 jetpack-lazy-image\" data-lazy-src=\"https:\/\/www.europesays.com\/fr\/wp-content\/uploads\/2025\/09\/20250919_192804-scaled.jpg\" \/><br \/>\n Ici ( France Bleu Is\u00e8re) a vu 400 personnes, \u00e9tant entendu qu&rsquo;il y en avait aussi 250 \u00e0 l&rsquo;int\u00e9rieur&#8230;.<\/p>\n<p><strong>DES PERSONNALITES DE TOUS LES HORIZONS<\/strong><\/p>\n<p>De toute la ville, de tous les quartiers, de toutes les couleurs les grenoblois \u00e9taient l\u00e0.\u00a0 Des acteurs essentiels de Grenoble avaient tenu \u00e0 se manifester. On retrouvait cote \u00e0 cote Patrick Souillot le chef embl\u00e9matique de la Fabrique Op\u00e9ra et Daniel Huillier le Pr\u00e9sident de R\u00e9sistance Unie, le dernier r\u00e9sistant vivant du Vercors, Jean-Jacques Banihachelmi, chef des p\u00f4les des Urgences et de la Traumatologie \u00e0 l&rsquo;H\u00f4pital Sud avec le canc\u00e9rologue Jean-Yves Cahn ,\u00a0 \u00a0St\u00e9phane Chaiss\u00e9, le Pr\u00e9sident de la FNAIM ou le champion automobile Bruno Saby, Patrick Goffi, le Pr\u00e9sident du FCG Rugby et des t\u00e9nors du barreau grenoblois, Thierry Aldeguer, Franck Benhamou , \u00e9galement Conseiller D\u00e9partemental,\u00a0 Bernard Boulloud,\u00a0 Jean-Bruno Petit , le com\u00e9dien et metteur en sc\u00e8ne Jean-Vincent Brisa , le S\u00e9nateur Michel Savin , Pr\u00e9sident de la commission des Sports du S\u00e9nat&#8230;\u00a0<\/p>\n<p><strong>Eve MOULINIER ( DL) \u00a0\u00bb Alain CARIGNON TRES \u00e0 L&rsquo;AISE\u00a0\u00bb<\/strong><\/p>\n<p>La ville dans sa diversit\u00e9, bigarr\u00e9e , repr\u00e9sent\u00e9e par les membres du collectif \u00a0\u00bb R\u00e9concilier Grenoble\u00a0\u00bb manifestant leur ouverture, leur passion et leur volont\u00e9 de servir Grenoble.\u00a0<\/p>\n<p>Alain Carignon est mont\u00e9 \u00e0 la tribune entour\u00e9 d&rsquo;une partie de l&rsquo;\u00e9quipe &#8211; on manquait de place visiblement- et a prononc\u00e9 un discours tout \u00e0 la fois l\u00e9ger \u00e0 l&rsquo;adresse de la poign\u00e9e de manifestants sur commande mais grave et convaincu sur Grenoble et son avenir.<\/p>\n<p><a href=\"https:\/\/grenoble-le-changement.fr\/wp-content\/uploads\/2025\/09\/Capture-de\u0301cran-2025-09-20-a\u0300-14.42.54.png\" rel=\"lightbox[84831] noopener\" target=\"_blank\"><img decoding=\"async\" data-id=\"84838\" src=\"https:\/\/grenoble-le-changement.fr\/wp-content\/uploads\/2025\/09\/Capture-de\u0301cran-2025-09-20-a\u0300-14.42.54-1024x736.png\" alt=\"\" class=\"wp-image-84838 jetpack-lazy-image\" data-lazy-src=\"https:\/\/www.europesays.com\/fr\/wp-content\/uploads\/2025\/09\/Capture-de\u0301cran-2025-09-20-a\u0300-14.42.54-1024x736.png\" \/><\/a><br \/>\nAlain Carignon aux c\u00f4t\u00e9s duquel on reconnait ( en partie cach\u00e9s) Thierry Aldeguer, Guillaume Josserand, Roger Oria, Hosni Ben Redjeb, Olivier Curto, Anouchka Michard, Nathalie B\u00e9ranger, Charah Bentaleb , Judith Thermoz, Franck Benhamou , Michel Savin, Cl\u00e9ment Chappet <\/p>\n<p><strong>L&rsquo;INSECURITE, UN FACTEUR DE DESAGREGATION SOCIALE<\/strong><\/p>\n<p>Eve Moulinier ( DL du 20\/9\/25) qui a trouv\u00e9 Alain Carignon \u00a0\u00bb tr\u00e8s \u00e0 l&rsquo;aise\u00a0\u00bb a particuli\u00e8rement relev\u00e9 ses propositions pour lutter contre l&rsquo;ins\u00e9curit\u00e9 :\u00ab Grenoble est devenue la premi\u00e8re ville de France pour les agressions. Cette ins\u00e9curit\u00e9 end\u00e9mique, qui mine la ville, est un des facteurs de d\u00e9sagr\u00e9gation sociale consid\u00e9rable.\u00bb\u00a0 Il a alors cit\u00e9 des noms de victimes et \u00e9num\u00e9r\u00e9 les r\u00e9cents faits divers. Et il a accus\u00e9 Eric Piolle de n&rsquo;avoir jamais voulu \u00abbouger de sa doctrine anti-cam\u00e9ras \u00bb, alors que d&rsquo;autres maires \u00e9cologistes (comme Bordeaux et Lyon) ont dans le m\u00eame temps \u00abchang\u00e9 de position\u00bb.<\/p>\n<p><strong>RESEAU DE VIDEO SURVEILLANCE, POLICE ARMEE, PC OPERATIONNEL 24 H SUR 24<\/strong><\/p>\n<p>Enum\u00e9rant ses propositions: \u00ab Nous cr\u00e9erons un r\u00e9seau de vid\u00e9osurveillance d\u00e9velopp\u00e9. Nous armerons la police municipale. Nous cr\u00e9erons un PC op\u00e9rationnel 24 heures sur 24 pour prot\u00e9ger les Grenoblois. Nous expulserons les dealers condamn\u00e9s des HLM. Ici, tout autour de moi, il y a ces policiers, comme Jean-Claude Borel-Garin, comme Guillaume Josserand, comme Roger Oria, qui ont une vraie exp\u00e9rience.Avec eux, nous allons construire cette pol\u00edtique de s\u00e9curit\u00e9 dont la ville a besoin\u00a0\u00bb .\u00a0<\/p>\n<p>D&rsquo;ailleurs le leader de l&rsquo;opposition \u00e9tait tr\u00e8s \u00e9mu en citant des noms de morts innocents comme Adrien, Remi, Lilian &#8230; des victimes dont il veut que Grenoble conserve la m\u00e9moire.<\/p>\n<p><a href=\"https:\/\/grenoble-le-changement.fr\/wp-content\/uploads\/2025\/09\/Capture-de\u0301cran-2025-09-20-a\u0300-14.43.13.png\" rel=\"lightbox[84831] noopener\" target=\"_blank\"><img decoding=\"async\" data-id=\"84839\" src=\"https:\/\/grenoble-le-changement.fr\/wp-content\/uploads\/2025\/09\/Capture-de\u0301cran-2025-09-20-a\u0300-14.43.13-1005x1024.png\" alt=\"\" class=\"wp-image-84839 jetpack-lazy-image\" data-lazy-src=\"https:\/\/www.europesays.com\/fr\/wp-content\/uploads\/2025\/09\/Capture-de\u0301cran-2025-09-20-a\u0300-14.43.13-1005x1024.png\" \/><\/a><br \/>\nAvec un des groupes de jeunes pr\u00e9sents autour de Maximin Ytournel, en pr\u00e9sence de Cl\u00e9ment Chappet <\/p>\n<p><strong>L&rsquo;ENGAGEMENT DE STOPPER LA HAUSSE D&rsquo;IMP\u00d4TS<\/strong><\/p>\n<p>Mais Alain Carignon a \u00e9voqu\u00e9 ses propositions dans les domaines de la sant\u00e9, de la pr\u00e9vention, des quartiers, de la solidarit\u00e9, du sport, de la culture, de l&rsquo;attractivit\u00e9 et du commerce, de la circulation et du stationnement, de la propret\u00e9 et de la salubrit\u00e9 de la ville.\u00a0<\/p>\n<p>Au pr\u00e9alable de tout ,avait-il rappel\u00e9 d\u00e9s le d\u00e9but de son intervention, la question financi\u00e8re d&rsquo;une ville et d&rsquo;une M\u00e9tropole exsangues doit \u00eatre trait\u00e9e pour stopper en 2026 la nouvelle hausse de taxe fonci\u00e8re programm\u00e9e. Fusion des services M\u00e9tropole\/Ville centre, revoyure de tout le patrimoine des deux collectivit\u00e9s, arr\u00eat de toutes les d\u00e9penses id\u00e9ologiques &#8230; Il a d\u00e9taill\u00e9 les sources d&rsquo;\u00e9conomies imm\u00e9diates pour inverser la spirale. \u00a0\u00bb Nous nous engageons \u00e0 stopper la hausse d&rsquo;imp\u00f4ts pendant tout le mandat et si nous y parvenons \u00e0 baisser les taux en fin de mandat\u00a0\u00bb.\u00a0 La municipalit\u00e9 Piolle, elle, avait promis une non augmentation, et , avec + 30%, a fait de Grenoble la premi\u00e8re des grandes villes pour le taux de taxe fonci\u00e8re.\u00a0<\/p>\n<p><strong>UN GROUPE D&rsquo;OPPOSITION \u00a0\u00bb FORMIDABLE DANS LE TRAVAIL\u00a0\u00bb<\/strong><\/p>\n<p>Apr\u00e8s avoir remerci\u00e9 le groupe d&rsquo;opposition \u00a0\u00bb formidable\u00a0 dans le travail \u00a0\u00bb qui l&rsquo;accompagne au Conseil Municipal, Soit Nathalie B\u00e9ranger, Brigitte Boer, Charah Bentaleb, Dominique Spini, Ch\u00e9rif Boutafa, Alain Carignon \u00e9voqu\u00e9 quelques consid\u00e9rations personnelles car il \u00a0\u00bb n&rsquo;a pas d&rsquo;avenir personnel \u00e0 pr\u00e9parer ou \u00e0 prot\u00e9ger\u00a0\u00bb . Il est l\u00e0\u00a0 \u00ab\u00a0par passion et par devoir parce que c&rsquo;est difficile, qu&rsquo;il faut du courage et de l&rsquo;exp\u00e9rience \u00ab\u00a0.<\/p>\n<p><a href=\"https:\/\/grenoble-le-changement.fr\/wp-content\/uploads\/2025\/09\/548175755_1171974811416998_6914770953643711487_n.jpg\" rel=\"lightbox[84831] noopener\" target=\"_blank\"><img decoding=\"async\" data-id=\"84841\" src=\"https:\/\/grenoble-le-changement.fr\/wp-content\/uploads\/2025\/09\/548175755_1171974811416998_6914770953643711487_n-768x1024.jpg\" alt=\"\" class=\"wp-image-84841 jetpack-lazy-image\" data-lazy-src=\"https:\/\/www.europesays.com\/fr\/wp-content\/uploads\/2025\/09\/548175755_1171974811416998_6914770953643711487_n-768x1024.jpg\" \/><\/a><\/p>\n<p><a href=\"https:\/\/grenoble-le-changement.fr\/wp-content\/uploads\/2025\/09\/549021715_1171974958083650_1972125890919393520_n.jpg\" rel=\"lightbox[84831] noopener\" target=\"_blank\"><img decoding=\"async\" data-id=\"84840\" src=\"https:\/\/grenoble-le-changement.fr\/wp-content\/uploads\/2025\/09\/549021715_1171974958083650_1972125890919393520_n-768x1024.jpg\" alt=\"\" class=\"wp-image-84840 jetpack-lazy-image\" data-lazy-src=\"https:\/\/www.europesays.com\/fr\/wp-content\/uploads\/2025\/09\/549021715_1171974958083650_1972125890919393520_n-768x1024.jpg\" \/><\/a><\/p>\n<p><a href=\"https:\/\/grenoble-le-changement.fr\/wp-content\/uploads\/2025\/09\/547945865_1171974781417001_7459371403602104143_n.jpg\" rel=\"lightbox[84831] noopener\" target=\"_blank\"><img decoding=\"async\" data-id=\"84842\" src=\"https:\/\/grenoble-le-changement.fr\/wp-content\/uploads\/2025\/09\/547945865_1171974781417001_7459371403602104143_n-768x1024.jpg\" alt=\"\" class=\"wp-image-84842 jetpack-lazy-image\" data-lazy-src=\"https:\/\/www.europesays.com\/fr\/wp-content\/uploads\/2025\/09\/547945865_1171974781417001_7459371403602104143_n-768x1024.jpg\" \/><\/a><\/p>\n<p><a href=\"https:\/\/grenoble-le-changement.fr\/wp-content\/uploads\/2025\/09\/548020880_1171974778083668_3075385193568938606_n.jpg\" rel=\"lightbox[84831] noopener\" target=\"_blank\"><img decoding=\"async\" data-id=\"84845\" src=\"https:\/\/grenoble-le-changement.fr\/wp-content\/uploads\/2025\/09\/548020880_1171974778083668_3075385193568938606_n-768x1024.jpg\" alt=\"\" class=\"wp-image-84845 jetpack-lazy-image\" data-lazy-src=\"https:\/\/www.europesays.com\/fr\/wp-content\/uploads\/2025\/09\/548020880_1171974778083668_3075385193568938606_n-768x1024.jpg\" \/><\/a><\/p>\n<p><a href=\"https:\/\/grenoble-le-changement.fr\/wp-content\/uploads\/2025\/09\/548123623_1171974741417005_2103649036694525728_n.jpg\" rel=\"lightbox[84831] noopener\" target=\"_blank\"><img decoding=\"async\" data-id=\"84844\" src=\"https:\/\/grenoble-le-changement.fr\/wp-content\/uploads\/2025\/09\/548123623_1171974741417005_2103649036694525728_n-768x1024.jpg\" alt=\"\" class=\"wp-image-84844 jetpack-lazy-image\" data-lazy-src=\"https:\/\/www.europesays.com\/fr\/wp-content\/uploads\/2025\/09\/548123623_1171974741417005_2103649036694525728_n-768x1024.jpg\" \/><\/a><\/p>\n<p><a href=\"https:\/\/grenoble-le-changement.fr\/wp-content\/uploads\/2025\/09\/547447924_1171974908083655_2200529430858644034_n.jpg\" rel=\"lightbox[84831] noopener\" target=\"_blank\"><img decoding=\"async\" data-id=\"84843\" src=\"https:\/\/grenoble-le-changement.fr\/wp-content\/uploads\/2025\/09\/547447924_1171974908083655_2200529430858644034_n-768x1024.jpg\" alt=\"\" class=\"wp-image-84843 jetpack-lazy-image\" data-lazy-src=\"https:\/\/www.europesays.com\/fr\/wp-content\/uploads\/2025\/09\/547447924_1171974908083655_2200529430858644034_n-768x1024.jpg\" \/><\/a><br \/>\nPr\u00e8s de 200 Grenoblois se sont inscrits pour participer au projet et \u00e0 l&rsquo;action : on reconnait notamment, Brigitte Boer, Laurent Lequin-Souchon, Patricia et Pierre Bouniol, Radija Sahiri, Herv\u00e9 Pr\u00e9vitali, Henri Chazot,Luc Davin, Mehdy Saubin, Carl Lancement &#8230;. <\/p>\n<p><strong>PRES DE 200 PERSONNES SE SONT ENGAGEES SUR LE PROJET et L&rsquo;ACTION<\/strong><\/p>\n<p>Il a appel\u00e9 les Grenoblois \u00e0 s&rsquo;engager pour leur ville. Chacun d&rsquo;entre eux tient entre ses mains une part du destin de Grenoble. Pr\u00e8s de 200 personnes se sont inscrites vendredi soir pour participer au projet et \u00e0\u00a0 des actions confirmant l&rsquo;\u00e9lan initial. Les citoyens de \u00a0\u00bb R\u00e9concilier Grenoble \u00a0\u00bb ont \u00e9t\u00e9 en nombre sur tous les march\u00e9s de la ville \u00e0 la fois ces derniers week ends.\u00a0<\/p>\n<p><strong>UNE NOUVELLE COMBINE FINANCIERE DE PIOLLE TUE LA CONTRE MANIFESTATION<\/strong><\/p>\n<p>La quarantaine de militants professionnels <a href=\"https:\/\/grenoble-le-changement.fr\/2025\/09\/16\/la-bordelisation-des-piollistes-les-detourne-des-problemes-de-grenoble\/\" target=\"_blank\" rel=\"noopener\">regroup\u00e9s difficilement<\/a> par Fabien Malbet ,sur ordre de Piolle, \u00e9taient mal plac\u00e9s avec ce qui venait d&rsquo;\u00eatre r\u00e9v\u00e9l\u00e9 par M\u00e9diapart de jour m\u00eame ,sur une nouvelle combine financi\u00e8re d&rsquo;Eric Piolle <a href=\"https:\/\/grenoble-le-changement.fr\/2025\/09\/06\/la-candidature-de-laurence-ruffin-empechee-par-lucille-lheureux-et-les-verts\/\" target=\"_blank\" rel=\"noopener\">au profit de Lucille Lheureux.<\/a> Dont le Maire\u00a0 semblait la menacer pour la faire renoncer \u00e0 sa candidature. Que du sordide \u00e0 vomir qui a probablement r\u00e9duit \u00e0 presque rien la totalit\u00e9 des troupes Verts+Ades+Antifas .La vid\u00e9o film\u00e9e depuis &#8230; la terrasse du domicile de Piolle, diffus\u00e9e par Malbet,\u00a0 ajoutait un caract\u00e8re pu\u00e9rile et ridicule pour des hommes qui pr\u00e9tendent diriger Grenoble et pour l&rsquo;un pr\u00e9tendait m\u00eame devenir Pr\u00e9sident de la R\u00e9publique.\u00a0<\/p>\n<p><strong>Allan BRUNON ( LFI) OFFICIALISE LA DIVISION DE LA MAJORITE SORTANTE<\/strong><\/p>\n<p>La candidature de Allan Brunon , \u00e0 la t\u00eate d&rsquo;une liste autonome LFI annonc\u00e9e le <a href=\"https:\/\/grenoble-le-changement.fr\/2025\/09\/20\/municipales-a-grenoble-piolle-fait-derailler-les-verts\/\" target=\"_blank\" rel=\"noopener\">lendemain achevait de d\u00e9griser<\/a> la majorit\u00e9 sortante, <a href=\"https:\/\/grenoble-le-changement.fr\/2025\/09\/07\/la-candidature-de-laurence-ruffin-dechire-la-majorite-municipale\/\" target=\"_blank\" rel=\"noopener\">sonnant le glas de l&rsquo;op\u00e9ration<\/a> de com&rsquo; <a href=\"https:\/\/grenoble-le-changement.fr\/2024\/11\/23\/laurence-ruffin-verts-lfi-petits-mensonges-et-gros-sabots\/\" target=\"_blank\" rel=\"noopener\">\u00ab\u00a0Marie-Chantal \u00ab\u00a0<\/a>lanc\u00e9e autour de <a href=\"https:\/\/grenoble-le-changement.fr\/2025\/05\/26\/scop-alma-que-fait-laurence-ruffin-verts-lfi-des-2-5-millions-d-e-de-resultats\/\" target=\"_blank\" rel=\"noopener\">Laurence Ruffin,<\/a> devenue la repr\u00e9sentante d&rsquo;une part minoritaire des Verts!\u00a0<\/p>\n<p>Vendredi, \u00e0 la Factory, aura vraiment \u00e9t\u00e9 le \u00a0\u00bb coup d&rsquo;envoi r\u00e9ussi du changement\u00a0\u00bb .<\/p>\n","protected":false},"excerpt":{"rendered":"Posted On 21 septembre 2025 Globalement les m\u00e9dias locaux ont cherch\u00e9 \u00e0 minimiser l&rsquo;\u00e9lan qui s&rsquo;est manifest\u00e9 vendredi&hellip;\n","protected":false},"author":2,"featured_media":406375,"comment_status":"","ping_status":"","sticky":false,"template":"","format":"standard","meta":{"footnotes":""},"categories":[9566],"tags":[1111,11,9601,22024,2430,49342,15172,53807,53808,53809,18838,23441,53810,14755,53811,42730,53812,1777,674,53298,46850,32263,32231,1011,27,53813,52643,2731,14756,53814,27129,53815,9103,53816,53817,14757,22033,53818,22034,53819,22037,53820,53821,53822,18840,12,12468,53823,53824,40953,53825,10139,27130,14758,25,53826,47846,53827,22045],"class_list":{"0":"post-406374","1":"post","2":"type-post","3":"status-publish","4":"format-standard","5":"has-post-thumbnail","7":"category-grenoble","8":"tag-actu","9":"tag-actualites","10":"tag-alain-carignon","11":"tag-anouchka-michard","12":"tag-auvergne-rhone-alpes","13":"tag-bernard-boulloud","14":"tag-brigitte-boer","15":"tag-bruno-saby","16":"tag-c-news","17":"tag-carl-lancement","18":"tag-charah-bentaleb","19":"tag-cherif-boutafa","20":"tag-clement-chapet","21":"tag-clement-chappet","22":"tag-daniel-huillier","23":"tag-dominique-spini","24":"tag-eric-piole","25":"tag-eu","26":"tag-europe","27":"tag-fabien-malbet","28":"tag-fabrique-opera","29":"tag-fcg","30":"tag-fnaim","31":"tag-fr","32":"tag-france","33":"tag-france-bleu-isere","34":"tag-franck-benhamou","35":"tag-grenoble","36":"tag-guillaume-josserand","37":"tag-henri-chazot","38":"tag-herve-previtali","39":"tag-hosni-ben-redjeb","40":"tag-ici","41":"tag-jean-jacques-benihachelmi","42":"tag-jean-bruno-petit","43":"tag-jean-claude-borel-garin","44":"tag-jean-yves-cahn","45":"tag-joel-kermabon","46":"tag-judith-thermoz","47":"tag-laurent-gallien","48":"tag-laurent-lequin-souchon","49":"tag-luc-davin","50":"tag-mehdy-saubin","51":"tag-michel-savin","52":"tag-nathalie-beranger","53":"tag-news","54":"tag-olivier-curto","55":"tag-patric-souillot","56":"tag-patricia-bouniol","57":"tag-patrick-goffi","58":"tag-pierre-bouniol","59":"tag-place-grenet","60":"tag-radija-sahiri","61":"tag-reconcilier-grenoble","62":"tag-republique-francaise","63":"tag-resistance-unie","64":"tag-roger-oria","65":"tag-stephane-chaisse","66":"tag-thierry-aldeguer"},"share_on_mastodon":{"url":"","error":"Validation failed: Text character limit of 500 exceeded"},"_links":{"self":[{"href":"https:\/\/www.europesays.com\/fr\/wp-json\/wp\/v2\/posts\/406374","targetHints":{"allow":["GET"]}}],"collection":[{"href":"https:\/\/www.europesays.com\/fr\/wp-json\/wp\/v2\/posts"}],"about":[{"href":"https:\/\/www.europesays.com\/fr\/wp-json\/wp\/v2\/types\/post"}],"author":[{"embeddable":true,"href":"https:\/\/www.europesays.com\/fr\/wp-json\/wp\/v2\/users\/2"}],"replies":[{"embeddable":true,"href":"https:\/\/www.europesays.com\/fr\/wp-json\/wp\/v2\/comments?post=406374"}],"version-history":[{"count":0,"href":"https:\/\/www.europesays.com\/fr\/wp-json\/wp\/v2\/posts\/406374\/revisions"}],"wp:featuredmedia":[{"embeddable":true,"href":"https:\/\/www.europesays.com\/fr\/wp-json\/wp\/v2\/media\/406375"}],"wp:attachment":[{"href":"https:\/\/www.europesays.com\/fr\/wp-json\/wp\/v2\/media?parent=406374"}],"wp:term":[{"taxonomy":"category","embeddable":true,"href":"https:\/\/www.europesays.com\/fr\/wp-json\/wp\/v2\/categories?post=406374"},{"taxonomy":"post_tag","embeddable":true,"href":"https:\/\/www.europesays.com\/fr\/wp-json\/wp\/v2\/tags?post=406374"}],"curies":[{"name":"wp","href":"https:\/\/api.w.org\/{rel}","templated":true}]}}