{"id":406383,"date":"2025-09-21T04:33:15","date_gmt":"2025-09-21T04:33:15","guid":{"rendered":"https:\/\/www.europesays.com\/fr\/406383\/"},"modified":"2025-09-21T04:33:15","modified_gmt":"2025-09-21T04:33:15","slug":"les-femmes-oubliees-de-lhistoire-de-la-musique-enfin-mises-en-lumiere-dans-un-bel-ouvrage-du-nicois-andre-peyregne-2","status":"publish","type":"post","link":"https:\/\/www.europesays.com\/fr\/406383\/","title":{"rendered":"Les femmes oubli\u00e9es de l\u2019histoire de la musique enfin mises en lumi\u00e8re dans un bel ouvrage du Ni\u00e7ois Andr\u00e9 Peyr\u00e8gne"},"content":{"rendered":"<p>Une couverture rose, orn\u00e9e d\u2019une mosa\u00efque de portraits tr\u00e8s warholienne. Ainsi se pr\u00e9sente Petites Histoires f\u00e9minines de la grande musique, paru aux \u00e9ditions Descl\u00e9e de Brouwer (19,90 euros). Un ouvrage consacr\u00e9 exclusivement aux femmes compositrices, instrumentistes, chanteuses, inspiratrices ou m\u00e9c\u00e8nes, qui a vu le jour sous la plume de notre correspondant Andr\u00e9 Peyr\u00e8gne. Directeur du conservatoire de Nice de 1980 \u00e0 2015, ce chef d\u2019orchestre, musicologue, conf\u00e9rencier, pr\u00e9sentateur de concerts et de festivals, a \u00e9t\u00e9 m\u00fb par l\u2019envie imp\u00e9rieuse de mettre son expertise au service de ces artistes au f\u00e9minin pluriel: \u00ab\u00a0Apr\u00e8s le succ\u00e8s de mon pr\u00e9c\u00e9dent ouvrage, Petites histoires de la grande musique paru il y a deux ans, nous a-t-il confi\u00e9, j\u2019avais retenu un unique reproche: je ne parlais pas assez des femmes.\u00a0\u00bb<\/p>\n<p>Le conservatoire ou le trottoir<\/p>\n<p>Loin de lui l\u2019id\u00e9e d\u2019avoir opt\u00e9 pour ce parti pris: \u00ab\u00a0Force est de constater que les femmes ont \u00e9t\u00e9 inexistantes dans les si\u00e8cles pr\u00e9c\u00e9dents sur les grandes sc\u00e8nes. Par injonction sociale: elles \u00e9taient tenues d\u2019\u00eatre de bonnes \u00e9pouses, de bonnes m\u00e8res, de ne pas se montrer en public. Et quand bien m\u00eame elles avaient acc\u00e8s \u00e0 la pratique d\u2019un instrument et s\u2019av\u00e9raient dou\u00e9es, c\u2019\u00e9tait vite \u00e9touff\u00e9. Ainsi C\u00e9cile Chaminade, une compositrice de grand talent de la fin du XIXe, morte \u00e0 Monaco. Son p\u00e8re lui disait: \u2018\u2018Aller au conservatoire ou faire le trottoir, c\u2019est la m\u00eame chose\u2019\u2019. Idem avec Germaine Tailleferre. Quant \u00e0 Felix Mendelssohn, l\u2019un des plus grands g\u00e9nies de l\u2019histoire de la musique, aussi dou\u00e9 que Mozart, il avait une s\u0153ur Fanny, pas moins prodigieuse que lui. Mais vou\u00e9e \u00e0 \u00eatre femme au foyer selon le diktat paternel. Et Felix, jaloux du talent de sa s\u0153ur, s\u2019est appropri\u00e9 certaines de ses \u0153uvres, un scandale absolu! \u00a0\u00bb Partant de ce postulat, Andr\u00e9 Peyr\u00e8gne a relev\u00e9 le d\u00e9fi. Celui de tisser non pas une suite indigeste de biographies, encore moins un inventaire exhaustif, mais une s\u00e9rie de r\u00e9cits dr\u00f4les, \u00e9mouvants, tragiques, parfois insolites, concernant une centaine d\u2019entre elles.<\/p>\n<p>Utilis\u00e9es pour remplacer les castrats<\/p>\n<p>De Nadia Boulanger \u00e0 la Callas, en passant par Clara Schumann ou Marie Pleyel. Un livre que l\u2019on peut d\u00e9vorer d\u2019une traite ou picorer \u00e0 sa guise, et qui se lit autant qu\u2019il s\u2019\u00e9coute, puisque chaque histoire est agr\u00e9ment\u00e9e d\u2019une r\u00e9f\u00e9rence d\u2019\u0153uvre musicale. Pour mieux d\u00e9couvrir ces grandes oubli\u00e9es de l\u2019histoire de la musique. M\u00eame si nombre d\u2019entre elles, \u00e0 l\u2019instar de la compositrice Louise Farrenc, disparue en 1875, ont milit\u00e9 pour qu\u2019il y ait des musiciennes dans les orchestres.<\/p>\n<p>Pour ce faire, il faudra attendre les ann\u00e9es 1940-1950 en ce qui concerne les orchestres fran\u00e7ais, rappelle Andr\u00e9 Peyr\u00e8gne, 1980 \u00e0 l\u2019Orchestre philharmonique de Berlin, et 1997 pour celui de Vienne! Les chanteuses, toutefois, sont autoris\u00e9es \u00e0 se produire sur sc\u00e8ne bien avant, afin de&#8230; remplacer les castrats, utilis\u00e9s jusqu\u2019au XVIIIe si\u00e8cle, pour assurer les voix aigu\u00ebs dont les compositeurs avaient besoin! \u00ab\u00a0\u00c0 un moment donn\u00e9, le Vatican a interdit la castration pour des questions d\u2019hygi\u00e8ne, d\u2019\u00e9thique et de philosophie. Les femmes ont pu revenir sur sc\u00e8ne, \u00e0 un b\u00e9mol pr\u00e8s: celles qui s\u2019y risquaient \u00e9taient consid\u00e9r\u00e9es comme des femmes de mauvaise vie!\u00a0\u00bb<\/p>\n<p>Lily Pons, la petite fianc\u00e9e de l\u2019Am\u00e9rique n\u00e9e \u00e0 Draguignan<\/p>\n<p>Bien plus tard, au d\u00e9but du XXe si\u00e8cle, certaines artistes lyriques seront adul\u00e9es telles des rock stars, \u00e0 commencer par Lily Pons, fille d\u2019une couturi\u00e8re de Draguignan. Apr\u00e8s avoir tent\u00e9 vainement sa chance \u00e0 Cannes, direction l\u2019Am\u00e9rique, o\u00f9 Lily va faire l\u2019objet d\u2019une idol\u00e2trie! \u00ab\u00a0Elle remplissait des stades entiers, un Lily Pons Day a \u00e9t\u00e9 instaur\u00e9, son nom a \u00e9t\u00e9 donn\u00e9 \u00e0 une locomotive, une petite cit\u00e9 pr\u00e8s de New York et elle \u00e9tait re\u00e7ue par des chefs d\u2019\u00c9tat! Elle repose au cimeti\u00e8re du Grand Jas \u00e0 Cannes.\u00a0\u00bb<\/p>\n<p>On d\u00e9couvre p\u00eale-m\u00eale dans ce captivant ouvrage, pr\u00e9fac\u00e9 par Cecilia Bartoli, l\u2019existence d\u2019une diva de 8 ans, celle de deux saintes musiciennes, Hildegarde von Bingen et Sainte-C\u00e9cile, l\u2019\u00e9trange relation entre Erik Satie et Suzanne Valadon, ou celle tout aussi surprenante de Tcha\u00efkovski et de sa m\u00e9c\u00e8ne Nadejda. Et Andr\u00e9 Peyr\u00e8gne de conclure: \u00ab\u00a0D\u00e9sormais, la place des femmes est d\u00e9finitivement acquise dans l\u2019histoire de la musique, et tout le monde s\u2019en r\u00e9jouit!\u00a0\u00bb<\/p>\n<p>D\u00e9dicaces : ce jeudi 18 septembre \u00e0 19h30 \u00e0 la librairie Mass\u00e9na de Nice. Mardi 30 septembre \u00e0 la librairie Charlemagne \u00e0 Toulon et \u00e0 Villeneuve-Loubet samedi 18 octobre au salon du livre d\u2019Histoire.<\/p>\n","protected":false},"excerpt":{"rendered":"Une couverture rose, orn\u00e9e d\u2019une mosa\u00efque de portraits tr\u00e8s warholienne. Ainsi se pr\u00e9sente Petites Histoires f\u00e9minines de la&hellip;\n","protected":false},"author":2,"featured_media":399843,"comment_status":"","ping_status":"","sticky":false,"template":"","format":"standard","meta":{"footnotes":""},"categories":[2819],"tags":[1111,11,251,1777,674,1011,27,1351,12,2401,882,25],"class_list":{"0":"post-406383","1":"post","2":"type-post","3":"status-publish","4":"format-standard","5":"has-post-thumbnail","7":"category-nice","8":"tag-actu","9":"tag-actualites","10":"tag-culture","11":"tag-eu","12":"tag-europe","13":"tag-fr","14":"tag-france","15":"tag-litterature","16":"tag-news","17":"tag-nice","18":"tag-provence-alpes-cote-dazur","19":"tag-republique-francaise"},"share_on_mastodon":{"url":"https:\/\/pubeurope.com\/@fr\/115240426816952282","error":""},"_links":{"self":[{"href":"https:\/\/www.europesays.com\/fr\/wp-json\/wp\/v2\/posts\/406383","targetHints":{"allow":["GET"]}}],"collection":[{"href":"https:\/\/www.europesays.com\/fr\/wp-json\/wp\/v2\/posts"}],"about":[{"href":"https:\/\/www.europesays.com\/fr\/wp-json\/wp\/v2\/types\/post"}],"author":[{"embeddable":true,"href":"https:\/\/www.europesays.com\/fr\/wp-json\/wp\/v2\/users\/2"}],"replies":[{"embeddable":true,"href":"https:\/\/www.europesays.com\/fr\/wp-json\/wp\/v2\/comments?post=406383"}],"version-history":[{"count":0,"href":"https:\/\/www.europesays.com\/fr\/wp-json\/wp\/v2\/posts\/406383\/revisions"}],"wp:featuredmedia":[{"embeddable":true,"href":"https:\/\/www.europesays.com\/fr\/wp-json\/wp\/v2\/media\/399843"}],"wp:attachment":[{"href":"https:\/\/www.europesays.com\/fr\/wp-json\/wp\/v2\/media?parent=406383"}],"wp:term":[{"taxonomy":"category","embeddable":true,"href":"https:\/\/www.europesays.com\/fr\/wp-json\/wp\/v2\/categories?post=406383"},{"taxonomy":"post_tag","embeddable":true,"href":"https:\/\/www.europesays.com\/fr\/wp-json\/wp\/v2\/tags?post=406383"}],"curies":[{"name":"wp","href":"https:\/\/api.w.org\/{rel}","templated":true}]}}