{"id":406384,"date":"2025-09-21T04:34:12","date_gmt":"2025-09-21T04:34:12","guid":{"rendered":"https:\/\/www.europesays.com\/fr\/406384\/"},"modified":"2025-09-21T04:34:12","modified_gmt":"2025-09-21T04:34:12","slug":"brest-nice-lun-des-meilleurs-de-ligue-1-ludovic-ajorque-lattaquant-sous-estime-qui-brille-et-sublime-un-collectif","status":"publish","type":"post","link":"https:\/\/www.europesays.com\/fr\/406384\/","title":{"rendered":"Brest &#8211; Nice\u00a0: \u00ab\u00a0L\u2019un des meilleurs de Ligue\u00a01\u00a0\u00bb, Ludovic Ajorque, l\u2019attaquant \u00ab\u00a0sous-estim\u00e9\u00a0\u00bb qui brille et sublime un collectif"},"content":{"rendered":"<p>Ligue 1 (5e journ\u00e9e). Stade Brestois &#8211; OGC Nice : 4-1<\/p>\n<p>Dans une carri\u00e8re, ils ne sont finalement pas si nombreux les matchs o\u00f9 un joueur survole autant les d\u00e9bats, r\u00e9ussit tout ce qu\u2019il entreprend et sublime chaque ballon. Samedi, Ludovic Ajorque (31 ans), logiquement ovationn\u00e9 par Le Bl\u00e9 \u00e0 sa sortie, a r\u00e9alis\u00e9 ce type de prestation. Au point de parler de match parfait ? Si l\u2019on veut chipoter, on pourra regretter que sa t\u00eate, au retour des vestiaires (52\u2019), ait trouv\u00e9 la barre de Diouf plut\u00f4t que les filets. Mis \u00e0 part cela, rien n\u2019est \u00e0 jeter. L\u2019attaquant brestois a livr\u00e9 une v\u00e9ritable d\u00e9monstration de tout ce qu\u2019il peut apporter \u00e0 une \u00e9quipe.<\/p>\n<p>\u00ab Il a un QI football au-dessus de la moyenne \u00bb<\/p>\n<p>Pendant 85 minutes, il a tout fait : l\u2019ouverture du score (6\u2019) en renard des surfaces apr\u00e8s un superbe num\u00e9ro de Romain Del Castillo, son premier de la saison, puis trois passes d\u00e9cisives, dont une gr\u00e2ce \u00e0 son fameux ext\u00e9rieur du pied gauche, \u00ab sa sp\u00e9ciale \u00bb. \u00ab C\u2019est un ph\u00e9nom\u00e8ne, c\u2019est l\u2019un des meilleurs attaquants du championnat \u00bb, lan\u00e7ait m\u00eame Hugo Magnetti. <\/p>\n<p><img decoding=\"async\" src=\"https:\/\/www.europesays.com\/fr\/wp-content\/uploads\/2025\/09\/68cf185f105e959e770d1c22.1.jpeg\" width=\"480\" height=\"300\" class=\"web_golden_m\" loading=\"lazy\" alt=\"Ludovic Ajorque a inscrit le premier but de sa saison.\"\/>Ludovic Ajorque a inscrit le premier but de sa saison. (Photo Jean-Michel Louarn)<\/p>\n<p>Mais les statistiques ne disent pas tout de l\u2019importance de l\u2019ancien Strasbourgeois au sein du collectif finist\u00e9rien. Tout ce qu\u2019il fait respire l\u2019intelligence. \u00ab La lessiveuse \u00bb, pouvait-on m\u00eame entendre dans les trav\u00e9es de Le Bl\u00e9, comme pour mieux rappeler qu\u2019un ballon compliqu\u00e9 ressort propre apr\u00e8s \u00eatre pass\u00e9 par ses pieds.<\/p>\n<p>\u00ab Au-del\u00e0 de son physique, il domine parce qu\u2019il a un QI football au-dessus de la moyenne. Il sait \u00eatre collectif, jouer pour l\u2019\u00e9quipe. J\u2019ai dit \u00e0 la mi-temps aux gar\u00e7ons que Ludo \u00e9tait dominant, et qu\u2019il fallait en profiter pour s\u2019appuyer sur lui, explique \u00c9ric Roy. Je suis content parce que c\u2019est quelqu\u2019un qui est toujours sous-estim\u00e9, qui travaille tellement pour l\u2019\u00e9quipe et souvent ce sont les autres qui sont r\u00e9compens\u00e9s. \u00bb<\/p>\n<p>Ajorque soulage ses co\u00e9quipiers<\/p>\n<p>Il a \u00e9c\u0153ur\u00e9 les d\u00e9fenseurs adverses dans son r\u00f4le de pivot en remportant quasiment tous les duels (16 duels remport\u00e9s, plus haut total de la rencontre). \u00ab C\u2019est tr\u00e8s compliqu\u00e9 de jouer contre un attaquant comme \u00e7a, ajoute Joris Chotard, buteur sur une passe d\u2019Ajorque. Il est complet, sait faire des passes et il sait marquer. \u00bb<\/p>\n<p>Et quand Brest subit, Ajorque reste une solution pr\u00e9cieuse pour soulager ses co\u00e9quipiers par sa taille (1,96 m), mais pas seulement. \u00ab Ce sont des ballons qui nous font \u00e9norm\u00e9ment de bien quand on traverse des phases compliqu\u00e9es pour souffler et mettre en place notre jeu plus haut \u00bb, explique la recrue brestoise. Plus que jamais, Ludovic Ajorque n\u2019a pas seulement brill\u00e9, il a fait rayonner tout le Stade Brestois.<\/p>\n","protected":false},"excerpt":{"rendered":"Ligue 1 (5e journ\u00e9e). Stade Brestois &#8211; OGC Nice : 4-1 Dans une carri\u00e8re, ils ne sont finalement&hellip;\n","protected":false},"author":2,"featured_media":406385,"comment_status":"","ping_status":"","sticky":false,"template":"","format":"standard","meta":{"footnotes":""},"categories":[2819],"tags":[1111,11,3450,1777,674,63,1011,27,66,12,2401,882,25,517,4449],"class_list":{"0":"post-406384","1":"post","2":"type-post","3":"status-publish","4":"format-standard","5":"has-post-thumbnail","7":"category-nice","8":"tag-actu","9":"tag-actualites","10":"tag-brest","11":"tag-eu","12":"tag-europe","13":"tag-football","14":"tag-fr","15":"tag-france","16":"tag-ligue-1","17":"tag-news","18":"tag-nice","19":"tag-provence-alpes-cote-dazur","20":"tag-republique-francaise","21":"tag-sport","22":"tag-stade-brestois"},"share_on_mastodon":{"url":"https:\/\/pubeurope.com\/@fr\/115240430929922254","error":""},"_links":{"self":[{"href":"https:\/\/www.europesays.com\/fr\/wp-json\/wp\/v2\/posts\/406384","targetHints":{"allow":["GET"]}}],"collection":[{"href":"https:\/\/www.europesays.com\/fr\/wp-json\/wp\/v2\/posts"}],"about":[{"href":"https:\/\/www.europesays.com\/fr\/wp-json\/wp\/v2\/types\/post"}],"author":[{"embeddable":true,"href":"https:\/\/www.europesays.com\/fr\/wp-json\/wp\/v2\/users\/2"}],"replies":[{"embeddable":true,"href":"https:\/\/www.europesays.com\/fr\/wp-json\/wp\/v2\/comments?post=406384"}],"version-history":[{"count":0,"href":"https:\/\/www.europesays.com\/fr\/wp-json\/wp\/v2\/posts\/406384\/revisions"}],"wp:featuredmedia":[{"embeddable":true,"href":"https:\/\/www.europesays.com\/fr\/wp-json\/wp\/v2\/media\/406385"}],"wp:attachment":[{"href":"https:\/\/www.europesays.com\/fr\/wp-json\/wp\/v2\/media?parent=406384"}],"wp:term":[{"taxonomy":"category","embeddable":true,"href":"https:\/\/www.europesays.com\/fr\/wp-json\/wp\/v2\/categories?post=406384"},{"taxonomy":"post_tag","embeddable":true,"href":"https:\/\/www.europesays.com\/fr\/wp-json\/wp\/v2\/tags?post=406384"}],"curies":[{"name":"wp","href":"https:\/\/api.w.org\/{rel}","templated":true}]}}