{"id":406396,"date":"2025-09-21T04:42:15","date_gmt":"2025-09-21T04:42:15","guid":{"rendered":"https:\/\/www.europesays.com\/fr\/406396\/"},"modified":"2025-09-21T04:42:15","modified_gmt":"2025-09-21T04:42:15","slug":"quelle-sera-la-meteo-pour-ce-dernier-jour-de-lete-a-toulouse-et-en-occitanie","status":"publish","type":"post","link":"https:\/\/www.europesays.com\/fr\/406396\/","title":{"rendered":"Quelle sera la m\u00e9t\u00e9o pour ce dernier jour de l&rsquo;\u00e9t\u00e9 \u00e0 Toulouse et en Occitanie\u00a0?"},"content":{"rendered":"<p>            Par<br \/>\n        <strong><br \/>\n            <a href=\"https:\/\/actu.fr\/auteur\/lucie-2\" title=\"Consulter tous les articles de Lucie Fraisse\" rel=\"nofollow noopener\" target=\"_blank\">Lucie Fraisse<\/a><br \/>\n        <\/strong><\/p>\n<p>        Publi\u00e9 le<\/p>\n<p>            21 sept. 2025 \u00e0 6h06        <\/p>\n<p>Cette ann\u00e9e, l\u2019automne d\u00e9bute officiellement lundi 22 septembre 2025. Ce dimanche est donc le dernier jour d\u2019\u00e9t\u00e9 de l\u2019ann\u00e9e ! Voici ce que pr\u00e9voit M\u00e9t\u00e9o France pour le ciel de Toulouse et d\u2019Occitanie pour la journ\u00e9e.<\/p>\n<p>Grisaille \u00e0 Toulouse<\/p>\n<p class=\" wall-content\">\u00c0 Toulouse, c\u2019est la grisaille qui pr\u00e9domine. Avec des petites pluies fines tout au long de la journ\u00e9e et des temp\u00e9ratures aux alentours de 17 degr\u00e9s. Le vent sera faible.<\/p>\n<p>    <img   decoding=\"async\" loading=\"lazy\" src=\"https:\/\/www.europesays.com\/fr\/wp-content\/uploads\/2025\/09\/meteo-toulouse-dimanche-960x438.jpg\" alt=\"Les pr\u00e9visions \u00e0 Toulouse.\" width=\"960\" height=\"438\"\/><br \/>\n    Les pr\u00e9visions \u00e0 Toulouse. (\u00a9M\u00e9t\u00e9o France)Orages en Occitanie<\/p>\n<p class=\" wall-content\">\u00c7a sent la fin de l\u2019\u00e9t\u00e9 aussi dans les autres d\u00e9partements d\u2019<strong>Occitanie<\/strong>, avec de la grisaille et des pluies faibles tout au long de la journ\u00e9e ce dimanche.<\/p>\n<p class=\" wall-content\">Des averses orageuses sont annonc\u00e9es \u00e0 l\u2019est de la r\u00e9gion, sur le littoral, mais aussi en Loz\u00e8re.<\/p>\n<p class=\" wall-content\">Personnalisez votre actualit\u00e9 en ajoutant vos villes et m\u00e9dias en favori avec <a href=\"https:\/\/moncompte.actu.fr\" title=\"D\u00e9couvez Mon Actu\" rel=\"nofollow noopener\" data-trk=\"{&quot;cta&quot;:{&quot;action&quot;:&quot;https:\\\/\\\/moncompte.actu.fr&quot;,&quot;category&quot;:&quot;mon compte&quot;,&quot;from&quot;:&quot;article footer&quot;,&quot;name&quot;:&quot;Mon actu&quot;,&quot;type&quot;:&quot;cta&quot;}}\" target=\"_blank\">Mon Actu<\/a>.<\/p>\n","protected":false},"excerpt":{"rendered":"Par Lucie Fraisse Publi\u00e9 le 21 sept. 2025 \u00e0 6h06 Cette ann\u00e9e, l\u2019automne d\u00e9bute officiellement lundi 22 septembre&hellip;\n","protected":false},"author":2,"featured_media":351345,"comment_status":"","ping_status":"","sticky":false,"template":"","format":"standard","meta":{"footnotes":""},"categories":[2816],"tags":[1111,11,1777,674,1011,27,2487,12,2680,25,2312],"class_list":{"0":"post-406396","1":"post","2":"type-post","3":"status-publish","4":"format-standard","5":"has-post-thumbnail","7":"category-toulouse","8":"tag-actu","9":"tag-actualites","10":"tag-eu","11":"tag-europe","12":"tag-fr","13":"tag-france","14":"tag-meteo","15":"tag-news","16":"tag-occitanie","17":"tag-republique-francaise","18":"tag-toulouse"},"share_on_mastodon":{"url":"https:\/\/pubeurope.com\/@fr\/115240458401759095","error":""},"_links":{"self":[{"href":"https:\/\/www.europesays.com\/fr\/wp-json\/wp\/v2\/posts\/406396","targetHints":{"allow":["GET"]}}],"collection":[{"href":"https:\/\/www.europesays.com\/fr\/wp-json\/wp\/v2\/posts"}],"about":[{"href":"https:\/\/www.europesays.com\/fr\/wp-json\/wp\/v2\/types\/post"}],"author":[{"embeddable":true,"href":"https:\/\/www.europesays.com\/fr\/wp-json\/wp\/v2\/users\/2"}],"replies":[{"embeddable":true,"href":"https:\/\/www.europesays.com\/fr\/wp-json\/wp\/v2\/comments?post=406396"}],"version-history":[{"count":0,"href":"https:\/\/www.europesays.com\/fr\/wp-json\/wp\/v2\/posts\/406396\/revisions"}],"wp:featuredmedia":[{"embeddable":true,"href":"https:\/\/www.europesays.com\/fr\/wp-json\/wp\/v2\/media\/351345"}],"wp:attachment":[{"href":"https:\/\/www.europesays.com\/fr\/wp-json\/wp\/v2\/media?parent=406396"}],"wp:term":[{"taxonomy":"category","embeddable":true,"href":"https:\/\/www.europesays.com\/fr\/wp-json\/wp\/v2\/categories?post=406396"},{"taxonomy":"post_tag","embeddable":true,"href":"https:\/\/www.europesays.com\/fr\/wp-json\/wp\/v2\/tags?post=406396"}],"curies":[{"name":"wp","href":"https:\/\/api.w.org\/{rel}","templated":true}]}}