{"id":406399,"date":"2025-09-21T04:44:11","date_gmt":"2025-09-21T04:44:11","guid":{"rendered":"https:\/\/www.europesays.com\/fr\/406399\/"},"modified":"2025-09-21T04:44:11","modified_gmt":"2025-09-21T04:44:11","slug":"la-frite-fait-sa-rentree","status":"publish","type":"post","link":"https:\/\/www.europesays.com\/fr\/406399\/","title":{"rendered":"la frite fait sa rentr\u00e9e"},"content":{"rendered":"<p>Objectif de septembre : garder la frite. Et elle ne manque pas d&rsquo;occasions de briller. En librairies d&rsquo;abord, avec Ma frite ador\u00e9e de Marie-Laure Fr\u00e9chet, journaliste et pr\u00e9sidente de la toute jeune Confr\u00e9rie de la frite fra\u00eeche maison, cr\u00e9\u00e9e \u00e0 Arras en 2023. \u00c0 <a href=\"https:\/\/www.latribune.fr\/supplement\/la-tribune-now\/lille-s-affirme-comme-moteur-de-l-ia-territoriale-avec-le-premier-ia-summit-des-hauts-de-france-1027685.html\" target=\"_blank\" rel=\"noopener\">Lille<\/a> ensuite, o\u00f9 pr\u00e8s de 30\u2009.000\u202ftonnes ont \u00e9t\u00e9 englouties lors de la braderie. Et \u00e0 Arras enfin, qui accueillera samedi la troisi\u00e8me \u00e9dition du <a href=\"https:\/\/arraspaysdartois.com\/agenda\/championnat-du-monde-de-la-frite\/\" target=\"_blank\" rel=\"noopener\">championnat du monde de la frite<\/a>, organis\u00e9 avec la complicit\u00e9 de cette m\u00eame passionn\u00e9e.<\/p>\n<p>Originaire du Pas-de-Calais, Marie-Laure Fr\u00e9chet d\u00e9fend avec ferveur ce patrimoine culinaire. Son dernier opus, un petit livre jaune&#8230; frite, est un v\u00e9ritable manuel de la frite maison\u2009: choix des pommes de terre -\u202fbintje, agria ou artemis\u202f-, forme de d\u00e9coupe (paille, allumette ou pont-neuf\u2009?), duel entre graisse de b\u0153uf et huile v\u00e9g\u00e9tale (la seconde n&rsquo;\u00e9tant pas la plus \u00e9cologique, la premi\u00e8re permettant \u00e0 la fois de recycler un sous-produit animal plus stable en cuisson -\u202fsix bains avec le gras de b\u0153uf contre deux seulement avec <a href=\"https:\/\/www.latribune.fr\/climat\/energie-environnement\/carburant-durable-l-huile-de-tournesol-francaise-entre-dans-la-course-1028895.html\" target=\"_blank\" rel=\"noopener\">l&rsquo;huile v\u00e9g\u00e9tale<\/a>).<\/p>\n<p>Sans oublier la question cruciale du type de friteuse. M\u00eame si pr\u00e8s d&rsquo;un tiers des foyers fran\u00e7ais s&rsquo;\u00e9quipent d\u00e9sormais d&rsquo;un air fryer, star du petit \u00e9lectrom\u00e9nager, les puristes rappellent qu&rsquo;une vraie frite se plonge dans l&rsquo;huile. Marie-Laure Fr\u00e9chet livre aussi ses bonnes adresses -\u202fdes Hauts-de-France \u00e0 <a href=\"https:\/\/www.latribune.fr\/technos-medias\/informatique\/quantique-le-plan-de-bruxelles-pour-prendre-sa-revanche-technologique-1028719.html\" target=\"_blank\" rel=\"noopener\">Bruxelles<\/a> en passant par Paris\u202f-, les recettes de sauces l\u00e9gendaires et quelques plats d&rsquo;accompagnement de Sa Majest\u00e9 la frite.<\/p>\n<p>Ind\u00e9tr\u00f4nable sur la table familiale comme au restaurant, elle d\u00e9fie les modes. Depuis qu&rsquo;Antoine Parmentier lui a donn\u00e9 ses lettres de noblesse, elle a circul\u00e9 de banquets en bistrots, s&#8217;embourgeoisant parfois telle la frite souffl\u00e9e, flirtant avec l&rsquo;exotisme de la <a href=\"https:\/\/www.latribune.fr\/culture-lifestyle\/recette-de-saison-la-puree-de-patate-douce-990783.html\" target=\"_blank\" rel=\"noopener\">patate douce<\/a>, s&rsquo;essayant aux \u00e9pices et aux herbes aromatiques, godillant avec les diktats du bien-manger, moins de sel, moins de gras&#8230;<\/p>\n<p><img alt=\"Ma frite ador\u00e9e Paris-Lille-Bruxelles : sur la route de la frite - Carnet de recettes et d'adresses Marie-Laure Fr\u00e9chet, Val\u00e9rie Lhomme.\" fetchpriority=\"auto\" loading=\"lazy\" decoding=\"async\" data-nimg=\"fill\" class=\"TwicCore_img__i9TC1\" style=\"position:absolute;height:100%;width:100%;left:0;top:0;right:0;bottom:0;color:transparent\"   src=\"https:\/\/www.europesays.com\/fr\/wp-content\/uploads\/2025\/09\/2653330.jpg\"\/>\u00ab Ma frite ador\u00e9e &#8211; Paris-Lille-Bruxelles : sur la route de la frite &#8211; Carnet de recettes et d&rsquo;adresses \u00bb, de Marie-Laure Fr\u00e9chet, Val\u00e9rie Lhomme. (Cr\u00e9dits : LTD\/Val\u00e9rie Lhomme ; DR)<\/p>\n<p>Mais elle n&rsquo;a jamais reni\u00e9 son essence : croustillante dehors, moelleuse dedans. L&rsquo;industrialisation a bien tent\u00e9 de nous refiler ses clones surgel\u00e9s, pr\u00e9frits et calibr\u00e9s. En vain : les vrais amateurs savent qu&rsquo;une frite digne de ce nom na\u00eet d&rsquo;une pomme de terre fra\u00eeche.<\/p>\n<p>C&rsquo;est pr\u00e9cis\u00e9ment cette authenticit\u00e9 que le championnat du monde met \u00e0 l&rsquo;honneur. Et Arras n&rsquo;a pas \u00e9t\u00e9 choisi au hasard : l&rsquo;Artois concentre de nombreux producteurs de pommes de terre, compte au moins quinze friteries -\u202fdavantage qu&rsquo;\u00e0 <a href=\"https:\/\/www.latribune.fr\/la-tribune-dimanche\/politique\/a-lille-vers-le-plus-grand-perimetre-de-transport-gratuit-1011417.html\" target=\"_blank\" rel=\"noopener\">Lille\u202f<\/a>&#8211; et peut se targuer d&rsquo;avoir donn\u00e9 au tubercule un pionnier illustre, le botaniste Charles de L&rsquo;\u00e9cluse, bien avant Parmentier. Capitale mondiale le temps d&rsquo;une journ\u00e9e\u2009? Assur\u00e9ment.<\/p>\n<p>Le succ\u00e8s des deux premi\u00e8res \u00e9ditions (50\u2009.000\u202fvisiteurs) laisse pr\u00e9sager une nouvelle affluence record. Cinq cat\u00e9gories seront prim\u00e9es : frite authentique, familiale, cr\u00e9ative, du monde et sauce frite. Tout se d\u00e9roulera sur la Grand-Place, transform\u00e9e en village festif avec d\u00e9gustations, master class, lancer de frites, course de sacs \u00e0 patates et, pour clore, une soir\u00e9e disco frites. Les plus passionn\u00e9s pourront m\u00eame \u00eatre intronis\u00e9s par la confr\u00e9rie. Car, comme aime \u00e0 le rappeler Marie-Laure Fr\u00e9chet : \u00ab\u202fMangez des frites et faites des frites, c&rsquo;est un acte de r\u00e9sistance.\u202f\u00bb<\/p>\n<p>Carnet d&rsquo;adresses <\/p>\n<p><strong>\ud83d\udccd\u00c0 Paris, Savy, 23, rue Bayard (8e)<\/strong><br \/>La brasserie \u00e0 l&rsquo;ancienne qui propose de vraies frites maison.<\/p>\n<p><strong>\ud83d\udccdDans le Nord<\/strong><br \/>Friterie Mestr\u00e9, 305, rue L\u00e9on-Gambetta (Lille).<br \/>Le gagnant du championnat du monde de la frite 2023.<\/p>\n<p><strong>\ud83d\udccdEn Belgique<\/strong><br \/>Maison Antoine, 1, place Jourdan (Bruxelles).<br \/>Des frites maison servies dans d&rsquo;\u00e9normes cornets\u2009 !<\/p>\n","protected":false},"excerpt":{"rendered":"Objectif de septembre : garder la frite. Et elle ne manque pas d&rsquo;occasions de briller. En librairies d&rsquo;abord,&hellip;\n","protected":false},"author":2,"featured_media":406400,"comment_status":"","ping_status":"","sticky":false,"template":"","format":"standard","meta":{"footnotes":""},"categories":[2815],"tags":[17,1111,11,17804,3233,1777,674,21,1011,27,53829,811,3102,1307,74,12,28313,25],"class_list":{"0":"post-406399","1":"post","2":"type-post","3":"status-publish","4":"format-standard","5":"has-post-thumbnail","7":"category-lille","8":"tag-17","9":"tag-actu","10":"tag-actualites","11":"tag-braderie","12":"tag-championnat","13":"tag-eu","14":"tag-europe","15":"tag-fait","16":"tag-fr","17":"tag-france","18":"tag-frite","19":"tag-hauts-de-france","20":"tag-la-tribune-dimanche","21":"tag-lille","22":"tag-monde","23":"tag-news","24":"tag-rentree","25":"tag-republique-francaise"},"share_on_mastodon":{"url":"https:\/\/pubeurope.com\/@fr\/115240466173671676","error":""},"_links":{"self":[{"href":"https:\/\/www.europesays.com\/fr\/wp-json\/wp\/v2\/posts\/406399","targetHints":{"allow":["GET"]}}],"collection":[{"href":"https:\/\/www.europesays.com\/fr\/wp-json\/wp\/v2\/posts"}],"about":[{"href":"https:\/\/www.europesays.com\/fr\/wp-json\/wp\/v2\/types\/post"}],"author":[{"embeddable":true,"href":"https:\/\/www.europesays.com\/fr\/wp-json\/wp\/v2\/users\/2"}],"replies":[{"embeddable":true,"href":"https:\/\/www.europesays.com\/fr\/wp-json\/wp\/v2\/comments?post=406399"}],"version-history":[{"count":0,"href":"https:\/\/www.europesays.com\/fr\/wp-json\/wp\/v2\/posts\/406399\/revisions"}],"wp:featuredmedia":[{"embeddable":true,"href":"https:\/\/www.europesays.com\/fr\/wp-json\/wp\/v2\/media\/406400"}],"wp:attachment":[{"href":"https:\/\/www.europesays.com\/fr\/wp-json\/wp\/v2\/media?parent=406399"}],"wp:term":[{"taxonomy":"category","embeddable":true,"href":"https:\/\/www.europesays.com\/fr\/wp-json\/wp\/v2\/categories?post=406399"},{"taxonomy":"post_tag","embeddable":true,"href":"https:\/\/www.europesays.com\/fr\/wp-json\/wp\/v2\/tags?post=406399"}],"curies":[{"name":"wp","href":"https:\/\/api.w.org\/{rel}","templated":true}]}}