{"id":406410,"date":"2025-09-21T04:51:11","date_gmt":"2025-09-21T04:51:11","guid":{"rendered":"https:\/\/www.europesays.com\/fr\/406410\/"},"modified":"2025-09-21T04:51:11","modified_gmt":"2025-09-21T04:51:11","slug":"carte-la-revolution-est-loin-mais-paris-reste-une-place-forte-de-la-noblesse-voici-ses-quartiers-preferes","status":"publish","type":"post","link":"https:\/\/www.europesays.com\/fr\/406410\/","title":{"rendered":"CARTE. La R\u00e9volution est loin mais Paris reste une place forte de la noblesse : voici ses quartiers pr\u00e9f\u00e9r\u00e9s"},"content":{"rendered":"<p>            Par<br \/>\n        <strong><br \/>\n            <a href=\"https:\/\/actu.fr\/auteur\/thomas-martin\" title=\"Consulter tous les articles de Thomas Martin\" rel=\"nofollow noopener\" target=\"_blank\">Thomas Martin<\/a><br \/>\n        <\/strong><\/p>\n<p>        Publi\u00e9 le<\/p>\n<p>            21 sept. 2025 \u00e0 6h34        <\/p>\n<p>Dans \u00ab\u00a0La Roue de la fortune. Constitution et transmission des patrimoines dans la France contemporaine\u00a0\u00bb, la <a href=\"https:\/\/www.jean-jaures.org\/publication\/la-roue-de-la-fortune-constitution-et-transmission-des-patrimoines-dans-la-france-contemporaine\/\" rel=\"nofollow noopener\" target=\"_blank\">Fondation Jean-Jaur\u00e8s<\/a> s\u2019est notamment int\u00e9ress\u00e9 \u00e0 la constitution des gros patrimoines, particuli\u00e8rement nombreux \u00e0 Paris. Elle consacre une partie de son analyse \u00e0 la pr\u00e9sence de la <strong>noblesse<\/strong> dans la capitale : \u00ab\u00a0Plus de trois si\u00e8cles apr\u00e8s le r\u00e8gne du Roi-Soleil et plus de deux cent trente ans apr\u00e8s la R\u00e9volution, le ph\u00e9nom\u00e8ne de concentration des particules \u00e0 Paris est toujours d\u2019actualit\u00e9\u00a0\u00bb. Alors que la noblesse repr\u00e9senterait aujourd\u2019hui environ 100 000 personnes et 3 000 familles, soit 0,2 % de la population fran\u00e7aise, cette proportion est pratiquement dix fois plus importante \u00e0 Paris puisqu\u2019elle atteint 1,8 %.\u00a0<\/p>\n<p>Jusqu\u2019\u00e0 12% de la population dans certains quartiers de Paris<\/p>\n<p class=\" wall-content\">Les ann\u00e9es passent mais les familles de l\u2019aristocratie continuent \u00e0 vivre majoritairement dans certains quartiers de la capitale. Sans v\u00e9ritable surprise, on les retrouve pour l\u2019essentiel dans les 7e, 8e et 16e arrondissements.<\/p>\n<p class=\" wall-content\">\u00ab\u00a0Elles peuvent repr\u00e9senter plus de 5 % de la population, voire parfois entre 9 % et 12 %, comme dans les quartiers de l\u2019\u00e9glise Sainte-Clotilde, de la rue du Bac ou de Bellechasse dans le 7e arrondissement ou autour du coll\u00e8ge Janson-de-Sailly dans le 16e arrondissement\u00a0\u00bb, pr\u00e9cise l\u2019\u00e9tude qui rel\u00e8ve \u00ab\u00a0la permanence de l\u2019ancrage de ces familles dans certains quartiers\u00a0\u00bb.<\/p>\n<p>    <img   decoding=\"async\" loading=\"lazy\" src=\"https:\/\/www.europesays.com\/fr\/wp-content\/uploads\/2025\/09\/image-3-960x640.png\" alt=\"La noblesse se concentre dans l'ouest de Paris\" width=\"960\" height=\"640\"\/><br \/>\n    La noblesse se concentre dans l\u2019ouest de Paris (\u00a9Fondation Jean-Jaur\u00e8s)<\/p>\n<p class=\" wall-content\">Un ph\u00e9nom\u00e8ne qui selon la fondation Jean-Jaur\u00e8s \u00ab\u00a0s\u2019explique par le fait qu\u2019elles sont historiquement propri\u00e9taires de leur logement dans ces beaux quartiers et le transmettent de g\u00e9n\u00e9ration en g\u00e9n\u00e9ration\u00a0\u00bb.<\/p>\n<p class=\" wall-content\">Autre point soulev\u00e9 : l\u2019entre-soi. On rel\u00e8ve au sein de la noblesse un tr\u00e8s fort taux d\u2019endogamie puisque 32 % des nobles vivant \u00e0 Paris sont mari\u00e9(e)s \u00e0 un(e) noble. Un taux jug\u00e9 \u00ab\u00a0assez spectaculaire pour un groupe social pesant moins de 2% de la population parisienne\u00a0\u00bb.\u00a0<\/p>\n<p class=\" wall-content\">Personnalisez votre actualit\u00e9 en ajoutant vos villes et m\u00e9dias en favori avec <a href=\"https:\/\/moncompte.actu.fr\" title=\"D\u00e9couvez Mon Actu\" rel=\"nofollow noopener\" data-trk=\"{&quot;cta&quot;:{&quot;action&quot;:&quot;https:\\\/\\\/moncompte.actu.fr&quot;,&quot;category&quot;:&quot;mon compte&quot;,&quot;from&quot;:&quot;article footer&quot;,&quot;name&quot;:&quot;Mon actu&quot;,&quot;type&quot;:&quot;cta&quot;}}\" target=\"_blank\">Mon Actu<\/a>.<\/p>\n","protected":false},"excerpt":{"rendered":"Par Thomas Martin Publi\u00e9 le 21 sept. 2025 \u00e0 6h34 Dans \u00ab\u00a0La Roue de la fortune. Constitution et&hellip;\n","protected":false},"author":2,"featured_media":406411,"comment_status":"","ping_status":"","sticky":false,"template":"","format":"standard","meta":{"footnotes":""},"categories":[1888],"tags":[1111,1928,11,1927,1777,674,652,1011,27,1116,12,1926,626,1925,25,104],"class_list":{"0":"post-406410","1":"post","2":"type-post","3":"status-publish","4":"format-standard","5":"has-post-thumbnail","7":"category-paris","8":"tag-actu","9":"tag-actu-paris","10":"tag-actualites","11":"tag-actualites-paris","12":"tag-eu","13":"tag-europe","14":"tag-famille","15":"tag-fr","16":"tag-france","17":"tag-immobilier","18":"tag-news","19":"tag-news-paris","20":"tag-paris","21":"tag-paris-news","22":"tag-republique-francaise","23":"tag-societe"},"share_on_mastodon":{"url":"https:\/\/pubeurope.com\/@fr\/115240494084018194","error":""},"_links":{"self":[{"href":"https:\/\/www.europesays.com\/fr\/wp-json\/wp\/v2\/posts\/406410","targetHints":{"allow":["GET"]}}],"collection":[{"href":"https:\/\/www.europesays.com\/fr\/wp-json\/wp\/v2\/posts"}],"about":[{"href":"https:\/\/www.europesays.com\/fr\/wp-json\/wp\/v2\/types\/post"}],"author":[{"embeddable":true,"href":"https:\/\/www.europesays.com\/fr\/wp-json\/wp\/v2\/users\/2"}],"replies":[{"embeddable":true,"href":"https:\/\/www.europesays.com\/fr\/wp-json\/wp\/v2\/comments?post=406410"}],"version-history":[{"count":0,"href":"https:\/\/www.europesays.com\/fr\/wp-json\/wp\/v2\/posts\/406410\/revisions"}],"wp:featuredmedia":[{"embeddable":true,"href":"https:\/\/www.europesays.com\/fr\/wp-json\/wp\/v2\/media\/406411"}],"wp:attachment":[{"href":"https:\/\/www.europesays.com\/fr\/wp-json\/wp\/v2\/media?parent=406410"}],"wp:term":[{"taxonomy":"category","embeddable":true,"href":"https:\/\/www.europesays.com\/fr\/wp-json\/wp\/v2\/categories?post=406410"},{"taxonomy":"post_tag","embeddable":true,"href":"https:\/\/www.europesays.com\/fr\/wp-json\/wp\/v2\/tags?post=406410"}],"curies":[{"name":"wp","href":"https:\/\/api.w.org\/{rel}","templated":true}]}}