{"id":406414,"date":"2025-09-21T04:53:10","date_gmt":"2025-09-21T04:53:10","guid":{"rendered":"https:\/\/www.europesays.com\/fr\/406414\/"},"modified":"2025-09-21T04:53:10","modified_gmt":"2025-09-21T04:53:10","slug":"neuilly-sur-seine-quatre-interpellations-apres-un-braquage-eclair-a-la-boutique-sfr","status":"publish","type":"post","link":"https:\/\/www.europesays.com\/fr\/406414\/","title":{"rendered":"Neuilly-sur-Seine\u00a0: quatre interpellations apr\u00e8s un braquage \u00e9clair \u00e0 la boutique SFR"},"content":{"rendered":"<p class=\"paragraph text_align_left lp-f-body-02\">Leur cavale n\u2019aura dur\u00e9 qu\u2019une petite heure. Quatre jeunes hommes ont \u00e9t\u00e9 interpell\u00e9s, dans le Val-de-Marne, apr\u00e8s un braquage commis quelques minutes plus t\u00f4t, \u00e0 Neuilly-sur-Seine, dans le d\u00e9partement voisin des Hauts-de-Seine.<\/p>\n<p class=\"paragraph text_align_left lp-f-body-02\">Peu avant 15h30, au moins deux des quatre individus ont fait irruption dans la boutique SFR de la rue Madeleine-Michelis, longue art\u00e8re \u00e0 la fois r\u00e9sidentielle et commer\u00e7ante o\u00f9 se croisaient pourtant bon nombre de riverains.<\/p>\n<p class=\"paragraph text_align_left lp-f-body-02\">\u00ab\u00a0L\u2019un des d\u2019eux a menac\u00e9 les employ\u00e9s en exhibant une arme de poing\u00a0\u00bb, confie une source polici\u00e8re. Sans toutefois faire de bless\u00e9, les malfaiteurs se font remettre un lot de smartphones, \u00ab\u00a0une quinzaine d\u2019appareils\u00a0\u00bb selon la m\u00eame source.<\/p>\n<p>Quinze t\u00e9l\u00e9phones d\u00e9rob\u00e9s<\/p>\n<p class=\"paragraph text_align_left lp-f-body-02\">L\u2019attaque n\u2019aurait dur\u00e9 qu\u2019une poign\u00e9e de secondes. Un braquage \u00e9clair pendant lequel l\u2019un des individus aurait pourtant \u00e9t\u00e9 clairement identifi\u00e9. Ce dernier aurait ensuite \u00e9t\u00e9 reconnu \u00e0 bord du v\u00e9hicule utilis\u00e9 par la petite \u00e9quipe pour prendre la fuite. Un v\u00e9hicule stopp\u00e9, sans heurts, par les forces de police, peu avant 16h30, dans le Val-de-Marne, \u00e0 quelques encablures du p\u00e9riph\u00e9rique. Les quatre suspects ont \u00e9t\u00e9 plac\u00e9s en garde \u00e0 vue.<\/p>\n<p class=\"paragraph text_align_left lp-f-body-02\">Dans un pass\u00e9 r\u00e9cent, <a href=\"https:\/\/www.leparisien.fr\/hauts-de-seine-92\/neuilly-sur-seine-une-vitrine-explosee-et-des-telephones-voles-a-la-boutique-sfr-26-01-2024-PMXV7SQ7FNCQTNTKEEHDXGGYSA.php\" target=\"_self\" rel=\"noopener\">la boutique SFR de la rue Madeleine-Michelis avait d\u00e9j\u00e0 \u00e9t\u00e9 la cible d\u2019une attaque<\/a>, mais en pleine nuit cette fois. Dans celle du 25 au 26\u00a0janvier 2024, vers 5 du matin, deux hommes avaient bris\u00e9 la vitrine, s\u2019\u00e9taient introduits \u00e0 l\u2019int\u00e9rieur du magasin et y avaient vol\u00e9 douze t\u00e9l\u00e9phones portables avant de s\u2019enfuir. En juillet\u00a02022, quarante smartphones avaient \u00e9galement \u00e9t\u00e9 d\u00e9rob\u00e9s par deux hommes casqu\u00e9s et v\u00eatus de noir qui \u00e9taient parvenus \u00e0 prendre la fuite \u00e0 scooter.<\/p>\n","protected":false},"excerpt":{"rendered":"Leur cavale n\u2019aura dur\u00e9 qu\u2019une petite heure. Quatre jeunes hommes ont \u00e9t\u00e9 interpell\u00e9s, dans le Val-de-Marne, apr\u00e8s un&hellip;\n","protected":false},"author":2,"featured_media":406415,"comment_status":"","ping_status":"","sticky":false,"template":"","format":"standard","meta":{"footnotes":""},"categories":[1888],"tags":[11,1777,674,1011,27,3314,1944,53836,12,626,25],"class_list":{"0":"post-406414","1":"post","2":"type-post","3":"status-publish","4":"format-standard","5":"has-post-thumbnail","7":"category-paris","8":"tag-actualites","9":"tag-eu","10":"tag-europe","11":"tag-fr","12":"tag-france","13":"tag-hauts-de-seine","14":"tag-ma-ville","15":"tag-neuilly-sur-seine-92200","16":"tag-news","17":"tag-paris","18":"tag-republique-francaise"},"share_on_mastodon":{"url":"https:\/\/pubeurope.com\/@fr\/115240501519345435","error":""},"_links":{"self":[{"href":"https:\/\/www.europesays.com\/fr\/wp-json\/wp\/v2\/posts\/406414","targetHints":{"allow":["GET"]}}],"collection":[{"href":"https:\/\/www.europesays.com\/fr\/wp-json\/wp\/v2\/posts"}],"about":[{"href":"https:\/\/www.europesays.com\/fr\/wp-json\/wp\/v2\/types\/post"}],"author":[{"embeddable":true,"href":"https:\/\/www.europesays.com\/fr\/wp-json\/wp\/v2\/users\/2"}],"replies":[{"embeddable":true,"href":"https:\/\/www.europesays.com\/fr\/wp-json\/wp\/v2\/comments?post=406414"}],"version-history":[{"count":0,"href":"https:\/\/www.europesays.com\/fr\/wp-json\/wp\/v2\/posts\/406414\/revisions"}],"wp:featuredmedia":[{"embeddable":true,"href":"https:\/\/www.europesays.com\/fr\/wp-json\/wp\/v2\/media\/406415"}],"wp:attachment":[{"href":"https:\/\/www.europesays.com\/fr\/wp-json\/wp\/v2\/media?parent=406414"}],"wp:term":[{"taxonomy":"category","embeddable":true,"href":"https:\/\/www.europesays.com\/fr\/wp-json\/wp\/v2\/categories?post=406414"},{"taxonomy":"post_tag","embeddable":true,"href":"https:\/\/www.europesays.com\/fr\/wp-json\/wp\/v2\/tags?post=406414"}],"curies":[{"name":"wp","href":"https:\/\/api.w.org\/{rel}","templated":true}]}}