{"id":406460,"date":"2025-09-21T05:22:10","date_gmt":"2025-09-21T05:22:10","guid":{"rendered":"https:\/\/www.europesays.com\/fr\/406460\/"},"modified":"2025-09-21T05:22:10","modified_gmt":"2025-09-21T05:22:10","slug":"ol-comment-lyon-risque-de-perdre-les-pedales-avant-le-mercato","status":"publish","type":"post","link":"https:\/\/www.europesays.com\/fr\/406460\/","title":{"rendered":"OL\u00a0: comment Lyon risque de perdre les p\u00e9dales avant le Mercato\u00a0"},"content":{"rendered":"<p><strong>Apr\u00e8s la victoire poussive de l\u2019<a href=\"https:\/\/www.butfootballclub.fr\/619313-une-star-perce-a-lol-mais-un-gros-bemol-surgit-apres-le-succes-sur-le-sco\/\" target=\"_blank\" rel=\"noopener\">OL<\/a> face au SCO (<a href=\"https:\/\/www.butfootballclub.fr\/619300-lol-bat-difficilement-le-sco-angers-et-reprend-la-2eme-place-les-notes-des-gones\/\" target=\"_blank\" rel=\"noopener\">1-0<\/a>), Florent Gautreau s\u2019est montr\u00e9 inquiet pour l\u2019avenir du club rhodanien. Sur l\u2019After Foot, le journaliste a point\u00e9 du doigt la faiblesse du banc lyonnais, un probl\u00e8me qui pourrait peser lourd cette saison.<\/strong><\/p>\n<p>L\u2019OL a encore engrang\u00e9 vendredi contre Angers (<a href=\"https:\/\/www.butfootballclub.fr\/619303-ol-satriano-savoure-et-remercie-le-groupama\/\" target=\"_blank\" rel=\"noopener\">1-0<\/a>). Mais les Lyonnais ont eu toutes les peines du monde \u00e0 s\u2019imposer \u00e0 domicile et ce genre de matches cadenass\u00e9s pend au nez des hommes de Paulo Fonseca, dont le banc reste trop limit\u00e9 selon certains observateurs.<\/p>\n<p>\u00ab C\u2019est \u00e7a qui est le plus inqui\u00e9tant. Tu t\u2019en sors, tu joues tes premiers matchs \u00e0 fond. Il y a une \u00e9nergie depuis le d\u00e9but dans cette \u00e9quipe, c\u2019est vrai qu\u2019il y a une intensit\u00e9. Mais l\u2019entra\u00eeneur va compter sur ce onze-l\u00e0. Il fait tardivement entrer les joueurs qu\u2019il a, car il n\u2019a pas grand-chose sur le banc \u00bb, explique Florent Gautreau sur RMC Sport. Selon lui, cette situation pourrait devenir probl\u00e9matique d\u00e8s que la Coupe d\u2019Europe viendra s\u2019ajouter aux matches de Ligue 1.<\/p>\n<p>Le journaliste souligne que si le match contre le SCO n\u2019est pas inqui\u00e9tant \u00e0 court terme, la r\u00e9alit\u00e9 physique et la profondeur limit\u00e9e de l\u2019effectif pourraient co\u00fbter cher \u00e0 Lyon sur la dur\u00e9e. Cette saison, un banc trop court pourrait peser lourd, surtout dans un calendrier charg\u00e9. Fonseca doit d\u00e9j\u00e0 composer sans Tyler Morton, mais pour Gautreau, il faudra sans doute un mercato ambitieux pour que Lyon tienne la cadence sur tous les fronts.<\/p>\n","protected":false},"excerpt":{"rendered":"Apr\u00e8s la victoire poussive de l\u2019OL face au SCO (1-0), Florent Gautreau s\u2019est montr\u00e9 inquiet pour l\u2019avenir du&hellip;\n","protected":false},"author":2,"featured_media":406461,"comment_status":"","ping_status":"","sticky":false,"template":"","format":"standard","meta":{"footnotes":""},"categories":[9],"tags":[11,448,63,1011,27,66,3388,12,60,10662],"class_list":{"0":"post-406460","1":"post","2":"type-post","3":"status-publish","4":"format-standard","5":"has-post-thumbnail","7":"category-sports","8":"tag-actualites","9":"tag-champions-league","10":"tag-football","11":"tag-fr","12":"tag-france","13":"tag-ligue-1","14":"tag-matchs","15":"tag-news","16":"tag-sports","17":"tag-transferts"},"share_on_mastodon":{"url":"https:\/\/pubeurope.com\/@fr\/115240615736951629","error":""},"_links":{"self":[{"href":"https:\/\/www.europesays.com\/fr\/wp-json\/wp\/v2\/posts\/406460","targetHints":{"allow":["GET"]}}],"collection":[{"href":"https:\/\/www.europesays.com\/fr\/wp-json\/wp\/v2\/posts"}],"about":[{"href":"https:\/\/www.europesays.com\/fr\/wp-json\/wp\/v2\/types\/post"}],"author":[{"embeddable":true,"href":"https:\/\/www.europesays.com\/fr\/wp-json\/wp\/v2\/users\/2"}],"replies":[{"embeddable":true,"href":"https:\/\/www.europesays.com\/fr\/wp-json\/wp\/v2\/comments?post=406460"}],"version-history":[{"count":0,"href":"https:\/\/www.europesays.com\/fr\/wp-json\/wp\/v2\/posts\/406460\/revisions"}],"wp:featuredmedia":[{"embeddable":true,"href":"https:\/\/www.europesays.com\/fr\/wp-json\/wp\/v2\/media\/406461"}],"wp:attachment":[{"href":"https:\/\/www.europesays.com\/fr\/wp-json\/wp\/v2\/media?parent=406460"}],"wp:term":[{"taxonomy":"category","embeddable":true,"href":"https:\/\/www.europesays.com\/fr\/wp-json\/wp\/v2\/categories?post=406460"},{"taxonomy":"post_tag","embeddable":true,"href":"https:\/\/www.europesays.com\/fr\/wp-json\/wp\/v2\/tags?post=406460"}],"curies":[{"name":"wp","href":"https:\/\/api.w.org\/{rel}","templated":true}]}}