{"id":406501,"date":"2025-09-21T05:50:41","date_gmt":"2025-09-21T05:50:41","guid":{"rendered":"https:\/\/www.europesays.com\/fr\/406501\/"},"modified":"2025-09-21T05:50:41","modified_gmt":"2025-09-21T05:50:41","slug":"a-la-derniere-seconde-nantes-arrache-le-match-nul-dans-le-derby-face-a-rennes","status":"publish","type":"post","link":"https:\/\/www.europesays.com\/fr\/406501\/","title":{"rendered":"\u00e0 la derni\u00e8re seconde, Nantes arrache le match nul dans le derby face \u00e0 Rennes"},"content":{"rendered":"<p>Rapidement men\u00e9s 0-2, les Canaris sont revenus de nulle part pour glaner un point face au Stade Rennais, ce samedi, \u00e0 la Beaujoire.<\/p>\n<p class=\"fig-paragraph\">Folie \u00e0 la Beaujoire. Dominateur en premi\u00e8re p\u00e9riode, aux abois en seconde,\u00a0<a href=\"https:\/\/www.lefigaro.fr\/sports\/football\/live\/ligue-1\/2025\/2568470\/nantes-rennes\" data-fig-type=\"Live\" data-gtm-custom-categorie=\"navigation\" data-gtm-custom-action=\"crossclick\" data-gtm-custom-label=\"Contextuel\" data-gtm-event=\"customEventSPE\" data-fig-domain=\"LEFIGARO\" target=\"_blank\" rel=\"noopener\">Rennes a laiss\u00e9 filer un avantage de deux buts \u00e0 Nantes (2-2)<\/a>, samedi, pour la 5e journ\u00e9e de Ligue 1, montrant encore une fois son absence totale de ma\u00eetrise. Avec huit points, les Bretons sont provisoirement 6e, alors que Nantes, avec 4 points, n\u2019est que 13e.<\/p>\n<p class=\"fig-paragraph\">Apr\u00e8s la victoire aux forceps et beaucoup de personnalit\u00e9 montr\u00e9e contre Lyon (3-1), Rennes est retomb\u00e9 dans ses travers alors qu\u2019on pensait qu\u2019il avait fait le plus dur \u00e0 la pause. Pass\u00e9 dix premi\u00e8res minutes f\u00e9briles, les Rennais ont totalement \u00e9touff\u00e9 Nantes pendant une demi-heure.<\/p>\n<p>                                    <a class=\"fig-a11y-skip a11y-hidden\" href=\"#fig-a11y-skip-main-inarticle\"><br \/>\n        Passer la publicit\u00e9<br \/>\n    <\/a><\/p>\n<p class=\"fig-paragraph\">Arc-bout\u00e9s sur une d\u00e9fense \u00e0 cinq, Junior Mwanga quittant son poste de pointe basse au milieu pour int\u00e9grer l\u2019axe central d\u00e9fensif sans le ballon, les Canaris ont montr\u00e9 une nouvelle fois un visage marqu\u00e9 par la passivit\u00e9 et l\u2019incapacit\u00e9 \u00e0 utiliser le ballon.<\/p>\n<p>Les Rennais efficaces&#8230;<\/p>\n<p class=\"fig-paragraph\">Rennes, avec son syst\u00e8me hybride qui lui offrait un surnombre dans l\u2019entrejeu en phase offensive, s\u2019est r\u00e9gal\u00e9 gr\u00e2ce \u00e0 la libert\u00e9 accord\u00e9e \u00e0 Ludovic Blas, excentr\u00e9 \u00e0 droite, aux appels venus de loin mais aussi aux d\u00e9placements tranchants d\u2019Esteban Lepaul. La premi\u00e8re occasion rouge et noire avait d\u2019ailleurs \u00e9t\u00e9 pour le neuf dont le tir trop crois\u00e9, apr\u00e8s un corner mal d\u00e9gag\u00e9, avait failli \u00eatre repris par Anthony Rouault (19e).<\/p>\n<p class=\"fig-paragraph\">Mais l\u2019ancien Angevin a rapidement \u00e9t\u00e9 d\u00e9cisif en provoquant un p\u00e9nalty &#8212; assez s\u00e9v\u00e8re, pour une main au sol de Tylel Tati &#8211;, transform\u00e9 en force par Blas (0-1, 28e).<\/p>\n<p class=\"fig-paragraph\">Sept minutes plus tard, une action d\u2019\u00e9cole de Rennes a permis \u00e0 Alidu Seidu d\u2019attaquer le \u00abdemi-espace\u00bb si cher \u00e0 Habib Beye avant de prendre tout son temps pour attendre le bon appel de Lepaul en retrait qui a doubl\u00e9 la marque (0-2, 35e).<\/p>\n<p>Mais punis par les Canaris<\/p>\n<p class=\"fig-paragraph\">Apr\u00e8s une occasion de 3-0 g\u00e2ch\u00e9e par Valentin Rongier, conspu\u00e9 par son ancien public de la Beaujoire (36e), Nantes a fini par relever la t\u00eate gr\u00e2ce \u00e0 l\u2019ancien rennais Abline qui a manqu\u00e9 deux fois de pr\u00e9cision (37e, 45+1). La sortie \u00e0 la pause de Rongier et de Seidu, excellent sur le flanc droit de la d\u00e9fense, et surtout une attitude plus agressive et volontaire de Nantes, ont rebattu les cartes.<\/p>\n<p>                                    <a class=\"fig-a11y-skip a11y-hidden\" href=\"#fig-a11y-skip-main-inarticle_mtf\"><br \/>\n        Passer la publicit\u00e9<br \/>\n    <\/a><\/p>\n<p class=\"fig-paragraph\">Le suspense a \u00e9t\u00e9 totalement relanc\u00e9 avec un but de Mwanga peu apr\u00e8s l\u2019heure de jeu (1-2, 64e). \u00c0 l\u2019\u00e9nergie plus qu\u2019au talent et profitant de l\u2019incapacit\u00e9 des Rennais \u00e0 remettre le pied sur le ballon, Nantes a eu le m\u00e9rite de se remettre d\u2019un p\u00e9nalty d\u2019Abline stopp\u00e9 par Brice Samba au d\u00e9but du temps additionnel (90+1) pour arracher l\u2019\u00e9galisation \u00e0 la 5e minute de celui-ci, gr\u00e2ce au v\u00e9t\u00e9ran Youssef El Arabi (39 ans), profitant d\u2019une d\u00e9fense rouge et noire coupablement passive (2-2, 90+5).<\/p>\n","protected":false},"excerpt":{"rendered":"Rapidement men\u00e9s 0-2, les Canaris sont revenus de nulle part pour glaner un point face au Stade Rennais,&hellip;\n","protected":false},"author":2,"featured_media":406502,"comment_status":"","ping_status":"","sticky":false,"template":"","format":"standard","meta":{"footnotes":""},"categories":[2818],"tags":[1111,11,1777,674,462,1011,27,766,12,2636,25,3087],"class_list":{"0":"post-406501","1":"post","2":"type-post","3":"status-publish","4":"format-standard","5":"has-post-thumbnail","7":"category-nantes","8":"tag-actu","9":"tag-actualites","10":"tag-eu","11":"tag-europe","12":"tag-fc-nantes","13":"tag-fr","14":"tag-france","15":"tag-nantes","16":"tag-news","17":"tag-pays-de-la-loire","18":"tag-republique-francaise","19":"tag-stade-rennais"},"share_on_mastodon":{"url":"https:\/\/pubeurope.com\/@fr\/115240725657157658","error":""},"_links":{"self":[{"href":"https:\/\/www.europesays.com\/fr\/wp-json\/wp\/v2\/posts\/406501","targetHints":{"allow":["GET"]}}],"collection":[{"href":"https:\/\/www.europesays.com\/fr\/wp-json\/wp\/v2\/posts"}],"about":[{"href":"https:\/\/www.europesays.com\/fr\/wp-json\/wp\/v2\/types\/post"}],"author":[{"embeddable":true,"href":"https:\/\/www.europesays.com\/fr\/wp-json\/wp\/v2\/users\/2"}],"replies":[{"embeddable":true,"href":"https:\/\/www.europesays.com\/fr\/wp-json\/wp\/v2\/comments?post=406501"}],"version-history":[{"count":0,"href":"https:\/\/www.europesays.com\/fr\/wp-json\/wp\/v2\/posts\/406501\/revisions"}],"wp:featuredmedia":[{"embeddable":true,"href":"https:\/\/www.europesays.com\/fr\/wp-json\/wp\/v2\/media\/406502"}],"wp:attachment":[{"href":"https:\/\/www.europesays.com\/fr\/wp-json\/wp\/v2\/media?parent=406501"}],"wp:term":[{"taxonomy":"category","embeddable":true,"href":"https:\/\/www.europesays.com\/fr\/wp-json\/wp\/v2\/categories?post=406501"},{"taxonomy":"post_tag","embeddable":true,"href":"https:\/\/www.europesays.com\/fr\/wp-json\/wp\/v2\/tags?post=406501"}],"curies":[{"name":"wp","href":"https:\/\/api.w.org\/{rel}","templated":true}]}}