{"id":406515,"date":"2025-09-21T05:57:13","date_gmt":"2025-09-21T05:57:13","guid":{"rendered":"https:\/\/www.europesays.com\/fr\/406515\/"},"modified":"2025-09-21T05:57:13","modified_gmt":"2025-09-21T05:57:13","slug":"dans-les-coulisses-des-archives-municipales-de-marseille-memoire-de-la-ville","status":"publish","type":"post","link":"https:\/\/www.europesays.com\/fr\/406515\/","title":{"rendered":"Dans les coulisses des Archives municipales de Marseille, m\u00e9moire de la ville"},"content":{"rendered":"<p class=\"rev-margin-0 rev-text-xs-normal\">Chaque ann\u00e9e, les Archives re\u00e7oivent entre 500 et 800 documents de plus. Certains sont nettoy\u00e9s, analys\u00e9s puis rang\u00e9s sur les tablettes m\u00e9talliques tandis que d&rsquo;autres, trop ab\u00eem\u00e9s, partent pour une restauration dans le Limousin.<\/p>\n<p class=\"rev-margin-0 rev-text-xs-bold\">\/ Photo Gilles Bader<\/p>\n<p class=\"rev-margin-0 rev-text-sm-bold\">La r\u00e9daction n&rsquo;a pas particip\u00e9 \u00e0 la r\u00e9alisation de ce contenu<\/p>\n<p>Au 10 rue Clovis-Hugues, les registres paroissiaux du XIIe\u00a0si\u00e8cle rencontrent les \u00e9tats civils des ann\u00e9es\u00a050. Dans les magasins des <a href=\"https:\/\/www.laprovence.com\/article\/edition-marseille\/4329436\/les-archives-municipales-refuge-des-temps-passes.html\" target=\"_blank\" rel=\"noopener\">Archives municipales de Marseille<\/a>, les livres corn\u00e9s et feuilles fan\u00e9es s\u2019entassent sur les \u00e9tag\u00e8res m\u00e9talliques.<\/p>\n<p><img alt=\"Certains magasins regorgent d'\u00e9tats-civils, d'autres conservent parchemins en latin, articles de presse et affiches, comme celle de l'Exposition coloniale de 1906.\" loading=\"lazy\" decoding=\"async\" data-nimg=\"fill\" class=\" TwicCore_img__i9TC1 undefined  undefined\" style=\"position:absolute;height:100%;width:100%;left:0;top:0;right:0;bottom:0;color:transparent;background-size:cover;background-position:50% 50%;background-repeat:no-repeat;background-image:url(&quot;data:image\/svg+xml;charset=utf-8,%3Csvg xmlns='http:\/\/www.w3.org\/2000\/svg' %3E%3Cfilter id='b' color-interpolation-filters='sRGB'%3E%3CfeGaussianBlur stdDeviation='20'\/%3E%3CfeColorMatrix values='1 0 0 0 0 0 1 0 0 0 0 0 1 0 0 0 0 0 100 -1' result='s'\/%3E%3CfeFlood x='0' y='0' width='100%25' height='100%25'\/%3E%3CfeComposite operator='out' in='s'\/%3E%3CfeComposite in2='SourceGraphic'\/%3E%3CfeGaussianBlur stdDeviation='20'\/%3E%3C\/filter%3E%3Cimage width='100%25' height='100%25' x='0' y='0' preserveAspectRatio='none' style='filter: url(%23b);' href='https:\/\/pictures.laprovence.com\/cdn-cgi\/image\/blur=250\/media\/melody\/2025\/09\/21\/archives-municipales-de-marseille-170925gbr01-170925gbr01-1758433955_9ca35d3a8ac8670b35d3a8ac884b35v_.jpg'\/%3E%3C\/svg%3E&quot;)\"   src=\"https:\/\/www.europesays.com\/fr\/wp-content\/uploads\/2025\/09\/archives-municipales-de-marseille-170925gbr01-170925gbr01-1758433955_9ca35d3a8ac8670b35d3a8ac884b35v.jpeg\"\/>Certains magasins regorgent d&rsquo;\u00e9tats-civils, d&rsquo;autres conservent parchemins en latin, articles de presse et affiches, comme celle de l&rsquo;Exposition coloniale de 1906. \/ Photo Gilles Bader<\/p>\n<p>Actes de naissance, cadastres, cartes postales\u2026 \u00ab\u00a0Derri\u00e8re chaque document administratif se cache une histoire\u00a0\u00bb, pr\u00e9cise le directeur Olivier Luth. Les Archives municipales recueillent 1,8\u00a0million de pages d\u2019\u00e9tat civil datant du XVIe au XXe\u00a0si\u00e8cle. En plein c\u0153ur du <a href=\"https:\/\/www.laprovence.com\/article\/region\/1221391619515315\/quartiers-de-marseille-la-belle-de-mai-par-celles-et-ceux-qui-la-font-vivre\" target=\"_blank\" rel=\"noopener\">quartier de la Belle-de-Mai<\/a> (3e), ces 19\u00a0km d\u2019archives dorment dans une partie de l\u2019<a href=\"https:\/\/www.laprovence.com\/article\/region\/1043504644781314\/marseille-rebelle-quand-les-cigarieres-de-la-manufacture-des-tabacs-faisaient-greve\" target=\"_blank\" rel=\"noopener\">ancienne Manufacture des tabacs, construite en\u00a01868<\/a>.<\/p>\n<p>Conna\u00eetre son histoire et celle de son quartier<\/p>\n<p>Dans les ann\u00e9es\u00a090, l\u2019histoire de la Manufacture prend fin pour laisser place \u00e0 une friche industrielle. La Ville en ach\u00e8te une partie pour y installer un p\u00f4le patrimonial avec les Archives municipales. Mais l\u2019histoire est bien plus ancienne. D\u00e8s le XIIIe\u00a0si\u00e8cle, la Ville tente de pr\u00e9server ces documents. Apr\u00e8s plusieurs d\u00e9placements, les archives trouvent refuge dans le nouvel h\u00f4tel de ville con\u00e7u par Gaspard Puget en\u00a01673, o\u00f9 elles resteront pr\u00e8s de trois si\u00e8cles.<\/p>\n<p>Des d\u00e9m\u00e9nagements tumultueux et une R\u00e9volution fran\u00e7aise plus tard, ces archives sont aujourd\u2019hui conserv\u00e9es en sous-sol dans les magasins de la Belle-de-Mai. \u00ab\u00a0Ce n\u2019est pas par plaisir que nous conservons. C\u2019est pour les mettre \u00e0 disposition des Marseillais, pour qu\u2019ils connaissent l\u2019histoire et les secrets de leur famille\u00a0\u00bb, pr\u00e9cise Olivier Luth en tournant d\u00e9licatement les pages d\u2019un manuscrit du XVIe\u00a0si\u00e8cle.<\/p>\n<p>Conserver, collecter, communiquer et valoriser les vestiges du pass\u00e9.\u00a0\u00c0 l\u2019\u00e9tage, dans la salle de lecture, une modeste biblioth\u00e8que occupe l\u2019espace. Ouverte en novembre dernier, \u00ab\u00a0elle accueille des ouvrages d\u00e9di\u00e9s aux m\u00e9moires et \u00e0 l\u2019architecture\u00a0\u00bb, pr\u00e9cise Olivier Luth, brisant le silence monacal des lieux. Vers une architecture de Le Corbusier, <a href=\"https:\/\/www.laprovence.com\/article\/sortie-loisirs\/2950263000496315\/les-cigarettieres-marseillaises-pionnieres-des-luttes-feministes-plongee-dans-une-partie-oubliee-de-lhistoire\" target=\"_blank\" rel=\"noopener\">La Belle-de-Mai de Mathilde Ramadier et \u00c9lodie Durand<\/a>\u2026 \u00ab\u00a0On est d\u00e9j\u00e0 \u00e0 plus de 300\u00a0pr\u00eats\u00a0\u00bb, se r\u00e9jouit la biblioth\u00e9caire qui range soigneusement les ouvrages.<\/p>\n<p><img alt=\"Dans la salle de lecture, la biblioth\u00e8que occupe l'espace. Depuis novembre 2024, plus de 300 ouvrages ont \u00e9t\u00e9 emprunt\u00e9s.\" loading=\"lazy\" decoding=\"async\" data-nimg=\"fill\" class=\" TwicCore_img__i9TC1 undefined  undefined\" style=\"position:absolute;height:100%;width:100%;left:0;top:0;right:0;bottom:0;color:transparent;background-size:cover;background-position:50% 50%;background-repeat:no-repeat;background-image:url(&quot;data:image\/svg+xml;charset=utf-8,%3Csvg xmlns='http:\/\/www.w3.org\/2000\/svg' %3E%3Cfilter id='b' color-interpolation-filters='sRGB'%3E%3CfeGaussianBlur stdDeviation='20'\/%3E%3CfeColorMatrix values='1 0 0 0 0 0 1 0 0 0 0 0 1 0 0 0 0 0 100 -1' result='s'\/%3E%3CfeFlood x='0' y='0' width='100%25' height='100%25'\/%3E%3CfeComposite operator='out' in='s'\/%3E%3CfeComposite in2='SourceGraphic'\/%3E%3CfeGaussianBlur stdDeviation='20'\/%3E%3C\/filter%3E%3Cimage width='100%25' height='100%25' x='0' y='0' preserveAspectRatio='none' style='filter: url(%23b);' href='https:\/\/pictures.laprovence.com\/cdn-cgi\/image\/blur=250\/media\/melody\/2025\/09\/21\/archives-municipales-de-marseille-170925gbr01-170925gbr01-1758433956_b8d0e3fa8ac86acd0e3fa8ac8b0e0ev_.jpg'\/%3E%3C\/svg%3E&quot;)\"   src=\"https:\/\/www.europesays.com\/fr\/wp-content\/uploads\/2025\/09\/archives-municipales-de-marseille-170925gbr01-170925gbr01-1758433956_b8d0e3fa8ac86acd0e3fa8ac8b0e0ev.jpeg\"\/>Dans la salle de lecture, la biblioth\u00e8que occupe l&rsquo;espace. Depuis novembre 2024, plus de 300 ouvrages ont \u00e9t\u00e9 emprunt\u00e9s. \/ Photo Gilles Bader<\/p>\n<p>Plus loin, des pi\u00e8ces de monnaie occupent le Cabinet des m\u00e9dailles. <a href=\"https:\/\/www.laprovence.com\/article\/edition-marseille\/4335356\/a-la-decouverte-de-lhistoire-de-la-monnaie-a-marseille.html\" target=\"_blank\" rel=\"noopener\">Ici, 50\u00a0000 monnaies, m\u00e9dailles, jetons et d\u00e9corations de l\u2019Antiquit\u00e9 \u00e0 l\u2019\u00e9poque contemporaine tapissent les \u00e9tag\u00e8res.<\/a><\/p>\n<p>Conserver, collecter et valoriser pour sensibiliser<\/p>\n<p>Deux \u00e9tages plus bas, apr\u00e8s quelques couloirs sinueux que seuls les archivistes connaissent, les magasins se d\u00e9voilent. Ici, les documents sont pass\u00e9s au peigne fin. D\u00e9poussi\u00e9rer, v\u00e9rifier leur \u00e9tat, \u00ab\u00a0c\u2019est un v\u00e9ritable travail de fourmi\u00a0\u00bb, pr\u00e9cise Beno\u00eet Jegouzo, archiviste passionn\u00e9. Chaque ann\u00e9e, il re\u00e7oit entre 500 et 800\u00a0documents de plus. Certains sont nettoy\u00e9s, analys\u00e9s puis rang\u00e9s sur les tablettes m\u00e9talliques tandis que d\u2019autres, trop ab\u00eem\u00e9s, partent pour une restauration dans le Limousin. \u00ab\u00a0On y fait tr\u00e8s attention. La temp\u00e9rature de la pi\u00e8ce et le taux d\u2019humidit\u00e9 sont r\u00e9gl\u00e9s au degr\u00e9 pr\u00e8s\u00a0\u00bb, ajoute-t-il.<\/p>\n<p><img alt=\"&quot;Ce n'est pas par plaisir que nous conservons. C'est pour les mettre \u00e0 disposition des Marseillais, pour qu'ils connaissent l'histoire et les secrets de leur famille&quot;, pr\u00e9cise Olivier Luth en tournant d\u00e9licatement les pages d'un manuscrit du XVIe si\u00e8cle.\" loading=\"lazy\" decoding=\"async\" data-nimg=\"fill\" class=\" TwicCore_img__i9TC1 undefined  undefined\" style=\"position:absolute;height:100%;width:100%;left:0;top:0;right:0;bottom:0;color:transparent;background-size:cover;background-position:50% 50%;background-repeat:no-repeat;background-image:url(&quot;data:image\/svg+xml;charset=utf-8,%3Csvg xmlns='http:\/\/www.w3.org\/2000\/svg' %3E%3Cfilter id='b' color-interpolation-filters='sRGB'%3E%3CfeGaussianBlur stdDeviation='20'\/%3E%3CfeColorMatrix values='1 0 0 0 0 0 1 0 0 0 0 0 1 0 0 0 0 0 100 -1' result='s'\/%3E%3CfeFlood x='0' y='0' width='100%25' height='100%25'\/%3E%3CfeComposite operator='out' in='s'\/%3E%3CfeComposite in2='SourceGraphic'\/%3E%3CfeGaussianBlur stdDeviation='20'\/%3E%3C\/filter%3E%3Cimage width='100%25' height='100%25' x='0' y='0' preserveAspectRatio='none' style='filter: url(%23b);' href='https:\/\/pictures.laprovence.com\/cdn-cgi\/image\/blur=250\/media\/melody\/2025\/09\/21\/archives-municipales-de-marseille-170925gbr01-170925gbr01-1758433956_8ae09d998ac869ee09d998ac882f09v_.jpg'\/%3E%3C\/svg%3E&quot;)\"   src=\"https:\/\/www.europesays.com\/fr\/wp-content\/uploads\/2025\/09\/archives-municipales-de-marseille-170925gbr01-170925gbr01-1758433956_8ae09d998ac869ee09d998ac882f09v.jpeg\"\/>\u00ab\u00a0Ce n&rsquo;est pas par plaisir que nous conservons. C&rsquo;est pour les mettre \u00e0 disposition des Marseillais, pour qu&rsquo;ils connaissent l&rsquo;histoire et les secrets de leur famille\u00a0\u00bb, pr\u00e9cise Olivier Luth en tournant d\u00e9licatement les pages d&rsquo;un manuscrit du XVIe si\u00e8cle. \/ Photo Gilles Bader<\/p>\n<p>Certains magasins regorgent d\u2019\u00e9tats civils, d\u2019autres conservent parchemins en latin, articles de presse et affiches comme celle de <a href=\"https:\/\/www.laprovence.com\/article\/edition-marseille\/6738119\/il-y-a-100-ans-lexposition-coloniale.html\" target=\"_blank\" rel=\"noopener\">l\u2019Exposition coloniale de\u00a01906<\/a>. Des documents qui gardent la m\u00e9moire de l\u2019histoire de Marseille et qui restent essentiels dans le r\u00f4le de transmission que rev\u00eat ce lieu. Chaque ann\u00e9e, les locaux sont rythm\u00e9s par deux expositions. Dans deux salles \u00e9clair\u00e9es au n\u00e9on, les cartes et photographies du territoire parlent tant\u00f4t de l\u2019Op\u00e9ra de Marseille, tant\u00f4t des migrations italiennes. Le 6\u00a0d\u00e9cembre prochain, l\u2019exposition \u00ab\u00a0Littoral\u00a0\u00bb ouvrira ses portes aux Marseillais pour questionner le rapport au trait de c\u00f4te et \u00e0 la M\u00e9diterran\u00e9e.<\/p>\n","protected":false},"excerpt":{"rendered":"Chaque ann\u00e9e, les Archives re\u00e7oivent entre 500 et 800 documents de plus. Certains sont nettoy\u00e9s, analys\u00e9s puis rang\u00e9s&hellip;\n","protected":false},"author":2,"featured_media":406516,"comment_status":"","ping_status":"","sticky":false,"template":"","format":"standard","meta":{"footnotes":""},"categories":[2814],"tags":[17,1111,11,10944,3934,1446,154,1777,674,1011,27,53842,151,884,3554,12,882,25],"class_list":{"0":"post-406515","1":"post","2":"type-post","3":"status-publish","4":"format-standard","5":"has-post-thumbnail","7":"category-marseille","8":"tag-17","9":"tag-actu","10":"tag-actualites","11":"tag-archives","12":"tag-coulisses","13":"tag-dans","14":"tag-des","15":"tag-eu","16":"tag-europe","17":"tag-fr","18":"tag-france","19":"tag-le-club-la-provence","20":"tag-les","21":"tag-marseille","22":"tag-municipales","23":"tag-news","24":"tag-provence-alpes-cote-dazur","25":"tag-republique-francaise"},"share_on_mastodon":{"url":"https:\/\/pubeurope.com\/@fr\/115240753646082045","error":""},"_links":{"self":[{"href":"https:\/\/www.europesays.com\/fr\/wp-json\/wp\/v2\/posts\/406515","targetHints":{"allow":["GET"]}}],"collection":[{"href":"https:\/\/www.europesays.com\/fr\/wp-json\/wp\/v2\/posts"}],"about":[{"href":"https:\/\/www.europesays.com\/fr\/wp-json\/wp\/v2\/types\/post"}],"author":[{"embeddable":true,"href":"https:\/\/www.europesays.com\/fr\/wp-json\/wp\/v2\/users\/2"}],"replies":[{"embeddable":true,"href":"https:\/\/www.europesays.com\/fr\/wp-json\/wp\/v2\/comments?post=406515"}],"version-history":[{"count":0,"href":"https:\/\/www.europesays.com\/fr\/wp-json\/wp\/v2\/posts\/406515\/revisions"}],"wp:featuredmedia":[{"embeddable":true,"href":"https:\/\/www.europesays.com\/fr\/wp-json\/wp\/v2\/media\/406516"}],"wp:attachment":[{"href":"https:\/\/www.europesays.com\/fr\/wp-json\/wp\/v2\/media?parent=406515"}],"wp:term":[{"taxonomy":"category","embeddable":true,"href":"https:\/\/www.europesays.com\/fr\/wp-json\/wp\/v2\/categories?post=406515"},{"taxonomy":"post_tag","embeddable":true,"href":"https:\/\/www.europesays.com\/fr\/wp-json\/wp\/v2\/tags?post=406515"}],"curies":[{"name":"wp","href":"https:\/\/api.w.org\/{rel}","templated":true}]}}