{"id":406517,"date":"2025-09-21T05:58:11","date_gmt":"2025-09-21T05:58:11","guid":{"rendered":"https:\/\/www.europesays.com\/fr\/406517\/"},"modified":"2025-09-21T05:58:11","modified_gmt":"2025-09-21T05:58:11","slug":"les-lecteurs-de-la-provence-en-visite-au-centre-dimpression-a-marseille","status":"publish","type":"post","link":"https:\/\/www.europesays.com\/fr\/406517\/","title":{"rendered":"Les lecteurs de \u00ab\u00a0La Provence\u00a0\u00bb en visite au centre d&rsquo;impression \u00e0 Marseille"},"content":{"rendered":"<p>Comment est fabriqu\u00e9 le journal\u00a0? Comment est organis\u00e9e l\u2019impression\u00a0? Comment La Provence est-elle livr\u00e9e aux abonn\u00e9s et dans les kiosques ? Autant de questions et de sujets abord\u00e9s par les lecteurs et les abonn\u00e9s invit\u00e9s \u00e0 visiter le centre d\u2019impression historique de La Provence, avenue Roger-Salengro \u00e0 <a href=\"https:\/\/www.laprovence.com\/bouches-du-rhone\/marseille-13055\" target=\"_blank\" rel=\"noopener\">Marseille<\/a> (15e), dans le cadre des Journ\u00e9es du patrimoine.<\/p>\n<p>L\u2019occasion pour Jean-Louis Pel\u00e9, directeur g\u00e9n\u00e9ral, et Olivier Biscaye, directeur de la r\u00e9daction, d\u2019\u00e9changer sur <a href=\"https:\/\/www.laprovence.com\/article\/societe\/3558277648179814\/la-provence-affiche-ses-ambitions-au-service-des-lecteurs-et-des-territoires\" target=\"_blank\" rel=\"noopener\">l\u2019\u00e9volution du quotidien et les nombreux projets \u00e0 venir<\/a>. \u00c0 commencer par le changement de format de La Provence apr\u00e8s le d\u00e9m\u00e9nagement de ses rotatives \u00e0 <a href=\"https:\/\/www.laprovence.com\/bouches-du-rhone\/vitrolles-13117\" target=\"_blank\" rel=\"noopener\">Vitrolles<\/a> d\u00e8s le 1er\u00a0octobre. Pour des questions techniques, cette \u00e9volution se fera en deux temps\u00a0; du 1er\u00a0octobre au 9\u00a0janvier, le journal pr\u00e9sentera un format plus petit que celui que les lecteurs connaissent aujourd\u2019hui, et \u00e0 partir du 10\u00a0janvier, ce sera le passage au format tablo\u00efd accompagn\u00e9 d\u2019une nouvelle maquette plus enrichie.<\/p>\n<p>La Provence n\u2019avait pas chang\u00e9 de format depuis une vingtaine d\u2019ann\u00e9es, c\u2019est donc un \u00e9v\u00e9nement\u00a0! Ce qui ne change pas, en revanche, ce sont les informations locales qui resteront au c\u0153ur de l\u2019ADN du journal. La Provence le d\u00e9montrera lors des rencontres organis\u00e9es d\u00e8s le mois d\u2019octobre avec les lecteurs, les abonn\u00e9s, les acteurs du territoire\u2026 Les \u00e9quipes\u00a0pourront ainsi recueillir leurs commentaires et int\u00e9grer leurs attentes au projet \u00e9ditorial global.<\/p>\n","protected":false},"excerpt":{"rendered":"Comment est fabriqu\u00e9 le journal\u00a0? Comment est organis\u00e9e l\u2019impression\u00a0? Comment La Provence est-elle livr\u00e9e aux abonn\u00e9s et dans&hellip;\n","protected":false},"author":2,"featured_media":406518,"comment_status":"","ping_status":"","sticky":false,"template":"","format":"standard","meta":{"footnotes":""},"categories":[2814],"tags":[17,1111,11,3335,53843,1777,674,1011,27,4743,10066,151,884,12,1186,882,16,25,510],"class_list":{"0":"post-406517","1":"post","2":"type-post","3":"status-publish","4":"format-standard","5":"has-post-thumbnail","7":"category-marseille","8":"tag-17","9":"tag-actu","10":"tag-actualites","11":"tag-centre","12":"tag-dimpression","13":"tag-eu","14":"tag-europe","15":"tag-fr","16":"tag-france","17":"tag-la","18":"tag-lecteurs","19":"tag-les","20":"tag-marseille","21":"tag-news","22":"tag-provence","23":"tag-provence-alpes-cote-dazur","24":"tag-region","25":"tag-republique-francaise","26":"tag-visite"},"share_on_mastodon":{"url":"https:\/\/pubeurope.com\/@fr\/115240757118804650","error":""},"_links":{"self":[{"href":"https:\/\/www.europesays.com\/fr\/wp-json\/wp\/v2\/posts\/406517","targetHints":{"allow":["GET"]}}],"collection":[{"href":"https:\/\/www.europesays.com\/fr\/wp-json\/wp\/v2\/posts"}],"about":[{"href":"https:\/\/www.europesays.com\/fr\/wp-json\/wp\/v2\/types\/post"}],"author":[{"embeddable":true,"href":"https:\/\/www.europesays.com\/fr\/wp-json\/wp\/v2\/users\/2"}],"replies":[{"embeddable":true,"href":"https:\/\/www.europesays.com\/fr\/wp-json\/wp\/v2\/comments?post=406517"}],"version-history":[{"count":0,"href":"https:\/\/www.europesays.com\/fr\/wp-json\/wp\/v2\/posts\/406517\/revisions"}],"wp:featuredmedia":[{"embeddable":true,"href":"https:\/\/www.europesays.com\/fr\/wp-json\/wp\/v2\/media\/406518"}],"wp:attachment":[{"href":"https:\/\/www.europesays.com\/fr\/wp-json\/wp\/v2\/media?parent=406517"}],"wp:term":[{"taxonomy":"category","embeddable":true,"href":"https:\/\/www.europesays.com\/fr\/wp-json\/wp\/v2\/categories?post=406517"},{"taxonomy":"post_tag","embeddable":true,"href":"https:\/\/www.europesays.com\/fr\/wp-json\/wp\/v2\/tags?post=406517"}],"curies":[{"name":"wp","href":"https:\/\/api.w.org\/{rel}","templated":true}]}}