{"id":406521,"date":"2025-09-21T06:00:10","date_gmt":"2025-09-21T06:00:10","guid":{"rendered":"https:\/\/www.europesays.com\/fr\/406521\/"},"modified":"2025-09-21T06:00:10","modified_gmt":"2025-09-21T06:00:10","slug":"voici-le-programme-de-cet-evenement-special","status":"publish","type":"post","link":"https:\/\/www.europesays.com\/fr\/406521\/","title":{"rendered":"voici le programme de cet \u00e9v\u00e8nement sp\u00e9cial"},"content":{"rendered":"<p>            Par<br \/>\n        <strong><br \/>\n            <a href=\"https:\/\/actu.fr\/auteur\/redaction-lyon\" title=\"Consulter tous les articles de R\u00e9daction Lyon\" rel=\"nofollow noopener\" target=\"_blank\">R\u00e9daction Lyon<\/a><br \/>\n        <\/strong><\/p>\n<p>        Publi\u00e9 le<\/p>\n<p>            21 sept. 2025 \u00e0 7h34        <\/p>\n<p>Apr\u00e8s \u00ab\u00a0deux \u00e9ditions r\u00e9ussies\u00a0\u00bb, <a href=\"https:\/\/actu.fr\/auvergne-rhone-alpes\/lyon_69123\" rel=\"nofollow noopener\" target=\"_blank\">Lyon<\/a> continue de mettre la praline, l\u2019une de ses sp\u00e9cialit\u00e9s les plus connues, \u00e0 l\u2019honneur : la 3\u1d49 \u00e9dition du Mondial de la Praline revient du 28 au 29 septembre 2025.<\/p>\n<p class=\" wall-content\">Boulanger, p\u00e2tissier, cuisinier, traiteur, chocolatier, confiseur\u2026 \u00ab\u00a0Deux jours de concours, quatre cat\u00e9gories et des <strong>jurys prestigieux<\/strong> pour c\u00e9l\u00e9brer la plus rose des douceurs lyonnaises\u00a0\u00bb : voici ce qui est pr\u00e9vu.<\/p>\n<p>Un \u00ab\u00a0village praline\u00a0\u00bb ouvert \u00e0 tous<\/p>\n<p class=\" wall-content\">Le Mondial de la praline c\u00e9l\u00e8bre cette sp\u00e9cialit\u00e9 lyonnaise depuis 2021. Pour la troisi\u00e8me \u00e9dition, le concours va r\u00e9compenser<strong> les meilleurs artisans, apprentis et amateurs<\/strong> qui travaillent la praline.<\/p>\n<p class=\" wall-content\">Deux grands rendez-vous sont pr\u00e9vus \u00e0 la fin du mois. Les amateurs pr\u00e9senteront pour la premi\u00e8re fois leurs cr\u00e9ations au \u00ab\u00a0village praline\u00a0\u00bb place du mar\u00e9chal Lyautey, dans le 6\u1d49 arrondissement, de 10h30 \u00e0 12h dimanche 28 septembre 2025. L\u2019acc\u00e8s est <strong>gratuit<\/strong> et ouvert \u00e0 tous dans le cadre du March\u00e9 Autrement.<\/p>\n<p>    <a href=\"https:\/\/www.google.com\/maps\/embed?pb=!1m18!1m12!1m3!1d3667.351500772171!2d4.840325412625335!3d45.768615070959974!2m3!1f0!2f0!3f0!3m2!1i1024!2i768!4f13.1!3m3!1m2!1s0x47f4eaf0b389f631%3A0xf4c47f4f2c6ff621!2sPl.%20Mar%C3%A9chal%20Lyautey%2C%2069006%20Lyon!5e1!3m2!1sfr!2sfr!4v1758294548635!5m2!1sfr!2sfr\" title=\"Ouvrie le lien\" rel=\"nofollow noopener\" target=\"_blank\">Cliquez ici pour visualiser le contenu<\/a><\/p>\n<p class=\" wall-content\">Les professionnels et apprentis, eux, se donnent rendez-vous face au jury lundi 29 septembre pour deux finales organis\u00e9es sans public \u00e0 la Vatel Academy, dans le ch\u00e2teau du parc de Lacroix-Laval \u00e0 Marcy-l\u2019\u00c9toile (Rh\u00f4ne).<\/p>\n<p>Votre r\u00e9gion, votre actu !<\/p>\n<p>Recevez chaque jour les infos qui comptent pour vous.<\/p>\n<p>\t<a href=\"https:\/\/actu.fr\/newsletter\" class=\"ac-btn ac-btn--corner ac-btn--medium ac-btn--blue800\" rel=\"nofollow noopener\" target=\"_blank\">S&rsquo;incrire<\/a><br \/>\nQui fera la meilleure praline ?<\/p>\n<p class=\" wall-content\">Les apprentis devront proposer une tarte et une brioche \u00e0 la praline, tandis que les professionnels devront rajouter une <strong>cr\u00e9ation originale<\/strong> \u00e0 ces deux premi\u00e8res recettes. Autre nouveaut\u00e9 cette ann\u00e9e : le prix sp\u00e9cial \u00ab\u00a0praline durable\u00a0\u00bb.\u00a0<\/p>\n<p class=\" wall-content\">Pour la premi\u00e8re fois, les organisateurs lancent un concours de mixologie \u00e0 base de praline rose sur le th\u00e8me du \u00ab\u00a0rose sous toutes ses formes\u00a0\u00bb, baptis\u00e9 \u00ab\u00a0Praline Cocktail Challenge\u00a0\u00bb. Qui inventera <strong>le meilleur cocktail<\/strong> \u00e0 la praline ?<\/p>\n<p class=\" wall-content\">Olivier Canal (Les Bouchons Lyonnais), Tomas Parisini (Toques Blanches Lyonnaises), Margaux Picard (Zesty Compagnie), Nicolas P\u00e9pin (Praline d\u2019Or 2022)\u2026 Cette ann\u00e9e encore, un jury d\u2019exception devra rendre son verdict pour couronner les meilleurs artisans de la praline du monde.<\/p>\n<p class=\" wall-content\">Personnalisez votre actualit\u00e9 en ajoutant vos villes et m\u00e9dias en favori avec <a href=\"https:\/\/moncompte.actu.fr\" title=\"D\u00e9couvez Mon Actu\" rel=\"nofollow noopener\" data-trk=\"{&quot;cta&quot;:{&quot;action&quot;:&quot;https:\\\/\\\/moncompte.actu.fr&quot;,&quot;category&quot;:&quot;mon compte&quot;,&quot;from&quot;:&quot;article footer&quot;,&quot;name&quot;:&quot;Mon actu&quot;,&quot;type&quot;:&quot;cta&quot;}}\" target=\"_blank\">Mon Actu<\/a>.<\/p>\n","protected":false},"excerpt":{"rendered":"Par R\u00e9daction Lyon Publi\u00e9 le 21 sept. 2025 \u00e0 7h34 Apr\u00e8s \u00ab\u00a0deux \u00e9ditions r\u00e9ussies\u00a0\u00bb, Lyon continue de mettre&hellip;\n","protected":false},"author":2,"featured_media":406522,"comment_status":"","ping_status":"","sticky":false,"template":"","format":"standard","meta":{"footnotes":""},"categories":[1889],"tags":[1111,11,2430,1777,674,1011,27,1661,1757,2428,12,25,104],"class_list":{"0":"post-406521","1":"post","2":"type-post","3":"status-publish","4":"format-standard","5":"has-post-thumbnail","7":"category-lyon","8":"tag-actu","9":"tag-actualites","10":"tag-auvergne-rhone-alpes","11":"tag-eu","12":"tag-europe","13":"tag-fr","14":"tag-france","15":"tag-gastronomie","16":"tag-insolite","17":"tag-lyon","18":"tag-news","19":"tag-republique-francaise","20":"tag-societe"},"share_on_mastodon":{"url":"https:\/\/pubeurope.com\/@fr\/115240764909886452","error":""},"_links":{"self":[{"href":"https:\/\/www.europesays.com\/fr\/wp-json\/wp\/v2\/posts\/406521","targetHints":{"allow":["GET"]}}],"collection":[{"href":"https:\/\/www.europesays.com\/fr\/wp-json\/wp\/v2\/posts"}],"about":[{"href":"https:\/\/www.europesays.com\/fr\/wp-json\/wp\/v2\/types\/post"}],"author":[{"embeddable":true,"href":"https:\/\/www.europesays.com\/fr\/wp-json\/wp\/v2\/users\/2"}],"replies":[{"embeddable":true,"href":"https:\/\/www.europesays.com\/fr\/wp-json\/wp\/v2\/comments?post=406521"}],"version-history":[{"count":0,"href":"https:\/\/www.europesays.com\/fr\/wp-json\/wp\/v2\/posts\/406521\/revisions"}],"wp:featuredmedia":[{"embeddable":true,"href":"https:\/\/www.europesays.com\/fr\/wp-json\/wp\/v2\/media\/406522"}],"wp:attachment":[{"href":"https:\/\/www.europesays.com\/fr\/wp-json\/wp\/v2\/media?parent=406521"}],"wp:term":[{"taxonomy":"category","embeddable":true,"href":"https:\/\/www.europesays.com\/fr\/wp-json\/wp\/v2\/categories?post=406521"},{"taxonomy":"post_tag","embeddable":true,"href":"https:\/\/www.europesays.com\/fr\/wp-json\/wp\/v2\/tags?post=406521"}],"curies":[{"name":"wp","href":"https:\/\/api.w.org\/{rel}","templated":true}]}}