{"id":406523,"date":"2025-09-21T06:02:10","date_gmt":"2025-09-21T06:02:10","guid":{"rendered":"https:\/\/www.europesays.com\/fr\/406523\/"},"modified":"2025-09-21T06:02:10","modified_gmt":"2025-09-21T06:02:10","slug":"un-fleau-inquietant-et-couteux-touche-les-voitures-a-paris-et-en-ile-de-france","status":"publish","type":"post","link":"https:\/\/www.europesays.com\/fr\/406523\/","title":{"rendered":"un fl\u00e9au inqui\u00e9tant et co\u00fbteux touche les voitures \u00e0 Paris et en \u00cele-de-France"},"content":{"rendered":"<p>            Par<br \/>\n        <strong><br \/>\n            <a href=\"https:\/\/actu.fr\/auteur\/redaction-paris\" title=\"Consulter tous les articles de R\u00e9daction Paris\" rel=\"nofollow noopener\" target=\"_blank\">R\u00e9daction Paris<\/a><br \/>\n        <\/strong><\/p>\n<p>        Publi\u00e9 le<\/p>\n<p>            21 sept. 2025 \u00e0 7h36        <\/p>\n<p>Apr\u00e8s deux vols en quelques mois \u00e0 peine, Anatole a pris le taureau par les cornes : finies les places de stationnement en pleine voirie. L\u2019artisan a quitt\u00e9 Alfortville pour un pavillon dot\u00e9 d\u2019un terrain clos \u00e0 <a href=\"https:\/\/actu.fr\/ile-de-france\/limeil-brevannes_94044\" rel=\"nofollow noopener\" target=\"_blank\">Limeil-Br\u00e9vannes<\/a>. L\u2019expert en b\u00e2timent est maintenant s\u00fbr de retrouver ses ridelles (un plateau basculant \u00e0 l\u2019arri\u00e8re d\u2019une benne) sur ses utilitaires chaque matin. Il \u00e9tait temps, car le jeu commen\u00e7ait \u00e0 lui co\u00fbter cher. Chaque ridelle vol\u00e9e a repr\u00e9sent\u00e9 une d\u00e9pense de 800 euros de sa poche\u2026 <br \/>Alors que les services de <a href=\"https:\/\/actu.fr\/tag\/prefecture-de-police-de-paris\" rel=\"nofollow noopener\" target=\"_blank\">police de Paris<\/a> ont observ\u00e9 une l\u00e9g\u00e8re d\u00e9croissance du \u00ab\u2009vol d\u2019accessoires sur v\u00e9hicules\u2009\u00bb sur les huit premiers mois de l\u2019ann\u00e9e dans le Val-de-Marne (1613 faits enregistr\u00e9s, -6,33\u2009%), la situation en \u00cele-de-France ne demeure gu\u00e8re brillante. Diff\u00e9rents mod\u00e8les de voitures servent litt\u00e9ralement de banques d\u2019organes.<\/p>\n<p class=\" wall-content\">Pas un jour ne passe sans qu\u2019un citoyen ne vienne porter plainte apr\u00e8s avoir retrouv\u00e9 sa <a href=\"https:\/\/actu.fr\/tag\/automobile\" rel=\"nofollow noopener\" target=\"_blank\">voiture<\/a> partiellement d\u00e9mont\u00e9e. Le patron d\u2019une soci\u00e9t\u00e9 de location de v\u00e9hicules \u00e0 double commande d\u2019Aubervilliers, en Seine-Saint-Denis, a, par exemple, r\u00e9cemment communiqu\u00e9 sur les vols \u00e0 r\u00e9p\u00e9tition dont ont \u00e9t\u00e9 l\u2019objet ses Citro\u00ebn C3\u2009: les banquettes arri\u00e8res ne cessent de dispara\u00eetre. Mais la mode semble \u00e9voluer rapidement au sein des voleurs de pi\u00e8ces d\u00e9tach\u00e9es\u2009: \u00ab\u2009Les accessoires les plus repr\u00e9sent\u00e9s dans les vols sont les batteries \u00e9lectriques, roues, pots catalytiques, r\u00e9troviseurs et optiques\u2009\u00bb, indiquent ainsi les forces de l\u2019ordre.<\/p>\n<p>    <a href=\"https:\/\/www.facebook.com\/plugins\/video.php?height=476&amp;href=https%3A%2F%2Fwww.facebook.com%2Freel%2F604946887847214%2F&amp;show_text=false&amp;width=350&amp;t=0\" title=\"Ouvrie le lien\" rel=\"nofollow noopener\" target=\"_blank\">Cliquez ici pour visualiser le contenu<\/a><\/p>\n<p class=\" wall-content\">Dans ce<a href=\"https:\/\/actu.fr\/societe\/des-renault-clio-desossees-banquettes-arriere-feux-le-juteux-business-du-vol-de-pieces-detachees_61582026.html\" rel=\"nofollow noopener\" target=\"_blank\"> juteux business<\/a>, les malfrats ne s\u2019int\u00e9ressent en rien aux batteries de 12 volts pr\u00e9sentes dans tous les v\u00e9hicules. Ce sont en r\u00e9alit\u00e9 les batteries de traction des v\u00e9hicules hybrides \u2013 nettement plus puissantes et ch\u00e8res \u2013 qu\u2019ils convoitent. Les mod\u00e8les de v\u00e9hicules vis\u00e9s sont divers, m\u00eame s\u2019il semble que les Toyota sont particuli\u00e8rement pris\u00e9es des voleurs.<\/p>\n<p class=\" wall-content\">Situ\u00e9e sous la banquette arri\u00e8re dans le cas d\u2019un Toyota CH-R, une batterie de traction d\u2019occasion se revend entre 500 euros et 1\u2009200 euros sur un site d\u2019annonces bien connu. Le probl\u00e8me est que les voleurs ne font pas que subtiliser la batterie. Outre l\u2019effraction pour p\u00e9n\u00e9trer le v\u00e9hicule, ils arrachent aussi g\u00e9n\u00e9ralement tout le c\u00e2blage \u00e0 haute tension qui court depuis la batterie. Or, refaire un faisceau arrach\u00e9 \u00e0 la sauvage sur un Toyota CH-R co\u00fbte une fortune, environ 2000 euros.<\/p>\n<p class=\" wall-content\">Le probl\u00e8me est devenu tellement aigu\u00eb en Seine-et-Marne ou encore dans l\u2019Essonne que la mairie de Massy-Palaiseau a organis\u00e9 une r\u00e9union publique sur le vol d\u2019accessoires le 26 mai dernier. Le d\u00e9put\u00e9 local, le socialiste J\u00e9r\u00f4me Guedj, s\u2019en est \u00e9mu pour sa part aupr\u00e8s du minist\u00e8re de l\u2019Int\u00e9rieur via une <a href=\"https:\/\/www.assemblee-nationale.fr\/dyn\/17\/questions\/QANR5L17QE7486\" rel=\"nofollow noopener\" target=\"_blank\">question \u00e9crite<\/a>. Il tenait \u00e0 en apprendre plus sur ce fl\u00e9au. Le minist\u00e8re lui a r\u00e9pondu par \u00e9crit le 9 septembre. \u00ab\u2009Ces \u00e9quipements sont notamment d\u00e9rob\u00e9s de fa\u00e7on s\u00e9rielle par des groupes criminels organis\u00e9s itin\u00e9rants des pays de l\u2019Est pour r\u00e9pondre \u00e0 une demande sp\u00e9cifique, tant \u00e0 l\u2019\u00e9tranger qu\u2019aupr\u00e8s de garages peu scrupuleux sur le territoire fran\u00e7ais\u2009\u00bb, a notamment fait savoir la place Beauvau.<\/p>\n<p class=\" wall-content\">En France, un vol de pi\u00e8ces d\u00e9tach\u00e9es de voiture a lieu toutes les trois minutes, selon des chiffres r\u00e9v\u00e9l\u00e9s \u00e0 la fin de l\u2019\u00e9t\u00e9 par le dernier bulletin du service statistique minist\u00e9riel de la S\u00e9curit\u00e9 int\u00e9rieure.<\/p>\n<p class=\" wall-content\"><strong>Arnaud Murati<\/strong><\/p>\n<p class=\" wall-content\">Personnalisez votre actualit\u00e9 en ajoutant vos villes et m\u00e9dias en favori avec <a href=\"https:\/\/moncompte.actu.fr\" title=\"D\u00e9couvez Mon Actu\" rel=\"nofollow noopener\" data-trk=\"{&quot;cta&quot;:{&quot;action&quot;:&quot;https:\\\/\\\/moncompte.actu.fr&quot;,&quot;category&quot;:&quot;mon compte&quot;,&quot;from&quot;:&quot;article footer&quot;,&quot;name&quot;:&quot;Mon actu&quot;,&quot;type&quot;:&quot;cta&quot;}}\" target=\"_blank\">Mon Actu<\/a>.<\/p>\n","protected":false},"excerpt":{"rendered":"Par R\u00e9daction Paris Publi\u00e9 le 21 sept. 2025 \u00e0 7h36 Apr\u00e8s deux vols en quelques mois \u00e0 peine,&hellip;\n","protected":false},"author":2,"featured_media":406524,"comment_status":"","ping_status":"","sticky":false,"template":"","format":"standard","meta":{"footnotes":""},"categories":[1592],"tags":[1111,11,646,1777,674,118,1011,27,662,12,626,1072,25],"class_list":{"0":"post-406523","1":"post","2":"type-post","3":"status-publish","4":"format-standard","5":"has-post-thumbnail","7":"category-ile-de-france","8":"tag-actu","9":"tag-actualites","10":"tag-automobile","11":"tag-eu","12":"tag-europe","13":"tag-faits-divers","14":"tag-fr","15":"tag-france","16":"tag-ile-de-france","17":"tag-news","18":"tag-paris","19":"tag-police","20":"tag-republique-francaise"},"share_on_mastodon":{"url":"https:\/\/pubeurope.com\/@fr\/115240772906956979","error":""},"_links":{"self":[{"href":"https:\/\/www.europesays.com\/fr\/wp-json\/wp\/v2\/posts\/406523","targetHints":{"allow":["GET"]}}],"collection":[{"href":"https:\/\/www.europesays.com\/fr\/wp-json\/wp\/v2\/posts"}],"about":[{"href":"https:\/\/www.europesays.com\/fr\/wp-json\/wp\/v2\/types\/post"}],"author":[{"embeddable":true,"href":"https:\/\/www.europesays.com\/fr\/wp-json\/wp\/v2\/users\/2"}],"replies":[{"embeddable":true,"href":"https:\/\/www.europesays.com\/fr\/wp-json\/wp\/v2\/comments?post=406523"}],"version-history":[{"count":0,"href":"https:\/\/www.europesays.com\/fr\/wp-json\/wp\/v2\/posts\/406523\/revisions"}],"wp:featuredmedia":[{"embeddable":true,"href":"https:\/\/www.europesays.com\/fr\/wp-json\/wp\/v2\/media\/406524"}],"wp:attachment":[{"href":"https:\/\/www.europesays.com\/fr\/wp-json\/wp\/v2\/media?parent=406523"}],"wp:term":[{"taxonomy":"category","embeddable":true,"href":"https:\/\/www.europesays.com\/fr\/wp-json\/wp\/v2\/categories?post=406523"},{"taxonomy":"post_tag","embeddable":true,"href":"https:\/\/www.europesays.com\/fr\/wp-json\/wp\/v2\/tags?post=406523"}],"curies":[{"name":"wp","href":"https:\/\/api.w.org\/{rel}","templated":true}]}}