{"id":406528,"date":"2025-09-21T06:05:10","date_gmt":"2025-09-21T06:05:10","guid":{"rendered":"https:\/\/www.europesays.com\/fr\/406528\/"},"modified":"2025-09-21T06:05:10","modified_gmt":"2025-09-21T06:05:10","slug":"il-manque-de-largent-pour-terminer-la-restauration-un-nouvel-appel-aux-dons-lance","status":"publish","type":"post","link":"https:\/\/www.europesays.com\/fr\/406528\/","title":{"rendered":"il manque de l&rsquo;argent pour terminer la restauration, un nouvel appel aux dons lanc\u00e9"},"content":{"rendered":"<p>            Par<br \/>\n        <strong><br \/>\n            <a href=\"https:\/\/actu.fr\/auteur\/glenn-gillet\" title=\"Consulter tous les articles de Glenn Gillet\" target=\"_blank\" rel=\"noopener\">Glenn Gillet<\/a><br \/>\n        <\/strong><\/p>\n<p>        Publi\u00e9 le<\/p>\n<p>            20 sept. 2025 \u00e0 18h56        <\/p>\n<p>Il faudrait \u00ab\u00a0un compl\u00e9ment, un certain nombre de <strong>millions d\u2019euros<\/strong> pour aller jusqu\u2019au bout\u00a0\u00bb de la restauration de <a href=\"https:\/\/actu.fr\/tag\/cathedrale-notre-dame-de-paris\" target=\"_blank\" rel=\"noopener\">Notre-Dame de Paris<\/a>. C\u2019est ce qu\u2019a annonc\u00e9 vendredi 19 septembre 2025 sur <a href=\"https:\/\/www.radiofrance.fr\/franceinter\/podcasts\/le-13-14\/le-13-14-du-vendredi-19-septembre-2025-9948329\" target=\"_blank\" rel=\"noopener\">France Inter<\/a> Philippe Jost, le pr\u00e9sident de l\u2019\u00e9tablissement public en charge des travaux qui ont permis de faire rena\u00eetre la cath\u00e9drale apr\u00e8s <strong>l\u2019incendie d\u00e9vastateur de 2019<\/strong>, \u00e0 l\u2019occasion de la <a href=\"https:\/\/actu.fr\/ile-de-france\/paris_75056\/prix-reservation-accessibilite-ce-qu-il-faut-savoir-sur-la-reouverture-des-tours-de-notre-dame-de-paris_63185135.html\" target=\"_blank\" rel=\"noopener\">r\u00e9ouverture au public des deux tours de l\u2019\u00e9difice<\/a> ce samedi. Un <strong>nouvel appel aux dons<\/strong> a donc \u00e9t\u00e9 lanc\u00e9.<\/p>\n<p>Un tr\u00e9sor de guerre de 140 millions<\/p>\n<p class=\" wall-content\">Selon Philippe Jost, \u00ab\u00a0le plus gros du travail a \u00e9t\u00e9 fait depuis 2019. Maintenant nous voulons aller jusqu\u2019au bout\u00a0\u00bb afin de \u00ab\u00a0restaurer les ext\u00e9rieurs, les \u00e9l\u00e9vations sur les c\u00f4t\u00e9s, la sacristie aussi\u00a0\u00bb. Pour effectuer ces travaux, \u00ab\u00a0il reste 140 millions d\u2019euros\u00a0\u00bb sur les<strong> 843 millions d\u2019euros de dons<\/strong> r\u00e9colt\u00e9s \u00e0 la suite de l\u2019incendie. Mais cette somme ne suffira pas \u00e0 financer l\u2019int\u00e9gralit\u00e9 des projets de travaux.<\/p>\n<p class=\" wall-content\">\u00ab\u00a0On fait appel \u00e0 la <strong>g\u00e9n\u00e9rosit\u00e9<\/strong> de tous ceux qui aiment Notre-Dame de Paris, qui ont d\u00e9j\u00e0 donn\u00e9 ou qui ont envie de donner\u00a0\u00bb, estime Philippe Jost, qui ne pr\u00e9cise pas le montant total dont la cath\u00e9drale a besoin pour finaliser sa restauration. Si vous souhaitez donner, vous pouvez vous rendre sur <a href=\"https:\/\/paiement.notredamedeparis.fr\/produit\/donner-a-la-cathedrale\/\" target=\"_blank\" rel=\"noopener\">le site de la cath\u00e9drale<\/a>.<\/p>\n<p class=\" wall-content\">Comme le note <a href=\"https:\/\/www.bfmtv.com\/societe\/nous-voulons-aller-jusqu-au-bout-un-nouvel-appel-aux-dons-lance-pour-la-restauration-de-notre-dame-de-paris_AN-202509190866.html\" target=\"_blank\" rel=\"noopener\">BFMTV<\/a>, la Cour des comptes a salu\u00e9 d\u00e9but septembre dans un <a href=\"https:\/\/www.ccomptes.fr\/fr\/publications\/le-chantier-de-la-cathedrale-de-notre-dame\" target=\"_blank\" rel=\"noopener\">rapport<\/a> les travaux de restauration effectu\u00e9s apr\u00e8s l\u2019incendie, louant le fait qu\u2019ils ont \u00e9t\u00e9 men\u00e9s \u00ab\u00a0\u00e0 bon terme, dans des d\u00e9lais exigeants et pour un <strong>co\u00fbt ma\u00eetris\u00e9<\/strong>\u00ab\u00a0.<\/p>\n<p class=\" wall-content\">Personnalisez votre actualit\u00e9 en ajoutant vos villes et m\u00e9dias en favori avec <a href=\"https:\/\/moncompte.actu.fr\" title=\"D\u00e9couvez Mon Actu\" rel=\"nofollow noopener\" data-trk=\"{&quot;cta&quot;:{&quot;action&quot;:&quot;https:\\\/\\\/moncompte.actu.fr&quot;,&quot;category&quot;:&quot;mon compte&quot;,&quot;from&quot;:&quot;article footer&quot;,&quot;name&quot;:&quot;Mon actu&quot;,&quot;type&quot;:&quot;cta&quot;}}\" target=\"_blank\">Mon Actu<\/a>.<\/p>\n","protected":false},"excerpt":{"rendered":"Par Glenn Gillet Publi\u00e9 le 20 sept. 2025 \u00e0 18h56 Il faudrait \u00ab\u00a0un compl\u00e9ment, un certain nombre de&hellip;\n","protected":false},"author":2,"featured_media":406529,"comment_status":"","ping_status":"","sticky":false,"template":"","format":"standard","meta":{"footnotes":""},"categories":[1888],"tags":[11,8777,1777,674,1011,27,12,3341,626,2551,25,104],"class_list":{"0":"post-406528","1":"post","2":"type-post","3":"status-publish","4":"format-standard","5":"has-post-thumbnail","7":"category-paris","8":"tag-actualites","9":"tag-cathedrale-notre-dame-de-paris","10":"tag-eu","11":"tag-europe","12":"tag-fr","13":"tag-france","14":"tag-news","15":"tag-notre-dame-de-paris","16":"tag-paris","17":"tag-patrimoine","18":"tag-republique-francaise","19":"tag-societe"},"share_on_mastodon":{"url":"","error":""},"_links":{"self":[{"href":"https:\/\/www.europesays.com\/fr\/wp-json\/wp\/v2\/posts\/406528","targetHints":{"allow":["GET"]}}],"collection":[{"href":"https:\/\/www.europesays.com\/fr\/wp-json\/wp\/v2\/posts"}],"about":[{"href":"https:\/\/www.europesays.com\/fr\/wp-json\/wp\/v2\/types\/post"}],"author":[{"embeddable":true,"href":"https:\/\/www.europesays.com\/fr\/wp-json\/wp\/v2\/users\/2"}],"replies":[{"embeddable":true,"href":"https:\/\/www.europesays.com\/fr\/wp-json\/wp\/v2\/comments?post=406528"}],"version-history":[{"count":0,"href":"https:\/\/www.europesays.com\/fr\/wp-json\/wp\/v2\/posts\/406528\/revisions"}],"wp:featuredmedia":[{"embeddable":true,"href":"https:\/\/www.europesays.com\/fr\/wp-json\/wp\/v2\/media\/406529"}],"wp:attachment":[{"href":"https:\/\/www.europesays.com\/fr\/wp-json\/wp\/v2\/media?parent=406528"}],"wp:term":[{"taxonomy":"category","embeddable":true,"href":"https:\/\/www.europesays.com\/fr\/wp-json\/wp\/v2\/categories?post=406528"},{"taxonomy":"post_tag","embeddable":true,"href":"https:\/\/www.europesays.com\/fr\/wp-json\/wp\/v2\/tags?post=406528"}],"curies":[{"name":"wp","href":"https:\/\/api.w.org\/{rel}","templated":true}]}}