{"id":406535,"date":"2025-09-21T06:10:10","date_gmt":"2025-09-21T06:10:10","guid":{"rendered":"https:\/\/www.europesays.com\/fr\/406535\/"},"modified":"2025-09-21T06:10:10","modified_gmt":"2025-09-21T06:10:10","slug":"usa-a-peine-20-ans-et-deja-en-proces-contre-la-politique-environnementale-de-trump","status":"publish","type":"post","link":"https:\/\/www.europesays.com\/fr\/406535\/","title":{"rendered":"USA : \u00e0 peine 20 ans, et d\u00e9j\u00e0 en proc\u00e8s contre la politique environnementale de Trump"},"content":{"rendered":"\n<p>Missoula (\u00c9tats-Unis) (AFP) \u2013 Ils ont \u00e0 peine 20 ans et se pincent pour r\u00e9aliser qu\u2019ils d\u00e9fient en justice le gouvernement f\u00e9d\u00e9ral. De jeunes Am\u00e9ricains \u00e9c\u0153ur\u00e9s par la politique environnementale de l\u2019administration Trump attendent d\u00e9sormais d\u2019un tribunal du Montana (nord-ouest des \u00c9tats-Unis) qu\u2019il ordonne l\u2019ouverture d\u2019un proc\u00e8s.<\/p>\n<p>Joseph Lee, 19 ans, n\u2019en revient toujours pas d\u2019avoir t\u00e9moign\u00e9 devant un tribunal durant deux jours d\u2019audience, mardi et mercredi, aux c\u00f4t\u00e9s de 21 autres jeunes, dont des mineurs.<\/p>\n<p>\u00ab\u00a0Je vais me r\u00e9veiller et r\u00e9aliser : +Wahou! J\u2019ai vraiment fait \u00e7a+. J\u2019ai t\u00e9moign\u00e9 devant un tribunal contre mon propre gouvernement f\u00e9d\u00e9ral, et c\u2019est tellement lourd de sens d\u2019en faire partie\u00a0\u00bb, s\u2019emporte le jeune homme aupr\u00e8s d\u2019un journaliste de l\u2019AFP.<\/p>\n<p>Les plaignants veulent faire suspendre trois d\u00e9crets du pr\u00e9sident am\u00e9ricain Donald Trump qui facilitent la production de p\u00e9trole et de gaz et entravent celle d\u2019\u00e9nergies renouvelables.<\/p>\n<p>Ils cherchent \u00e9galement \u00e0 faire cesser le d\u00e9mant\u00e8lement par l\u2019administration de la climatologie scientifique, depuis la suppression d\u2019un rapport national cl\u00e9 sur le climat jusqu\u2019\u00e0 la fermeture d\u2019un site majeur de surveillance du dioxyde de carbone \u00e0 Hawa\u00ef.<\/p>\n<p>L\u2019action n\u2019en est qu\u2019\u00e0 un stade initial : il s\u2019agit pour eux d\u2019obtenir du juge qu\u2019il adopte une injonction pr\u00e9liminaire ouvrant la voie \u00e0 un proc\u00e8s. Le gouvernement f\u00e9d\u00e9ral, rejoint par 19 \u00c9tats conservateurs et le territoire de Guam, r\u00e9clame un classement sans suite.<\/p>\n<p>Le magistrat, Dana Christensen, est connu pour ses d\u00e9cisions en faveur de l\u2019environnement, mais les observateurs ne sont pas optimistes: m\u00eame en cas de proc\u00e8s, la proc\u00e9dure risque de finir devant la Cour supr\u00eame, domin\u00e9e par les conservateurs.<\/p>\n<p>\u00ab\u00a0Presque th\u00e9rapeutique\u00a0\u00bb<\/p>\n<p>Malgr\u00e9 la gravit\u00e9 des enjeux, les plaignants ont \u00e9t\u00e9 stup\u00e9faits des questions parfois soulev\u00e9es devant le tribunal, et des r\u00e9ponses apport\u00e9es par les avocats du gouvernement.<\/p>\n<p>Alors que Joseph Lee racontait comment il avait d\u00fb \u00eatre hospitalis\u00e9 \u00e0 la suite d\u2019une insolation, l\u2019avocat du minist\u00e8re de la Justice, Erik Van de Stouwe, lui a demand\u00e9 s\u2019il avait port\u00e9 plainte contre son universit\u00e9 pour le manque de climatisation dans les dortoirs.<\/p>\n<p>[\u00c0 lire aussi <a href=\"https:\/\/www.goodplanet.info\/2025\/09\/16\/de-jeunes-americains-defient-trump-au-tribunal-pour-son-recul-climatique\/\" target=\"_blank\" rel=\"noopener\">De jeunes Am\u00e9ricains d\u00e9fient Trump au tribunal pour son recul climatique<\/a>]<\/p>\n<p>\u00ab\u00a0Ce n\u2019est pas une question d\u2019air conditionn\u00e9\u00a0\u00bb, a r\u00e9pondu M. Lee, persuad\u00e9 que r\u00e9duire le sujet \u00ab\u00a0\u00e0 quelque chose d\u2019aussi trivial\u00a0\u00bb montrait la faiblesse du dossier de la d\u00e9fense et la l\u00e9g\u00e8ret\u00e9 des autorit\u00e9s f\u00e9d\u00e9rales en mati\u00e8re de politique environnementale.<\/p>\n<p>Dans un autre \u00e9change \u00e9trange, un avocat du gouvernement a demand\u00e9 \u00e0 Avery McRae, 20 ans, si l\u2019anxi\u00e9t\u00e9 qu\u2019elle attribuait au changement climatique pouvait d\u00e9couler du fait d\u2019avoir pass\u00e9 la moiti\u00e9 de sa vie \u00e0 poursuivre le gouvernement.<\/p>\n<p>Et quand Jorja McCormick, 17 ans, a \u00e9voqu\u00e9 un incendie traumatisant pr\u00e8s de chez elle, l\u2019avocat a r\u00e9torqu\u00e9 que \u00ab\u00a0l\u2019\u00e9levage de chevaux (contribuait) au r\u00e9chauffement climatique\u00a0\u00bb.<\/p>\n<p>En sortant de la salle d\u2019audience, les plaignants semblaient sans grande illusion mais conservaient une d\u00e9termination intacte.<\/p>\n<p>\u00ab\u00a0Un avenir meilleur est possible\u00a0\u00bb, soutient Joseph Lee. \u00ab\u00a0Si la d\u00e9cision ne nous est pas favorable, nous continuerons \u00e0 nous battre\u00a0\u00bb.<\/p>\n<p>Jorja McCormick, elle, a trouv\u00e9 dans la proc\u00e9dure elle-m\u00eame un effet positif. \u00ab\u00a0\u00catre \u00e0 la barre \u00e9tait vraiment stimulant : raconter mon histoire, la partager avec le monde de cette mani\u00e8re, c\u2019\u00e9tait presque th\u00e9rapeutique\u00a0\u00bb.<\/p>\n<p>\u00a9 AFP<\/p>\n<p><a href=\"https:\/\/www.goodplanet.info\/2025\/09\/18\/trump-tente-de-saper-le-consensus-mondial-sur-le-climat-juge-lex-emissaire-americain\/\" target=\"_blank\" rel=\"noopener\">Trump tente de \u00ab\u00a0saper le consensus\u00a0\u00bb mondial sur le climat, juge l\u2019ex-\u00e9missaire am\u00e9ricain<\/a><\/p>\n<p><a href=\"https:\/\/www.goodplanet.info\/2022\/11\/08\/sandrine-maljean-dubois-a-propos-de-la-cop27-paradoxalement-plus-lobjectif-de-15c-simpose-dans-lagenda-plus-on-sen-eloigne\/\" target=\"_blank\" rel=\"noopener\">Sandrine Maljean-Dubois \u00e0 propos de la COP27\u00a0: \u00ab\u00a0paradoxalement, plus l\u2019objectif de 1,5\u00b0C s\u2019impose dans l\u2019agenda, plus on s\u2019en \u00e9loigne \u00bb<\/a><\/p>\n","protected":false},"excerpt":{"rendered":"Missoula (\u00c9tats-Unis) (AFP) \u2013 Ils ont \u00e0 peine 20 ans et se pincent pour r\u00e9aliser qu\u2019ils d\u00e9fient en&hellip;\n","protected":false},"author":2,"featured_media":406536,"comment_status":"","ping_status":"","sticky":false,"template":"","format":"standard","meta":{"footnotes":""},"categories":[1589],"tags":[11,4734,73,1866,16743,19629,12,1864,1865,1863,308],"class_list":{"0":"post-406535","1":"post","2":"type-post","3":"status-publish","4":"format-standard","5":"has-post-thumbnail","7":"category-etats-unis","8":"tag-actualites","9":"tag-changement-climatique","10":"tag-etats-unis","11":"tag-etats-unis-damerique","12":"tag-gaz-a-effet-de-serre","13":"tag-gouvernance","14":"tag-news","15":"tag-united-states","16":"tag-united-states-of-america","17":"tag-us","18":"tag-usa"},"share_on_mastodon":{"url":"https:\/\/pubeurope.com\/@fr\/115240804314601501","error":""},"_links":{"self":[{"href":"https:\/\/www.europesays.com\/fr\/wp-json\/wp\/v2\/posts\/406535","targetHints":{"allow":["GET"]}}],"collection":[{"href":"https:\/\/www.europesays.com\/fr\/wp-json\/wp\/v2\/posts"}],"about":[{"href":"https:\/\/www.europesays.com\/fr\/wp-json\/wp\/v2\/types\/post"}],"author":[{"embeddable":true,"href":"https:\/\/www.europesays.com\/fr\/wp-json\/wp\/v2\/users\/2"}],"replies":[{"embeddable":true,"href":"https:\/\/www.europesays.com\/fr\/wp-json\/wp\/v2\/comments?post=406535"}],"version-history":[{"count":0,"href":"https:\/\/www.europesays.com\/fr\/wp-json\/wp\/v2\/posts\/406535\/revisions"}],"wp:featuredmedia":[{"embeddable":true,"href":"https:\/\/www.europesays.com\/fr\/wp-json\/wp\/v2\/media\/406536"}],"wp:attachment":[{"href":"https:\/\/www.europesays.com\/fr\/wp-json\/wp\/v2\/media?parent=406535"}],"wp:term":[{"taxonomy":"category","embeddable":true,"href":"https:\/\/www.europesays.com\/fr\/wp-json\/wp\/v2\/categories?post=406535"},{"taxonomy":"post_tag","embeddable":true,"href":"https:\/\/www.europesays.com\/fr\/wp-json\/wp\/v2\/tags?post=406535"}],"curies":[{"name":"wp","href":"https:\/\/api.w.org\/{rel}","templated":true}]}}