{"id":406556,"date":"2025-09-21T06:25:17","date_gmt":"2025-09-21T06:25:17","guid":{"rendered":"https:\/\/www.europesays.com\/fr\/406556\/"},"modified":"2025-09-21T06:25:17","modified_gmt":"2025-09-21T06:25:17","slug":"cest-fou-paul-magnier-a-remporte-les-quatre-premieres-etapes-du-tour-de-slovaquie","status":"publish","type":"post","link":"https:\/\/www.europesays.com\/fr\/406556\/","title":{"rendered":"\u00abC\u2019est fou !\u00bb, Paul Magnier a remport\u00e9 les quatre premi\u00e8res \u00e9tapes du Tour de Slovaquie"},"content":{"rendered":"<p>Paul Magnier a assomm\u00e9 une nouvelle fois la concurrence, ce samedi, en glanant un quatri\u00e8me succ\u00e8s en autant d\u2019\u00e9tapes sur le Tour de Slovaquie.<\/p>\n<p class=\"fig-paragraph\">Le Fran\u00e7ais\u00a0<a href=\"http:\/\/www.lefigaro.fr\/sports\/cyclisme\/cyclisme-premiere-victoire-sur-le-circuit-mondial-pour-paul-magnier-sur-le-tour-de-pologne-paul-lapeira-toujours-en-tete-du-general-20250807\" target=\"_blank\" data-fig-type=\"NewsFlash\" rel=\"nofollow noopener\" data-gtm-custom-categorie=\"navigation\" data-gtm-custom-action=\"crossclick\" data-gtm-custom-label=\"Contextuel\" data-gtm-event=\"customEventSPE\" data-fig-domain=\"LEFIGARO\">Paul Magnier<\/a>, 21 ans, a d\u00e9croch\u00e9 samedi son quatri\u00e8me succ\u00e8s de la semaine sur le Tour de Slovaquie, o\u00f9 il a remport\u00e9 toutes les \u00e9tapes depuis le d\u00e9part mercredi.<\/p>\n<p class=\"fig-paragraph\">Le coureur de la\u00a0<a href=\"http:\/\/www.lefigaro.fr\/sports\/cyclisme\/cyclisme-jasper-stuyven-rejoint-la-soudal-quick-step-20250801\" target=\"_blank\" data-fig-type=\"NewsFlash\" rel=\"nofollow noopener\" data-gtm-custom-categorie=\"navigation\" data-gtm-custom-action=\"crossclick\" data-gtm-custom-label=\"Contextuel\" data-gtm-event=\"customEventSPE\" data-fig-domain=\"LEFIGARO\">Soudal-Quick Step<\/a>\u00a0a fait parler sa puissance pour remporter la quatri\u00e8me \u00e9tape au sprint \u00e0 Sladkovicovo, dans l&rsquo;ouest de la Slovaquie, devant le local Lukas Kubis, deuxi\u00e8me de chaque \u00e9tape derri\u00e8re le Fran\u00e7ais. \u00abC&rsquo;est fou de gagner une nouvelle fois, c&rsquo;\u00e9tait une journ\u00e9e tr\u00e8s rapide. L&rsquo;\u00e9quipe a encore fait un travail magnifique, je ne peux pas \u00eatre plus fier d&rsquo;eux\u00bb, s&rsquo;est r\u00e9joui le vainqueur.<\/p>\n<p>                                    <a class=\"fig-a11y-skip a11y-hidden\" href=\"#fig-a11y-skip-main-inarticle\"><br \/>\n        Passer la publicit\u00e9<br \/>\n    <\/a><\/p>\n<p class=\"fig-paragraph\">C&rsquo;est la quinzi\u00e8me victoire de la carri\u00e8re du jeune Fran\u00e7ais, la dixi\u00e8me cette saison, apr\u00e8s notamment son r\u00e9cent succ\u00e8s au\u00a0<a href=\"https:\/\/www.lefigaro.fr\/sports\/cyclisme\/fil-info\/pascal-ackermann-remporte-le-grand-prix-de-fourmies-972879\" target=\"_blank\" data-fig-type=\"NewsFlash\" rel=\"nofollow noopener\" data-gtm-custom-categorie=\"navigation\" data-gtm-custom-action=\"crossclick\" data-gtm-custom-label=\"Contextuel\" data-gtm-event=\"customEventSPE\" data-fig-domain=\"LEFIGARO\">Grand Prix de Fourmies<\/a>, le 14 septembre. Paul Magnier est en t\u00eate du classement g\u00e9n\u00e9ral, avec 19 secondes d&rsquo;avance sur Kubis gr\u00e2ce aux bonifications. \u00abCe n&rsquo;\u00e9tait pas du tout le plan de jouer le classement g\u00e9n\u00e9ral, mais avec l&rsquo;avance que j&rsquo;ai d\u00e9sormais, on va forc\u00e9ment essayer\u00bb, a ajout\u00e9 Magnier.<\/p>\n<p class=\"fig-body-link\">\n            \u00c0 lire aussi<br \/>\n        <a class=\"fig-body-link__link\" href=\"http:\/\/www.lefigaro.fr\/sports\/cyclisme\/tour-de-france\/un-phenomene-completement-nouveau-le-directeur-du-tour-christian-prudhomme-evoque-les-manifestations-propalestiniennes-en-espagne-20250916\" target=\"_blank\" data-fig-type=\"NewsFlash\" rel=\"nofollow noopener\" data-gtm-custom-categorie=\"navigation\" data-gtm-custom-action=\"crossclick\" data-gtm-custom-label=\"Contextuel\" data-gtm-event=\"customEventSPE\" data-fig-domain=\"LEFIGARO\">\u00abUn ph\u00e9nom\u00e8ne compl\u00e8tement nouveau\u00bb\u00a0: le directeur du Tour Christian Prudhomme \u00e9voque les manifestations propalestiniennes en Espagne<br \/>\n    <\/a>\n<\/p>\n<p class=\"fig-paragraph\">Dimanche, il d\u00e9fendra son maillot jaune de leader lors de la derni\u00e8re \u00e9tape entre Nova Dubnica et Kohutka, avec une arriv\u00e9e au sommet d&rsquo;une ascension de 5,5km \u00e0 6,5%.<\/p>\n","protected":false},"excerpt":{"rendered":"Paul Magnier a assomm\u00e9 une nouvelle fois la concurrence, ce samedi, en glanant un quatri\u00e8me succ\u00e8s en autant&hellip;\n","protected":false},"author":2,"featured_media":406557,"comment_status":"","ping_status":"","sticky":false,"template":"","format":"standard","meta":{"footnotes":""},"categories":[1411],"tags":[1154,207,1011,27,10845,60],"class_list":{"0":"post-406556","1":"post","2":"type-post","3":"status-publish","4":"format-standard","5":"has-post-thumbnail","7":"category-cyclisme","8":"tag-cycling","9":"tag-cyclisme","10":"tag-fr","11":"tag-france","12":"tag-slovaquie","13":"tag-sports"},"share_on_mastodon":{"url":"https:\/\/pubeurope.com\/@fr\/115240863253899617","error":""},"_links":{"self":[{"href":"https:\/\/www.europesays.com\/fr\/wp-json\/wp\/v2\/posts\/406556","targetHints":{"allow":["GET"]}}],"collection":[{"href":"https:\/\/www.europesays.com\/fr\/wp-json\/wp\/v2\/posts"}],"about":[{"href":"https:\/\/www.europesays.com\/fr\/wp-json\/wp\/v2\/types\/post"}],"author":[{"embeddable":true,"href":"https:\/\/www.europesays.com\/fr\/wp-json\/wp\/v2\/users\/2"}],"replies":[{"embeddable":true,"href":"https:\/\/www.europesays.com\/fr\/wp-json\/wp\/v2\/comments?post=406556"}],"version-history":[{"count":0,"href":"https:\/\/www.europesays.com\/fr\/wp-json\/wp\/v2\/posts\/406556\/revisions"}],"wp:featuredmedia":[{"embeddable":true,"href":"https:\/\/www.europesays.com\/fr\/wp-json\/wp\/v2\/media\/406557"}],"wp:attachment":[{"href":"https:\/\/www.europesays.com\/fr\/wp-json\/wp\/v2\/media?parent=406556"}],"wp:term":[{"taxonomy":"category","embeddable":true,"href":"https:\/\/www.europesays.com\/fr\/wp-json\/wp\/v2\/categories?post=406556"},{"taxonomy":"post_tag","embeddable":true,"href":"https:\/\/www.europesays.com\/fr\/wp-json\/wp\/v2\/tags?post=406556"}],"curies":[{"name":"wp","href":"https:\/\/api.w.org\/{rel}","templated":true}]}}