{"id":406569,"date":"2025-09-21T06:33:12","date_gmt":"2025-09-21T06:33:12","guid":{"rendered":"https:\/\/www.europesays.com\/fr\/406569\/"},"modified":"2025-09-21T06:33:12","modified_gmt":"2025-09-21T06:33:12","slug":"lhistoire-vraie-a-lorigine-du-film-celle-dun-coming-out-au-sein-de-larmee","status":"publish","type":"post","link":"https:\/\/www.europesays.com\/fr\/406569\/","title":{"rendered":"L&rsquo;histoire vraie \u00e0 l\u2019origine du film, celle d&rsquo;un coming-out au sein de l&rsquo;arm\u00e9e"},"content":{"rendered":"<p class=\"articleContent-meta\">\n        Vendredi 19 septembre 2025 \u00e0 12:00 &#8211; par             <a class=\"articleContent-metaAuthorsLink\" href=\"https:\/\/www.cesoirtv.com\/auteur\/thomas-fourcroy\/\" target=\"_blank\" rel=\"noopener\">Thomas Fourcroy<\/a><\/p>\n<p>                    Tweeter<\/p>\n<p>                    Partager sur Facebook<\/p>\n<p>                        <img decoding=\"async\" src=\"https:\/\/www.europesays.com\/fr\/wp-content\/uploads\/2025\/09\/sergent-major-eismayer-19-septembre.jpg\" alt=\"Player Video\" class=\"player-applyRatio poster exclude-seedtag\"\/><\/p>\n<p>Le vendredi 19 septembre \u00e0 20h55, Arte diffuse Sergent-major Eismayer. Un film ayant marqu\u00e9 son auditoire en Autriche, par la force de son sujet : l&rsquo;histoire vraie d&rsquo;un amour contrari\u00e9 au sein de l&rsquo;arm\u00e9e. <\/p>\n<p>Habitu\u00e9e \u00e0 partager les p\u00e9pites m\u00e9connues du cin\u00e9ma europ\u00e9en, Arte ne va pas faillir \u00e0 sa r\u00e9putation ce vendredi avec la diffusion d&rsquo;un film in\u00e9dit, Sergent-major Eismayer. D\u00e9voil\u00e9 dans les salles obscures en 2022, ce long-m\u00e9trage sign\u00e9 David Wagner s&rsquo;inspire d&rsquo;une histoire vraie qui aura marqu\u00e9 l&rsquo;Autriche, le coming out de deux soldats d&rsquo;\u00e9lite, Charles Eismayer et Mario Falak. Un long-m\u00e9trage \u00e0 la fois dur et sensible port\u00e9 par Gerhard Liebmann, Julia Koschitz, Luka Dimi\u0107, Anton Noori, Christopher Sch\u00e4rf, Karl Fischer ou encore Lion Tatzber.<\/p>\n<p>Sergent-Major Eismayer : deux militaires entre adversit\u00e9 et amour<\/p>\n<p>Dans les rangs de l&rsquo;arm\u00e9e autrichienne, Charles Eismayer n&rsquo;est pas un formateur comme les autres. En effet, le sergent-major est du genre retord \u00e0 souhait. Inflexible, il s&rsquo;est taill\u00e9 une r\u00e9putation plus que solide, terrorisant les jeunes recrues et les poussant dans leurs retranchements. Allergique \u00e0 tout signe de faiblesse, Eismayer verra un nouveau venu l&#8217;embarrasser au plus haut point, un certain Mario Falak. Pas franchement du genre \u00e0 se laisser faire, il est la cible de commentaires racistes et homophobes, lui qui est originaire d&rsquo;ex-Yougoslavie et ouvertement homosexuel. Aussi efficace dans ses man\u0153uvres que rebelle face \u00e0 l&rsquo;autorit\u00e9, Mario troublera son sup\u00e9rieur. Apr\u00e8s une p\u00e9riode de d\u00e9testation, ils verront leurs sentiments se transformer. Car oui, Charles Eismayer, bien que mari\u00e9 \u00e0 une femme, n&rsquo;est pas celui qu&rsquo;il pr\u00e9tend \u00eatre&#8230;<\/p>\n<p>                                Sergent-Major Eismayer : une histoire vraie puissante \u00e0 l&rsquo;origine d&rsquo;un film prim\u00e9<\/p>\n<p>Apr\u00e8s plusieurs courts-m\u00e9trages, David Wagner a sign\u00e9 avec Sergent-Major Eismayer son tout premier long-m\u00e9trage en 2022. Un film qui aura glan\u00e9 le grand prix de la semaine de la critique \u00e0 la Mostra de Venise, la m\u00eame ann\u00e9e. Pr\u00e9sents \u00e0 cette occasion, Charles Eismayer et Mario Falak, ont donn\u00e9 encore plus de poids \u00e0 cette r\u00e9compense. Deux hommes contact\u00e9s par le r\u00e9alisateur apr\u00e8s la parution d&rsquo;un article dans la presse, et qui, apr\u00e8s quelques r\u00e9ticences, ont finalement d\u00e9cid\u00e9 de partager leur histoire. Notons que ces deux militaires ont c\u00e9l\u00e9br\u00e9 leur mariage dans la cour de leur caserne et v\u00eatus de leurs uniformes. Une union qui en Autriche, aura fait changer les mentalit\u00e9s au sein m\u00eame de l&rsquo;arm\u00e9e.<\/p>\n","protected":false},"excerpt":{"rendered":"Vendredi 19 septembre 2025 \u00e0 12:00 &#8211; par Thomas Fourcroy Tweeter Partager sur Facebook Le vendredi 19 septembre&hellip;\n","protected":false},"author":2,"featured_media":406570,"comment_status":"","ping_status":"","sticky":false,"template":"","format":"standard","meta":{"footnotes":""},"categories":[1354],"tags":[6835,58,59,1346,1011,27,1146,5468,1360,53846],"class_list":{"0":"post-406569","1":"post","2":"type-post","3":"status-publish","4":"format-standard","5":"has-post-thumbnail","7":"category-films","8":"tag-arte","9":"tag-divertissement","10":"tag-entertainment","11":"tag-films","12":"tag-fr","13":"tag-france","14":"tag-guerre","15":"tag-histoire-vraie","16":"tag-movies","17":"tag-sergent-major-eismayer-1100441932"},"share_on_mastodon":{"url":"https:\/\/pubeurope.com\/@fr\/115240894772720553","error":""},"_links":{"self":[{"href":"https:\/\/www.europesays.com\/fr\/wp-json\/wp\/v2\/posts\/406569","targetHints":{"allow":["GET"]}}],"collection":[{"href":"https:\/\/www.europesays.com\/fr\/wp-json\/wp\/v2\/posts"}],"about":[{"href":"https:\/\/www.europesays.com\/fr\/wp-json\/wp\/v2\/types\/post"}],"author":[{"embeddable":true,"href":"https:\/\/www.europesays.com\/fr\/wp-json\/wp\/v2\/users\/2"}],"replies":[{"embeddable":true,"href":"https:\/\/www.europesays.com\/fr\/wp-json\/wp\/v2\/comments?post=406569"}],"version-history":[{"count":0,"href":"https:\/\/www.europesays.com\/fr\/wp-json\/wp\/v2\/posts\/406569\/revisions"}],"wp:featuredmedia":[{"embeddable":true,"href":"https:\/\/www.europesays.com\/fr\/wp-json\/wp\/v2\/media\/406570"}],"wp:attachment":[{"href":"https:\/\/www.europesays.com\/fr\/wp-json\/wp\/v2\/media?parent=406569"}],"wp:term":[{"taxonomy":"category","embeddable":true,"href":"https:\/\/www.europesays.com\/fr\/wp-json\/wp\/v2\/categories?post=406569"},{"taxonomy":"post_tag","embeddable":true,"href":"https:\/\/www.europesays.com\/fr\/wp-json\/wp\/v2\/tags?post=406569"}],"curies":[{"name":"wp","href":"https:\/\/api.w.org\/{rel}","templated":true}]}}