{"id":406577,"date":"2025-09-21T06:37:11","date_gmt":"2025-09-21T06:37:11","guid":{"rendered":"https:\/\/www.europesays.com\/fr\/406577\/"},"modified":"2025-09-21T06:37:11","modified_gmt":"2025-09-21T06:37:11","slug":"apple-ridiculise-samsung-avec-ce-test-brutal-qui-terrifie-toute-lindustrie-technologique","status":"publish","type":"post","link":"https:\/\/www.europesays.com\/fr\/406577\/","title":{"rendered":"Apple ridiculise Samsung avec ce test brutal qui terrifie toute l&rsquo;industrie technologique"},"content":{"rendered":"<tr>\n<td><strong>EN BREF<\/strong><\/td>\n<\/tr>\n<tr>\n<td>\n<ul>\n<li>\ud83c\udd95 Zoom introduit un <strong>double num\u00e9rique<\/strong> pour les visioconf\u00e9rences<\/li>\n<li>\ud83d\udc54 Une solution pour une <strong>pr\u00e9sence soign\u00e9e<\/strong> sans pr\u00e9paration<\/li>\n<li>\ud83d\udd0d Syst\u00e8me de <strong>v\u00e9rification<\/strong> pour garantir l\u2019authenticit\u00e9<\/li>\n<li>\ud83d\udcc5 Lancement pr\u00e9vu en <strong>d\u00e9cembre<\/strong> avec des am\u00e9liorations possibles<\/li>\n<\/ul>\n<\/td>\n<\/tr>\n<p>Zoom, bien connu pour ses solutions de visioconf\u00e9rence, continue d\u2019innover dans le domaine de l\u2019intelligence artificielle. Avec le lancement prochain de Zoom AI Companion 3.0, l\u2019entreprise d\u00e9voile une nouvelle fonctionnalit\u00e9 qui pourrait transformer la fa\u00e7on dont nous participons aux r\u00e9unions virtuelles. Cette innovation permet aux utilisateurs d\u2019\u00eatre repr\u00e9sent\u00e9s par un double num\u00e9rique, une solution qui pourrait bien red\u00e9finir les standards de pr\u00e9sentation lors des visioconf\u00e9rences. En effet, ce double num\u00e9rique ne vise pas \u00e0 remplacer compl\u00e8tement la pr\u00e9sence r\u00e9elle lors des r\u00e9unions, mais plut\u00f4t \u00e0 am\u00e9liorer l\u2019exp\u00e9rience utilisateur en termes de pr\u00e9sentation visuelle.<\/p>\n<p>Une solution pour une pr\u00e9sence soign\u00e9e<\/p>\n<p>La nouvelle fonctionnalit\u00e9 de Zoom vise \u00e0 offrir une solution aux utilisateurs qui souhaitent participer \u00e0 des r\u00e9unions importantes sans se soucier de leur apparence physique imm\u00e9diate. Le double num\u00e9rique, un avatar photor\u00e9aliste, permet \u00e0 l\u2019utilisateur de projeter une image soign\u00e9e. Ainsi, m\u00eame en t\u00e9l\u00e9travail, sans avoir eu le temps de se pr\u00e9parer, il est possible d\u2019appara\u00eetre bien habill\u00e9 \u00e0 l\u2019\u00e9cran. Cet avatar suit et imite les mouvements captur\u00e9s par la webcam de l\u2019utilisateur, offrant ainsi une exp\u00e9rience plus r\u00e9aliste aux autres participants de la r\u00e9union.<\/p>\n<p>Ce concept r\u00e9pond \u00e0 un besoin croissant dans le monde professionnel o\u00f9 l\u2019image est souvent jug\u00e9e aussi importante que le contenu des discussions. En permettant une repr\u00e9sentation visuelle impeccable, Zoom offre une solution innovante qui pourrait s\u00e9duire de nombreux professionnels soucieux de leur image.<\/p>\n<blockquote class=\"wp-embedded-content\" data-secret=\"53MP5fJ9Lf\">\n<p><a href=\"https:\/\/www.lejournaleconomique.com\/2025\/07\/06\/il-vit-grace-a-la-lumiere-des-chercheurs-creent-un-robot-unique-controle-par-un-champignon-sensible-aux-rayons-lumineux\/\" rel=\"nofollow noopener\" target=\"_blank\">\u00ab Il vit gr\u00e2ce \u00e0 la lumi\u00e8re \u00bb : des chercheurs cr\u00e9ent un robot unique contr\u00f4l\u00e9 par un champignon sensible aux rayons lumineux<\/a><\/p>\n<\/blockquote>\n<p>Assurance d\u2019authenticit\u00e9 et v\u00e9rifications<\/p>\n<p>Pour \u00e9viter que cette fonctionnalit\u00e9 ne soit utilis\u00e9e de mani\u00e8re trompeuse, Zoom a pr\u00e9vu un syst\u00e8me de v\u00e9rification rigoureux. Le double num\u00e9rique doit \u00eatre une r\u00e9plique fid\u00e8le de l\u2019utilisateur lui-m\u00eame et non d\u2019une autre personne. Ce syst\u00e8me de v\u00e9rification est essentiel pour maintenir la confiance entre les participants et garantir que l\u2019outil ne soit pas d\u00e9tourn\u00e9 \u00e0 des fins malhonn\u00eates.<\/p>\n<p>En plus de ce m\u00e9canisme de contr\u00f4le, Zoom a int\u00e9gr\u00e9 une notification visible par tous les participants, indiquant lorsqu\u2019un double num\u00e9rique est utilis\u00e9. Cela assure une transparence totale et \u00e9vite toute confusion ou m\u00e9fiance parmi les utilisateurs. Ainsi, la fonctionnalit\u00e9 est con\u00e7ue pour \u00eatre utilis\u00e9e de mani\u00e8re \u00e9thique et responsable.<\/p>\n<blockquote class=\"wp-embedded-content\" data-secret=\"WSE0v4U2YZ\">\n<p><a href=\"https:\/\/www.lejournaleconomique.com\/2025\/07\/07\/il-vole-sans-jamais-se-poser-des-chercheurs-de-berkeley-devoilent-un-mini-drone-revolutionnaire-qui-fonctionne-sans-batterie\/\" rel=\"nofollow noopener\" target=\"_blank\">\u00ab Il vole sans jamais se poser \u00bb : des chercheurs de Berkeley d\u00e9voilent un mini-drone r\u00e9volutionnaire qui fonctionne sans batterie<\/a><\/p>\n<\/blockquote>\n<p>Un lancement attendu en d\u00e9cembre<\/p>\n<p>Bien que l\u2019annonce de cette fonctionnalit\u00e9 suscite d\u00e9j\u00e0 beaucoup d\u2019int\u00e9r\u00eat, son d\u00e9ploiement n\u2019est pr\u00e9vu que pour le mois de d\u00e9cembre. D\u2019ici l\u00e0, Zoom pourrait encore apporter des modifications pour peaufiner cet outil innovant. L\u2019attente de cette nouvelle fonctionnalit\u00e9 montre l\u2019engagement de Zoom \u00e0 rester \u00e0 la pointe de la technologie dans le domaine des communications num\u00e9riques.<\/p>\n<p>Cette anticipation s\u2019inscrit dans une strat\u00e9gie plus large de Zoom visant \u00e0 int\u00e9grer davantage d\u2019\u00e9l\u00e9ments li\u00e9s \u00e0 l\u2019intelligence artificielle dans ses offres. L\u2019entreprise a d\u00e9j\u00e0 introduit des fonctionnalit\u00e9s similaires, comme la possibilit\u00e9 de g\u00e9n\u00e9rer des clips pr\u00e9enregistr\u00e9s \u00e0 l\u2019aide d\u2019un double num\u00e9rique, ce qui montre sa volont\u00e9 constante d\u2019innover.<\/p>\n<blockquote class=\"wp-embedded-content\" data-secret=\"HlHlwEkOUn\">\n<p><a href=\"https:\/\/www.lejournaleconomique.com\/2025\/07\/03\/nouveau-choc-sur-impots-gouv-fr-cette-demarche-inedite-bientot-obligatoire-pour-acceder-a-votre-compte-fiscal-en-toute-securite-et-eviter-de-graves-ennuis-administratifs\/\" rel=\"nofollow noopener\" target=\"_blank\">Nouveau choc sur Imp\u00f4ts.gouv.fr : cette d\u00e9marche in\u00e9dite bient\u00f4t obligatoire pour acc\u00e9der \u00e0 votre compte fiscal en toute s\u00e9curit\u00e9 et \u00e9viter de graves ennuis administratifs<\/a><\/p>\n<\/blockquote>\n<p>Les implications pour l\u2019avenir de la visioconf\u00e9rence<\/p>\n<p>Avec l\u2019introduction de cette fonctionnalit\u00e9, Zoom pourrait bien red\u00e9finir les normes de la visioconf\u00e9rence. Cette innovation soul\u00e8ve des questions sur l\u2019avenir de la communication num\u00e9rique et sur la place de l\u2019intelligence artificielle dans notre quotidien professionnel. En facilitant une pr\u00e9sence num\u00e9rique plus soign\u00e9e, Zoom pourrait influencer la mani\u00e8re dont les r\u00e9unions virtuelles seront per\u00e7ues \u00e0 l\u2019avenir.<\/p>\n<p>Les implications sont nombreuses, notamment en termes de productivit\u00e9 et de gestion de l\u2019image professionnelle. Cette technologie pourrait \u00e9galement ouvrir la voie \u00e0 de nouvelles formes de communication num\u00e9rique, o\u00f9 la fronti\u00e8re entre le r\u00e9el et le virtuel devient de plus en plus floue.<\/p>\n<p>Alors que Zoom s\u2019appr\u00eate \u00e0 lancer cette nouvelle fonctionnalit\u00e9, une question demeure : comment cette innovation sera-t-elle accueillie par les utilisateurs, et quelles seront les cons\u00e9quences \u00e0 long terme sur les interactions professionnelles en ligne ?<\/p>\n<p>Cet article s\u2019appuie sur des sources v\u00e9rifi\u00e9es et l\u2019assistance de technologies \u00e9ditoriales.<\/p>\n<p id=\"rating\">\u00c7a vous a plu ?\u00a04.6\/5 (22)<\/p>\n","protected":false},"excerpt":{"rendered":"EN BREF \ud83c\udd95 Zoom introduit un double num\u00e9rique pour les visioconf\u00e9rences \ud83d\udc54 Une solution pour une pr\u00e9sence soign\u00e9e&hellip;\n","protected":false},"author":2,"featured_media":406578,"comment_status":"","ping_status":"","sticky":false,"template":"","format":"standard","meta":{"footnotes":""},"categories":[7],"tags":[1011,27,43,40,41,39,42,44],"class_list":{"0":"post-406577","1":"post","2":"type-post","3":"status-publish","4":"format-standard","5":"has-post-thumbnail","7":"category-sciences-et-technologies","8":"tag-fr","9":"tag-france","10":"tag-science","11":"tag-science-and-technology","12":"tag-sciences","13":"tag-sciences-et-technologies","14":"tag-technologies","15":"tag-technology"},"share_on_mastodon":{"url":"https:\/\/pubeurope.com\/@fr\/115240910416192884","error":""},"_links":{"self":[{"href":"https:\/\/www.europesays.com\/fr\/wp-json\/wp\/v2\/posts\/406577","targetHints":{"allow":["GET"]}}],"collection":[{"href":"https:\/\/www.europesays.com\/fr\/wp-json\/wp\/v2\/posts"}],"about":[{"href":"https:\/\/www.europesays.com\/fr\/wp-json\/wp\/v2\/types\/post"}],"author":[{"embeddable":true,"href":"https:\/\/www.europesays.com\/fr\/wp-json\/wp\/v2\/users\/2"}],"replies":[{"embeddable":true,"href":"https:\/\/www.europesays.com\/fr\/wp-json\/wp\/v2\/comments?post=406577"}],"version-history":[{"count":0,"href":"https:\/\/www.europesays.com\/fr\/wp-json\/wp\/v2\/posts\/406577\/revisions"}],"wp:featuredmedia":[{"embeddable":true,"href":"https:\/\/www.europesays.com\/fr\/wp-json\/wp\/v2\/media\/406578"}],"wp:attachment":[{"href":"https:\/\/www.europesays.com\/fr\/wp-json\/wp\/v2\/media?parent=406577"}],"wp:term":[{"taxonomy":"category","embeddable":true,"href":"https:\/\/www.europesays.com\/fr\/wp-json\/wp\/v2\/categories?post=406577"},{"taxonomy":"post_tag","embeddable":true,"href":"https:\/\/www.europesays.com\/fr\/wp-json\/wp\/v2\/tags?post=406577"}],"curies":[{"name":"wp","href":"https:\/\/api.w.org\/{rel}","templated":true}]}}