{"id":406585,"date":"2025-09-21T06:41:11","date_gmt":"2025-09-21T06:41:11","guid":{"rendered":"https:\/\/www.europesays.com\/fr\/406585\/"},"modified":"2025-09-21T06:41:11","modified_gmt":"2025-09-21T06:41:11","slug":"emmanuel-macron-na-jamais-ete-aussi-impopulaire-depuis-son-arrivee-a-lelysee","status":"publish","type":"post","link":"https:\/\/www.europesays.com\/fr\/406585\/","title":{"rendered":"Emmanuel Macron n\u2019a jamais \u00e9t\u00e9 aussi impopulaire depuis son arriv\u00e9e \u00e0 l\u2019\u00c9lys\u00e9e"},"content":{"rendered":"<p>La d\u00e9fiance envers <a href=\"https:\/\/www.20minutes.fr\/politique\/emmanuel-macron\/\" target=\"_blank\" class=\"c-link c-link--is-underlined\" rel=\"noopener\">Emmanuel Macron<\/a> continue de grandir. Elle atteint m\u00eame des records. Le locataire de l\u2019\u00c9lys\u00e9e n\u2019a en effet jamais \u00e9t\u00e9 aussi impopulaire depuis son \u00e9lection en\u00a02017, avec seulement 17\u00a0% d\u2019opinions favorables, selon un sondage Ifop pour le <a href=\"https:\/\/www.lejdd.fr\/politique\/barometre-ifop-jdd-emmanuel-macron-au-plus-bas-seulement-17-dopinions-favorables-162125\" rel=\"nofollow noopener\" target=\"_blank\" class=\"c-link c-link--is-underlined\">Journal du Dimanche<\/a> paru samedi.<\/p>\n<p>Avec 83\u00a0% de jugements d\u00e9favorables, le chef de l\u2019Etat \u2013 qui perd deux points par rapport \u00e0 la pr\u00e9c\u00e9dente enqu\u00eate effectu\u00e9e il y a dix jours \u2013 descend en dessous de l\u2019\u00e9tiage atteint lors de la crise des <a href=\"https:\/\/www.20minutes.fr\/societe\/gilets-jaunes\/\" target=\"_blank\" class=\"c-link c-link--is-underlined\" rel=\"noopener\">gilets jaunes<\/a> \u00e0 l\u2019hiver 2018-2019.<\/p>\n<p>Du mieux pour Lecornu<\/p>\n<p>Parmi les sond\u00e9s, 54\u00a0% se disent m\u00eame \u00ab\u00a0tr\u00e8s m\u00e9contents\u00a0\u00bb de l\u2019action du pr\u00e9sident, un record, dans un contexte de crise politique marqu\u00e9e depuis un an.<\/p>\n<\/p>\n<p>A l\u2019inverse, le nouveau Premier ministre <a href=\"https:\/\/www.20minutes.fr\/politique\/sebastien-lecornu\/\" target=\"_blank\" class=\"c-link c-link--is-underlined\" rel=\"noopener\">S\u00e9bastien Lecornu<\/a>, engag\u00e9 dans des consultations avec les forces politiques et syndicales pour b\u00e2tir un budget, gagne 4 points dans ce barom\u00e8tre, avec 42\u00a0% des Fran\u00e7ais interrog\u00e9s qui se disent satisfaits de son action.<\/p>\n","protected":false},"excerpt":{"rendered":"La d\u00e9fiance envers Emmanuel Macron continue de grandir. Elle atteint m\u00eame des records. Le locataire de l\u2019\u00c9lys\u00e9e n\u2019a&hellip;\n","protected":false},"author":2,"featured_media":406586,"comment_status":"","ping_status":"","sticky":false,"template":"","format":"standard","meta":{"footnotes":""},"categories":[2],"tags":[47,11,1073,1011,27,12,316,11067,13947,133],"class_list":{"0":"post-406585","1":"post","2":"type-post","3":"status-publish","4":"format-standard","5":"has-post-thumbnail","7":"category-actualites","8":"tag-actualite","9":"tag-actualites","10":"tag-emmanuel-macron","11":"tag-fr","12":"tag-france","13":"tag-news","14":"tag-politique","15":"tag-sebastien-lecornu","16":"tag-sondage","17":"tag-video"},"share_on_mastodon":{"url":"https:\/\/pubeurope.com\/@fr\/115240926108089436","error":""},"_links":{"self":[{"href":"https:\/\/www.europesays.com\/fr\/wp-json\/wp\/v2\/posts\/406585","targetHints":{"allow":["GET"]}}],"collection":[{"href":"https:\/\/www.europesays.com\/fr\/wp-json\/wp\/v2\/posts"}],"about":[{"href":"https:\/\/www.europesays.com\/fr\/wp-json\/wp\/v2\/types\/post"}],"author":[{"embeddable":true,"href":"https:\/\/www.europesays.com\/fr\/wp-json\/wp\/v2\/users\/2"}],"replies":[{"embeddable":true,"href":"https:\/\/www.europesays.com\/fr\/wp-json\/wp\/v2\/comments?post=406585"}],"version-history":[{"count":0,"href":"https:\/\/www.europesays.com\/fr\/wp-json\/wp\/v2\/posts\/406585\/revisions"}],"wp:featuredmedia":[{"embeddable":true,"href":"https:\/\/www.europesays.com\/fr\/wp-json\/wp\/v2\/media\/406586"}],"wp:attachment":[{"href":"https:\/\/www.europesays.com\/fr\/wp-json\/wp\/v2\/media?parent=406585"}],"wp:term":[{"taxonomy":"category","embeddable":true,"href":"https:\/\/www.europesays.com\/fr\/wp-json\/wp\/v2\/categories?post=406585"},{"taxonomy":"post_tag","embeddable":true,"href":"https:\/\/www.europesays.com\/fr\/wp-json\/wp\/v2\/tags?post=406585"}],"curies":[{"name":"wp","href":"https:\/\/api.w.org\/{rel}","templated":true}]}}