{"id":406599,"date":"2025-09-21T06:53:43","date_gmt":"2025-09-21T06:53:43","guid":{"rendered":"https:\/\/www.europesays.com\/fr\/406599\/"},"modified":"2025-09-21T06:53:43","modified_gmt":"2025-09-21T06:53:43","slug":"justice-les-risques-psycho-sociaux-quengendre-le-rugby-reconnus-apres-le-suicide-de-jordan-michallet","status":"publish","type":"post","link":"https:\/\/www.europesays.com\/fr\/406599\/","title":{"rendered":"Justice. \u00ab\u00a0Les risques psycho-sociaux qu\u2019engendre le rugby reconnus\u00a0\u00bb apr\u00e8s le suicide de Jordan Michallet"},"content":{"rendered":"<p>            Par<br \/>\n        <strong><br \/>\n            <a href=\"https:\/\/actu.fr\/auteur\/emilie-dudonfournier\" title=\"Consulter tous les articles de Emilie Dudon-Fournier\" target=\"_blank\" rel=\"noopener\">Emilie Dudon-Fournier<\/a><br \/>\n        <\/strong><\/p>\n<p>        Publi\u00e9 le<\/p>\n<p>            19 sept. 2025 \u00e0 17h15        <\/p>\n<p><strong>Le tribunal judiciaire de <a href=\"https:\/\/actu.fr\/tag\/rouen-normandie-rugby\" target=\"_blank\" rel=\"noopener\">Rouen<\/a> a reconnu le suicide de Jordan Michallet le 18 janvier 2022 comme \u00ab\u00a0accident de travail\u00a0\u00bb.<\/strong> Le tribunal a \u00e9tabli que le geste de l\u2019ouvreur rouennais de 29 ans \u00e9tait survenu par le \u00ab\u00a0fait du travail\u00a0\u00bb. La CPAM Rouen-Elbeuf-Dieppe a \u00e9t\u00e9 condamn\u00e9e \u00e0 prendre en charge cet accident du travail mortel. Le pr\u00e9sident de Provale Malik Hamadache nous explique ce que cela signifie et change.<\/p>\n<p class=\"ac-article-content__question wall-content\"><strong class=\"color-primary\">Actu : <\/strong>La sant\u00e9 mentale a \u00e9t\u00e9 d\u00e9termin\u00e9e \u00ab\u00a0grande cause nationale 2025\u00a0\u00bb par le Gouvernement. Cette d\u00e9cision du Tribunal de Rouen constitue-t-elle une vraie avanc\u00e9e pour la reconnaissance de cette question dans le rugby ?<\/p>\n<p class=\" wall-content\"><strong class=\"color-primary\">Malik Hamadache  : <\/strong>Totalement. Un jugement a \u00e9t\u00e9 rendu, qui prend en compte la fatigue mentale, continuelle et psychologique des joueurs. Les risques psycho-sociaux qu\u2019engendre notre sport sont aujourd\u2019hui reconnus par la justice. C\u2019est un grand tournant, tr\u00e8s important pour les joueurs afin qu\u2019ils puissent exercer leur m\u00e9tier dans les meilleures conditions et avec le plus d\u2019apaisement possible. <\/p>\n<p class=\"ac-article-content__question wall-content\">Cette d\u00e9cision de justice responsabilise-t-elle \u00ab\u00a0officiellement\u00a0\u00bb les clubs sur ces questions ? <\/p>\n<p class=\" wall-content\"><strong class=\"color-primary\">M.L. : <\/strong>\u00c7a le doit. C\u2019est pour \u00e7a qu\u2019aujourd\u2019hui, notre syndicat accompagne les joueurs mais reste aussi \u00e0 l\u2019\u00e9coute des clubs sur ces sujets-l\u00e0, pour pouvoir au mieux comprendre leurs fonctionnements et au mieux soutenir les rugbymen.<\/p>\n<p class=\"ac-article-content__question wall-content\">C&rsquo;est une premi\u00e8re dans le sport professionnel fran\u00e7ais. Fait-elle jurisprudence ?<\/p>\n<p class=\" wall-content\"><strong class=\"color-primary\">M.L. : <\/strong>Oui. Cela permettra aux salari\u00e9s d\u2019\u00eatre mieux prot\u00e9g\u00e9s sur cet aspect.<\/p>\n<p class=\" wall-content\">\n<p class=\"ac-article-content__question wall-content\">Y a-t-il un plus grand nombre de joueurs qui s\u2019adresse \u00e0 Provale sur ces questions de sant\u00e9 mentale aujourd\u2019hui\u00a0?<\/p>\n<p class=\" wall-content\"><strong class=\"color-primary\">M.L. : <\/strong>Oui. Ils nous expliquent comme c\u2019est compliqu\u00e9 de devoir \u00eatre au top chaque week-end avec une concurrence de plus en plus rude, les matchs qui s\u2019accumulent etc. J\u2019irai m\u00eame plus loin\u00a0: on parle beaucoup de la sant\u00e9 mentale durant la carri\u00e8re, mais apr\u00e8s, c\u2019est une h\u00e9catombe. \u00c7a me d\u00e9sole qu\u2019on ne s\u2019y int\u00e9resse pas. S\u2019en occuper pendant la carri\u00e8re est primordial et c\u2019est une priorit\u00e9. Mais on ne peut pas laisser errer les joueurs durant leur apr\u00e8s-carri\u00e8re comme c\u2019est le cas aujourd\u2019hui. <\/p>\n<p>Sant\u00e9 mentale : Des langues qui se d\u00e9lient<\/p>\n<p class=\"ac-article-content__question wall-content\">Quelles actions mettez-vous en place ?<\/p>\n<p class=\" wall-content\"><strong class=\"color-primary\">M.L. : <\/strong>Nous avons recrut\u00e9 Pierrick Gunther pour faire un recensement de tous les anciens joueurs afin de pouvoir leur proposer la totalit\u00e9 des services de Provale, qu\u2019il s\u2019agisse d\u2019accompagnement m\u00e9dical, psychologique, bien-\u00eatre, autour de la formation ou la reconversion. Notre travail sur ces questions a d\u00e9j\u00e0 permis de d\u00e9nouer certaines langues\u2026 Aujourd\u2019hui, le rugbyman, s\u2019il se sent un peu moins bien, peut se sentir plus libre d\u2019en parler. Il n\u2019est pas du tout consid\u00e9r\u00e9 comme plus faible. <\/p>\n<p class=\" wall-content\">\n<p class=\"ac-article-content__question wall-content\">Vous parlez de langues qui se d\u00e9lient&#8230; Quels sont les retours que vous font les joueurs ?<\/p>\n<p class=\" wall-content\"><strong class=\"color-primary\">M.L. : <\/strong>Ils parlent de fatigue physique, d\u2019une accumulation de fatigue mentale&#8230; On peut mieux supporter au d\u00e9but mais elle p\u00e8se de plus en plus au fil des ans, des d\u00e9convenues, de la pression qui augmente. Aujourd\u2019hui, la moindre action peut \u00eatre d\u00e9crypt\u00e9e et la pression est pr\u00e9sente continuellement. Quand vous savez que votre sort est \u00e0 la main d\u2019un seul manager ou d\u2019un pr\u00e9sident, la vie est plus compliqu\u00e9e. Surtout quand vous avez un CDD qui arrive \u00e0 son terme, alors que vous \u00eates mari\u00e9, avec des enfants, que vous avez 30 ou 32 ans et que vous commencez \u00e0 rater un ou deux matchs&#8230; Vous vous mettez \u00e0 gamberger&#8230;  Cette pression continuelle peut se payer cash.<\/p>\n<p>Votre r\u00e9gion, votre actu !<\/p>\n<p>Recevez chaque jour les infos qui comptent pour vous.<\/p>\n<p>\t<a href=\"https:\/\/actu.fr\/newsletter\" class=\"ac-btn ac-btn--corner ac-btn--medium ac-btn--blue800\" target=\"_blank\" rel=\"noopener\">S&rsquo;incrire<\/a><br \/>\nDes campagnes de pr\u00e9vention dans les clubs et les centres de formation<\/p>\n<p class=\"ac-article-content__question wall-content\">D\u2019autres types d\u2019actions sont-ils envisag\u00e9s sur ces sujets, que vous n\u2019avez pas d\u00e9j\u00e0 mis en place\u00a0?<\/p>\n<p class=\" wall-content\"><strong class=\"color-primary\">M.L. : <\/strong>Nous allons continuer comme \u00e7a et encore plus. Nous avons une ligne t\u00e9l\u00e9phonique d\u00e9di\u00e9e pour \u00e7a. Lors de nos visites dans les clubs, nous posons la question et incitons les joueurs \u00e0 nous appeler s\u2019ils voient un co\u00e9quipier pas bien et nous faisons les d\u00e9marches derri\u00e8re. C\u2019est une campagne de pr\u00e9vention qui est n\u00e9cessaire, d\u00e8s les centres de formation. Mais il faut qu\u2019on ait les ressources n\u00e9cessaires pour continuer \u00e0 d\u00e9fendre les joueurs.<\/p>\n<p class=\"ac-article-content__question wall-content\">De quelles ressources avez-vous besoin ?<\/p>\n<p class=\" wall-content\"><strong class=\"color-primary\">M.L. : <\/strong>Il faut qu\u2019on continue \u00e0 avoir l\u2019acc\u00e8s aux joueurs comme on l\u2019a aujourd\u2019hui, pour pouvoir garder notre proximit\u00e9 avec eux. C\u2019est primordial. A Provale, il y a une cellule bien-\u00eatre avec un psychologue qui est l\u00e0 pour leur venir en aide concernant ces risques psycho-sociaux. L\u2019int\u00e9r\u00eat sup\u00e9rieur \u00e9tant \u00e9videmment la vie des joueurs, que ce soit pendant leur carri\u00e8re ou apr\u00e8s la carri\u00e8re. Il n\u2019est pas possible de revivre des drames comme celui de Jordan&#8230; Ce n\u2019est pas normal de rien pouvoir faire pour aider quelqu\u2019un qui vit de telles difficult\u00e9s.<\/p>\n<p class=\" wall-content\">Personnalisez votre actualit\u00e9 en ajoutant vos villes et m\u00e9dias en favori avec <a href=\"https:\/\/moncompte.actu.fr\" title=\"D\u00e9couvez Mon Actu\" rel=\"nofollow noopener\" data-trk=\"{&quot;cta&quot;:{&quot;action&quot;:&quot;https:\\\/\\\/moncompte.actu.fr&quot;,&quot;category&quot;:&quot;mon compte&quot;,&quot;from&quot;:&quot;article footer&quot;,&quot;name&quot;:&quot;Mon actu&quot;,&quot;type&quot;:&quot;cta&quot;}}\" target=\"_blank\">Mon Actu<\/a>.<\/p>\n","protected":false},"excerpt":{"rendered":"Par Emilie Dudon-Fournier Publi\u00e9 le 19 sept. 2025 \u00e0 17h15 Le tribunal judiciaire de Rouen a reconnu le&hellip;\n","protected":false},"author":2,"featured_media":406600,"comment_status":"","ping_status":"","sticky":false,"template":"","format":"standard","meta":{"footnotes":""},"categories":[9587],"tags":[1111,11,1777,674,1011,27,303,12,5161,2308,25,9590,17664,479,60],"class_list":{"0":"post-406599","1":"post","2":"type-post","3":"status-publish","4":"format-standard","5":"has-post-thumbnail","7":"category-rouen","8":"tag-actu","9":"tag-actualites","10":"tag-eu","11":"tag-europe","12":"tag-fr","13":"tag-france","14":"tag-justice","15":"tag-news","16":"tag-normandie","17":"tag-pro-d2","18":"tag-republique-francaise","19":"tag-rouen","20":"tag-rouen-normandie-rugby","21":"tag-rugby","22":"tag-sports"},"share_on_mastodon":{"url":"https:\/\/pubeurope.com\/@fr\/115240973292454023","error":""},"_links":{"self":[{"href":"https:\/\/www.europesays.com\/fr\/wp-json\/wp\/v2\/posts\/406599","targetHints":{"allow":["GET"]}}],"collection":[{"href":"https:\/\/www.europesays.com\/fr\/wp-json\/wp\/v2\/posts"}],"about":[{"href":"https:\/\/www.europesays.com\/fr\/wp-json\/wp\/v2\/types\/post"}],"author":[{"embeddable":true,"href":"https:\/\/www.europesays.com\/fr\/wp-json\/wp\/v2\/users\/2"}],"replies":[{"embeddable":true,"href":"https:\/\/www.europesays.com\/fr\/wp-json\/wp\/v2\/comments?post=406599"}],"version-history":[{"count":0,"href":"https:\/\/www.europesays.com\/fr\/wp-json\/wp\/v2\/posts\/406599\/revisions"}],"wp:featuredmedia":[{"embeddable":true,"href":"https:\/\/www.europesays.com\/fr\/wp-json\/wp\/v2\/media\/406600"}],"wp:attachment":[{"href":"https:\/\/www.europesays.com\/fr\/wp-json\/wp\/v2\/media?parent=406599"}],"wp:term":[{"taxonomy":"category","embeddable":true,"href":"https:\/\/www.europesays.com\/fr\/wp-json\/wp\/v2\/categories?post=406599"},{"taxonomy":"post_tag","embeddable":true,"href":"https:\/\/www.europesays.com\/fr\/wp-json\/wp\/v2\/tags?post=406599"}],"curies":[{"name":"wp","href":"https:\/\/api.w.org\/{rel}","templated":true}]}}