{"id":406610,"date":"2025-09-21T07:01:09","date_gmt":"2025-09-21T07:01:09","guid":{"rendered":"https:\/\/www.europesays.com\/fr\/406610\/"},"modified":"2025-09-21T07:01:09","modified_gmt":"2025-09-21T07:01:09","slug":"trois-boutiques-ouvrent-prochainement-voici-lesquelles","status":"publish","type":"post","link":"https:\/\/www.europesays.com\/fr\/406610\/","title":{"rendered":"trois boutiques ouvrent prochainement, voici lesquelles"},"content":{"rendered":"<p>            Par<br \/>\n        <strong><br \/>\n            <a href=\"https:\/\/actu.fr\/auteur\/ugo-maillard\" title=\"Consulter tous les articles de Ugo Maillard\" rel=\"nofollow noopener\" target=\"_blank\">Ugo Maillard<\/a><br \/>\n        <\/strong><\/p>\n<p>        Publi\u00e9 le<\/p>\n<p>            21 sept. 2025 \u00e0 8h12        <\/p>\n<p>Le centre commercial Cap 3000 \u00e0 Saint-Laurent-du-Var (<a href=\"https:\/\/actu.fr\/provence-alpes-cote-d-azur\/alpes-maritimes_06\" rel=\"nofollow noopener\" target=\"_blank\">Alpes-Maritimes<\/a>) continue de diversifier son offre. En cette rentr\u00e9e du mois de septembre\u00a02025, la direction du centre annonce \u00e0 <a href=\"https:\/\/actu.fr\/nice\/\" rel=\"nofollow noopener\" target=\"_blank\">actu Nice<\/a> par le biais d\u2019un communiqu\u00e9 que<strong> trois boutiques ouvrent<\/strong> dans ses all\u00e9es. Les amoureux de sport, de cosm\u00e9tiques ou encore de d\u00e9coration vont \u00eatre ravis. Voici tout ce que l\u2019on sait sur les enseignes qui d\u00e9barquent.<\/p>\n<p>Adidas a ouvert<\/p>\n<p class=\" wall-content\">Depuis le 8\u00a0septembre 2025, la marque de chaussures et de tenues de sport a ouvert une boutique dans les all\u00e9es du centre commercial Cap 3000. Adidas accueille des clients dans son point de vente situ\u00e9 au niveau 1.<\/p>\n<p class=\" wall-content\">Selon la marque allemande, ce pop-up store sera ouvert<strong> jusqu\u2019au 31\u00a0janvier 2026<\/strong>.<\/p>\n<p>%TITRE%<\/p>\n<p>Le samedi 20 et le dimanche 21 septembre, huit visites in\u00e9dites sont organis\u00e9es au sein du centre commercial. <\/p>\n<p>Pour la premi\u00e8re fois, CAP3000 ouvre ses coulisses au grand public \u00e0 l\u2019occasion des Journ\u00e9es Europ\u00e9ennes du Patrimoine. Les visiteurs sont convi\u00e9s \u00e0 une immersion de 1h30 au c\u0153ur du centre, guid\u00e9e par la direction et les \u00e9quipes techniques. Ces visites exclusives et gratuites r\u00e9v\u00e8leront des espaces habituellement inaccessibles, tout en retra\u00e7ant l\u2019\u00e9volution du centre depuis son inauguration en 1969. <br \/>L\u2019inscription en amont est obligatoire et se fait directement sur le site CAP3000. Voici les cr\u00e9neaux de visite : 09\u00a0h\u00a000 \u2013 10\u00a0h\u00a030 \/ 11\u00a0h\u00a000 \u2013 12\u00a0h\u00a030\/ 14\u00a0h\u00a000 \u2013 15\u00a0h\u00a030 \/ 16\u00a0h\u00a000 \u2013 17\u00a0h\u00a030<\/p>\n<p>Deux ouvertures en octobre<\/p>\n<p class=\" wall-content\">D\u00e8s le 1er octobre, l\u2019enseigne <strong>Codage<\/strong> ouvre une boutique au sein de l\u2019espace Corso au niveau 1. La marque \u00ab\u2009de cosm\u00e9tiques haut de gamme s\u2019installe \u00e0 Cap 3000 avec un espace d\u00e9di\u00e9 au soin personnalis\u00e9 et \u00e0 la beaut\u00e9 sur-mesure\u2009\u00bb, pr\u00e9cisent les \u00e9quipes du centre.<\/p>\n<p class=\" wall-content\">Enfin, le rendez-vous est donn\u00e9 le 15\u00a0octobre au niveau 0. <strong>Le Petit souk<\/strong> accueillera ses premiers clients qui pourront d\u00e9couvrir des objets d\u00e9co, cadeaux originaux et accessoires pour enfants s\u2019y m\u00ealent dans une ambiance joyeuse et d\u00e9cal\u00e9e.<\/p>\n<p class=\" wall-content\">Personnalisez votre actualit\u00e9 en ajoutant vos villes et m\u00e9dias en favori avec <a href=\"https:\/\/moncompte.actu.fr\" title=\"D\u00e9couvez Mon Actu\" rel=\"nofollow noopener\" data-trk=\"{&quot;cta&quot;:{&quot;action&quot;:&quot;https:\\\/\\\/moncompte.actu.fr&quot;,&quot;category&quot;:&quot;mon compte&quot;,&quot;from&quot;:&quot;article footer&quot;,&quot;name&quot;:&quot;Mon actu&quot;,&quot;type&quot;:&quot;cta&quot;}}\" target=\"_blank\">Mon Actu<\/a>.<\/p>\n","protected":false},"excerpt":{"rendered":"Par Ugo Maillard Publi\u00e9 le 21 sept. 2025 \u00e0 8h12 Le centre commercial Cap 3000 \u00e0 Saint-Laurent-du-Var (Alpes-Maritimes)&hellip;\n","protected":false},"author":2,"featured_media":406611,"comment_status":"","ping_status":"","sticky":false,"template":"","format":"standard","meta":{"footnotes":""},"categories":[2819],"tags":[1111,11,215,1777,674,1011,27,1305,12,2401,882,25],"class_list":{"0":"post-406610","1":"post","2":"type-post","3":"status-publish","4":"format-standard","5":"has-post-thumbnail","7":"category-nice","8":"tag-actu","9":"tag-actualites","10":"tag-commerce","11":"tag-eu","12":"tag-europe","13":"tag-fr","14":"tag-france","15":"tag-lifestyle","16":"tag-news","17":"tag-nice","18":"tag-provence-alpes-cote-dazur","19":"tag-republique-francaise"},"share_on_mastodon":{"url":"https:\/\/pubeurope.com\/@fr\/115241004953067158","error":""},"_links":{"self":[{"href":"https:\/\/www.europesays.com\/fr\/wp-json\/wp\/v2\/posts\/406610","targetHints":{"allow":["GET"]}}],"collection":[{"href":"https:\/\/www.europesays.com\/fr\/wp-json\/wp\/v2\/posts"}],"about":[{"href":"https:\/\/www.europesays.com\/fr\/wp-json\/wp\/v2\/types\/post"}],"author":[{"embeddable":true,"href":"https:\/\/www.europesays.com\/fr\/wp-json\/wp\/v2\/users\/2"}],"replies":[{"embeddable":true,"href":"https:\/\/www.europesays.com\/fr\/wp-json\/wp\/v2\/comments?post=406610"}],"version-history":[{"count":0,"href":"https:\/\/www.europesays.com\/fr\/wp-json\/wp\/v2\/posts\/406610\/revisions"}],"wp:featuredmedia":[{"embeddable":true,"href":"https:\/\/www.europesays.com\/fr\/wp-json\/wp\/v2\/media\/406611"}],"wp:attachment":[{"href":"https:\/\/www.europesays.com\/fr\/wp-json\/wp\/v2\/media?parent=406610"}],"wp:term":[{"taxonomy":"category","embeddable":true,"href":"https:\/\/www.europesays.com\/fr\/wp-json\/wp\/v2\/categories?post=406610"},{"taxonomy":"post_tag","embeddable":true,"href":"https:\/\/www.europesays.com\/fr\/wp-json\/wp\/v2\/tags?post=406610"}],"curies":[{"name":"wp","href":"https:\/\/api.w.org\/{rel}","templated":true}]}}