{"id":406612,"date":"2025-09-21T07:02:12","date_gmt":"2025-09-21T07:02:12","guid":{"rendered":"https:\/\/www.europesays.com\/fr\/406612\/"},"modified":"2025-09-21T07:02:12","modified_gmt":"2025-09-21T07:02:12","slug":"pres-de-nice-on-sait-quelle-somme-va-recevoir-ce-monument-en-danger","status":"publish","type":"post","link":"https:\/\/www.europesays.com\/fr\/406612\/","title":{"rendered":"Pr\u00e8s de Nice, on sait quelle somme va recevoir ce monument en danger"},"content":{"rendered":"<p>            Par<br \/>\n        <strong><br \/>\n            <a href=\"https:\/\/actu.fr\/auteur\/famenta-news\" title=\"Consulter tous les articles de Florine Amenta\" target=\"_blank\" rel=\"noopener\">Florine Amenta<\/a><br \/>\n        <\/strong><\/p>\n<p>        Publi\u00e9 le<\/p>\n<p>            21 sept. 2025 \u00e0 7h50        <\/p>\n<p>Des tickets \u00e0 gratter pour le sauver. Choisi <strong>avec 17 autres lieux de tout le pays<\/strong>, le Jardin Serre de la Madone, \u00e0 <a href=\"https:\/\/actu.fr\/provence-alpes-cote-d-azur\/menton_06083\" target=\"_blank\" rel=\"noopener\">Menton<\/a> (<a href=\"https:\/\/actu.fr\/provence-alpes-cote-d-azur\/alpes-maritimes_06\" target=\"_blank\" rel=\"noopener\">Alpes-Maritimes<\/a>), va <strong>b\u00e9n\u00e9ficier des travaux<\/strong> dont il avait besoin gr\u00e2ce \u00e0 la Fran\u00e7aise des jeux (FDJ).<\/p>\n<p class=\" wall-content\">Pr\u00e8s de <a href=\"https:\/\/actu.fr\/nice\/\" target=\"_blank\" rel=\"noopener\">Nice<\/a> (Alpes-Maritimes), ce lieu a \u00e9t\u00e9 d\u00e9sign\u00e9 \u00ab\u2009<strong>site embl\u00e9matique 2025<\/strong>\u2009\u00bb de la r\u00e9gion Provence-Alpes-C\u00f4te d\u2019Azur par la \u00ab\u2009Mission Patrimoine\u2009\u00bb, <strong>port\u00e9e par St\u00e9phane Bern<\/strong>, d\u00e9ploy\u00e9e par la Fondation du patrimoine et soutenue par le minist\u00e8re de la Culture. Avec le concours de soci\u00e9t\u00e9 de loterie fran\u00e7aise.<\/p>\n<p>    <a href=\"https:\/\/www.facebook.com\/plugins\/post.php?href=https%3A%2F%2Fwww.facebook.com%2FjardinSerredelaMadone%2Fposts%2Fpfbid02ToukzUn6NsWpLm3p8m3t93khgwW4y9R59GQPW8F511DZa9qBBkY4QiZZeFaSHgLol&amp;show_text=true&amp;width=350\" title=\"Ouvrie le lien\" target=\"_blank\" rel=\"noopener\">Cliquez ici pour visualiser le contenu<\/a><\/p>\n<p>Des tickets pour sauver le patrimoine<\/p>\n<p class=\" wall-content\">Partout dans l\u2019Hexagone, les sommes allou\u00e9es \u00e0 la r\u00e9novation des sites embl\u00e9matiques vont \u00eatre annonc\u00e9es \u00e0 l\u2019occasion des<strong> Journ\u00e9es europ\u00e9ennes du patrimoine ce vendredi\u00a019 et les 20 et 21\u00a0septembre<\/strong>.<\/p>\n<p class=\" wall-content\">Pour la r\u00e9gion PACA, l\u2019annonce vient d\u2019\u00eatre effectu\u00e9e\u2009: le Jardin Serre de la Madone b\u00e9n\u00e9ficiera de <strong>300000 euros de dotations<\/strong>.<\/p>\n<p class=\" wall-content\">Cette somme est le fruit de gains obtenus lors de cette <strong>huiti\u00e8me \u00e9dition du Loto du patrimoine<\/strong>.\u00a0Depuis le <strong>1er\u00a0septembre<\/strong>, les tickets \u00e0 gratter sont disponibles dans les points de vente FDJ. Trois versions du ticket \u00e0 gratter exceptionnel mettent en avant les 18 sites embl\u00e9matiques d\u00e9sign\u00e9s.<\/p>\n<p>    <img   decoding=\"async\" loading=\"lazy\" src=\"https:\/\/www.europesays.com\/fr\/wp-content\/uploads\/2025\/09\/actu-nice-960x640.png\" alt=\"Le jardin serre de la Madone, \u00e0 Menton, a \u00e9t\u00e9 d\u00e9sign\u00e9 comme site embl\u00e9matique 2025 de la r\u00e9gion PACA, par la \" width=\"960\" height=\"640\"\/><br \/>\n    Le jardin serre de la Madone, \u00e0 Menton, a \u00e9t\u00e9 d\u00e9sign\u00e9 comme site embl\u00e9matique 2025 de la r\u00e9gion PACA, par la \u00ab\u2009Mission Patrimoine\u2009\u00bb. (\u00a9Mission patrimoine)Un site en grand danger<\/p>\n<p class=\" wall-content\">Le Jardin Serre de la Madone de Menton a \u00e9t\u00e9 <strong>construit entre\u00a01924 et\u00a01939<\/strong>, puis a \u00e9t\u00e9 class\u00e9 aux monuments historiques en 1990. Avec ces neuf hectares, le jardin est en danger.<\/p>\n<p>Votre r\u00e9gion, votre actu !<\/p>\n<p>Recevez chaque jour les infos qui comptent pour vous.<\/p>\n<p>\t<a href=\"https:\/\/actu.fr\/newsletter\" class=\"ac-btn ac-btn--corner ac-btn--medium ac-btn--blue800\" target=\"_blank\" rel=\"noopener\">S&rsquo;incrire<\/a><\/p>\n<p class=\" wall-content\">\u00ab\u2009Les pluies violentes r\u00e9guli\u00e8res provoquent <strong>l\u2019\u00e9rosion des surfaces min\u00e9rales<\/strong>, entra\u00eenant des<strong> risques d\u2019effondrement<\/strong> des terrasses et des coul\u00e9es de boue\u2009\u00bb,<a href=\"https:\/\/actu.fr\/provence-alpes-cote-d-azur\/menton_06083\/pres-de-nice-ce-site-exceptionnel-dans-un-etat-critique-pourrait-etre-sauve_62388675.html\" target=\"_blank\" rel=\"noopener\"> indiquait la Fondation du Patrimoine en mars dernier<\/a>. Les fonds r\u00e9colt\u00e9s serviront \u00e0 restaurer ce haut lieu du patrimoine azur\u00e9en et fran\u00e7ais. Et notamment \u00e0 restaurer les bassins, les sculptures et les serres.<\/p>\n<p>13\u00a0millions \u00e0 gagner ce vendredi<\/p>\n<p class=\" wall-content\">Un \u00ab\u2009Super Loto\u2009\u00bb Mission Patrimoine aura \u00e9galement lieu\u2009ce <strong>vendredi 19\u00a0septembre<\/strong>, avec un jackpot de <strong>13\u00a0millions d\u2019euros minimum<\/strong> \u00e0 gagner.<\/p>\n<p class=\" wall-content\">Il y a deux semaines, la liste des <strong>120 sites d\u00e9partementaux<\/strong> d\u00e9sign\u00e9s pour b\u00e9n\u00e9ficier d\u2019une partie des recettes du jeu de la FDJ, \u00e9tait d\u00e9voil\u00e9e. Dans les Alpes-Maritimes, il s\u2019agit de l\u2019<a href=\"https:\/\/actu.fr\/provence-alpes-cote-d-azur\/nice_06088\/nice-ce-batiment-unique-en-france-risque-des-dommages-irreversibles-et-une-perte-totale_63104510.html\" target=\"_blank\" rel=\"noopener\"><strong>Isba du domaine de Valrose<\/strong><\/a>, \u00e0 Nice.\u00a0Le montant de la dotation de chaque site des d\u00e9partements sera annonc\u00e9<strong> en fin d\u2019ann\u00e9e<\/strong>. Il d\u00e9pendra des ventes des tickets \u00e0 gratter \u00ab\u2009Mission Patrimoine\u2009\u00bb.<\/p>\n<p class=\" wall-content\">Personnalisez votre actualit\u00e9 en ajoutant vos villes et m\u00e9dias en favori avec <a href=\"https:\/\/moncompte.actu.fr\" title=\"D\u00e9couvez Mon Actu\" rel=\"nofollow noopener\" data-trk=\"{&quot;cta&quot;:{&quot;action&quot;:&quot;https:\\\/\\\/moncompte.actu.fr&quot;,&quot;category&quot;:&quot;mon compte&quot;,&quot;from&quot;:&quot;article footer&quot;,&quot;name&quot;:&quot;Mon actu&quot;,&quot;type&quot;:&quot;cta&quot;}}\" target=\"_blank\">Mon Actu<\/a>.<\/p>\n","protected":false},"excerpt":{"rendered":"Par Florine Amenta Publi\u00e9 le 21 sept. 2025 \u00e0 7h50 Des tickets \u00e0 gratter pour le sauver. Choisi&hellip;\n","protected":false},"author":2,"featured_media":406613,"comment_status":"","ping_status":"","sticky":false,"template":"","format":"standard","meta":{"footnotes":""},"categories":[2819],"tags":[1111,11,1777,674,53847,1011,27,47275,49505,12,2401,882,25,104],"class_list":{"0":"post-406612","1":"post","2":"type-post","3":"status-publish","4":"format-standard","5":"has-post-thumbnail","7":"category-nice","8":"tag-actu","9":"tag-actualites","10":"tag-eu","11":"tag-europe","12":"tag-fondation-du-patrimoine","13":"tag-fr","14":"tag-france","15":"tag-journees-europeennes-du-patrimoine","16":"tag-mission-patrimoine","17":"tag-news","18":"tag-nice","19":"tag-provence-alpes-cote-dazur","20":"tag-republique-francaise","21":"tag-societe"},"share_on_mastodon":{"url":"https:\/\/pubeurope.com\/@fr\/115241008791774567","error":""},"_links":{"self":[{"href":"https:\/\/www.europesays.com\/fr\/wp-json\/wp\/v2\/posts\/406612","targetHints":{"allow":["GET"]}}],"collection":[{"href":"https:\/\/www.europesays.com\/fr\/wp-json\/wp\/v2\/posts"}],"about":[{"href":"https:\/\/www.europesays.com\/fr\/wp-json\/wp\/v2\/types\/post"}],"author":[{"embeddable":true,"href":"https:\/\/www.europesays.com\/fr\/wp-json\/wp\/v2\/users\/2"}],"replies":[{"embeddable":true,"href":"https:\/\/www.europesays.com\/fr\/wp-json\/wp\/v2\/comments?post=406612"}],"version-history":[{"count":0,"href":"https:\/\/www.europesays.com\/fr\/wp-json\/wp\/v2\/posts\/406612\/revisions"}],"wp:featuredmedia":[{"embeddable":true,"href":"https:\/\/www.europesays.com\/fr\/wp-json\/wp\/v2\/media\/406613"}],"wp:attachment":[{"href":"https:\/\/www.europesays.com\/fr\/wp-json\/wp\/v2\/media?parent=406612"}],"wp:term":[{"taxonomy":"category","embeddable":true,"href":"https:\/\/www.europesays.com\/fr\/wp-json\/wp\/v2\/categories?post=406612"},{"taxonomy":"post_tag","embeddable":true,"href":"https:\/\/www.europesays.com\/fr\/wp-json\/wp\/v2\/tags?post=406612"}],"curies":[{"name":"wp","href":"https:\/\/api.w.org\/{rel}","templated":true}]}}