{"id":406614,"date":"2025-09-21T07:03:26","date_gmt":"2025-09-21T07:03:26","guid":{"rendered":"https:\/\/www.europesays.com\/fr\/406614\/"},"modified":"2025-09-21T07:03:26","modified_gmt":"2025-09-21T07:03:26","slug":"orvault-les-secrets-du-patrimoine-vegetal-orvaltais","status":"publish","type":"post","link":"https:\/\/www.europesays.com\/fr\/406614\/","title":{"rendered":"Orvault. Les secrets du patrimoine v\u00e9g\u00e9tal orvaltais"},"content":{"rendered":"<p>Dimanche, de 14\u00a0h \u00e0 19\u00a0h, un programme autour du v\u00e9g\u00e9tal, avec des parcours artistiques et des ateliers dans le parc de la Gobini\u00e8re.<\/p>\n<p>Il sera possible de visiter les serres municipales de production florale et de participer \u00e0 une course d\u2019orientation pour d\u00e9couvrir les recoins m\u00e9connus du parc. Une visite guid\u00e9e du jardin de permaculture sera \u00e9galement propos\u00e9e. Une balade historique entra\u00eenera le public \u00e0 marcher sur les traces de la famille Vincent, \u00e0 l\u2019origine de la construction du ch\u00e2teau de la Gobini\u00e8re, en 1872.\u00a0Tomkin offrira un concert \u00e9lectroacoustique aux sonorit\u00e9s botaniques, The Green Orchestra.<\/p>\n<p>Par ailleurs, l\u2019association des Amis du ch\u00e2teau de la Tour fera visiter la chapelle du ch\u00e2teau, dimanche, de 13\u00a0h\u00a030 \u00e0 17\u00a0h\u00a030.<\/p>\n<p>\u00a0<\/p>\n","protected":false},"excerpt":{"rendered":"Dimanche, de 14\u00a0h \u00e0 19\u00a0h, un programme autour du v\u00e9g\u00e9tal, avec des parcours artistiques et des ateliers dans&hellip;\n","protected":false},"author":2,"featured_media":406615,"comment_status":"","ping_status":"","sticky":false,"template":"","format":"standard","meta":{"footnotes":""},"categories":[2818],"tags":[1111,11,1777,674,1011,27,766,12,53848,4151,2551,2636,25,13761,46357],"class_list":{"0":"post-406614","1":"post","2":"type-post","3":"status-publish","4":"format-standard","5":"has-post-thumbnail","7":"category-nantes","8":"tag-actu","9":"tag-actualites","10":"tag-eu","11":"tag-europe","12":"tag-fr","13":"tag-france","14":"tag-nantes","15":"tag-news","16":"tag-orvaltais","17":"tag-orvault","18":"tag-patrimoine","19":"tag-pays-de-la-loire","20":"tag-republique-francaise","21":"tag-secrets","22":"tag-vegetal"},"share_on_mastodon":{"url":"https:\/\/pubeurope.com\/@fr\/115241012668345394","error":""},"_links":{"self":[{"href":"https:\/\/www.europesays.com\/fr\/wp-json\/wp\/v2\/posts\/406614","targetHints":{"allow":["GET"]}}],"collection":[{"href":"https:\/\/www.europesays.com\/fr\/wp-json\/wp\/v2\/posts"}],"about":[{"href":"https:\/\/www.europesays.com\/fr\/wp-json\/wp\/v2\/types\/post"}],"author":[{"embeddable":true,"href":"https:\/\/www.europesays.com\/fr\/wp-json\/wp\/v2\/users\/2"}],"replies":[{"embeddable":true,"href":"https:\/\/www.europesays.com\/fr\/wp-json\/wp\/v2\/comments?post=406614"}],"version-history":[{"count":0,"href":"https:\/\/www.europesays.com\/fr\/wp-json\/wp\/v2\/posts\/406614\/revisions"}],"wp:featuredmedia":[{"embeddable":true,"href":"https:\/\/www.europesays.com\/fr\/wp-json\/wp\/v2\/media\/406615"}],"wp:attachment":[{"href":"https:\/\/www.europesays.com\/fr\/wp-json\/wp\/v2\/media?parent=406614"}],"wp:term":[{"taxonomy":"category","embeddable":true,"href":"https:\/\/www.europesays.com\/fr\/wp-json\/wp\/v2\/categories?post=406614"},{"taxonomy":"post_tag","embeddable":true,"href":"https:\/\/www.europesays.com\/fr\/wp-json\/wp\/v2\/tags?post=406614"}],"curies":[{"name":"wp","href":"https:\/\/api.w.org\/{rel}","templated":true}]}}