{"id":406618,"date":"2025-09-21T07:05:10","date_gmt":"2025-09-21T07:05:10","guid":{"rendered":"https:\/\/www.europesays.com\/fr\/406618\/"},"modified":"2025-09-21T07:05:10","modified_gmt":"2025-09-21T07:05:10","slug":"des-joueurs-de-belote-font-un-impressionnant-don-pour-la-lutte-contre-le-cancer-pres-de-marmande","status":"publish","type":"post","link":"https:\/\/www.europesays.com\/fr\/406618\/","title":{"rendered":"Des joueurs de belote font un impressionnant don pour la lutte contre le cancer pr\u00e8s de Marmande"},"content":{"rendered":"<p>            Par<br \/>\n        <strong><br \/>\n            <a href=\"https:\/\/actu.fr\/auteur\/redaction-republicainmarmande\" title=\"Consulter tous les articles de R\u00e9daction Le R\u00e9publicain Marmande\" target=\"_blank\" rel=\"noopener\">R\u00e9daction Le R\u00e9publicain Marmande<\/a><br \/>\n        <\/strong><\/p>\n<p>        Publi\u00e9 le<\/p>\n<p>            21 sept. 2025 \u00e0 7h56        <\/p>\n<p>Le vendredi 12\u00a0septembre \u00e0 la mairie de Samazan <a href=\"https:\/\/actu.fr\/le-republicain-lot-et-garonne\/\" target=\"_blank\" rel=\"noopener\">(Lot-et-Garonne)<\/a>, madame D\u00e9borah Rache, responsable de la communication et du m\u00e9c\u00e9nat pour l\u2019Institut Bergoni\u00e9 \u00e0 Bordeaux, <b>a re\u00e7u un nouveau ch\u00e8que de 7\u2009000\u00a0\u20ac<\/b>.<\/p>\n<p class=\" wall-content\"><a href=\"https:\/\/actu.fr\/tag\/solidarite\" target=\"_blank\" rel=\"noopener\">Un don important<\/a> effectu\u00e9 par l\u2019association des Joyeux Beloteurs afin de <b>participer au financement de la recherche<\/b> contre le cancer et au confort des malades et des aidants.<\/p>\n<p>75\u2009000\u00a0euros de dons d\u00e9j\u00e0 vers\u00e9s<\/p>\n<p class=\" wall-content\">\u00c0 ce jour, <b>l\u2019association a revers\u00e9 la somme de 75\u2009000\u00a0\u20ac<\/b> gr\u00e2ce \u00e0 la fid\u00e9lit\u00e9 de tous les beloteurs venants nombreux, deux fois par semaine, le vendredi soir, aux concours organis\u00e9s de septembre \u00e0 avril.<\/p>\n<p class=\" wall-content\">Madame Rache a vivement<b> remerci\u00e9 l\u2019association pour sa fid\u00e9lit\u00e9 et sa g\u00e9n\u00e9rosit\u00e9<\/b>. \u00ab\u2009Quelle que soit la couleur, Juin vert, Mars bleu ou Octobre rose, Bergoni\u00e9 est l\u00e0 pour traiter les cancers, la recherche avance pour tous les cancers.\u2009\u00bb<\/p>\n<p class=\" wall-content\">Elle a aussi rappel\u00e9 que <b>cette somme contribuera<\/b> \u00ab\u2009\u00e0 financer la recherche, mais aussi \u00e0 am\u00e9liorer le confort du patient, la qualit\u00e9 des conditions de travail des salari\u00e9s et des accompagnants, mais aussi l\u2019innovation\u2009\u00bb.<\/p>\n<p>Vid\u00e9os : en ce moment sur Actu<\/p>\n<p class=\" wall-content\">Pour conclure <b>sur une note d\u2019optimisme<\/b>, force est de constater qu\u2019aujourd\u2019hui, on peut gu\u00e9rir <a href=\"https:\/\/actu.fr\/tag\/cancer\" target=\"_blank\" rel=\"noopener\">du cancer<\/a>, et que m\u00eame si certains ne sont pas gu\u00e9rissables, qu\u2019on peut r\u00e9ussir \u00e0 continuer \u00e0 vivre avec, et cela n\u2019a pas de prix.<\/p>\n<p class=\" wall-content\">Pour contribuer \u00e0 cet \u00e9lan solidaire, <b>les concours de belote reprennent <\/b>\u00e0 compter du vendredi 26\u00a0septembre 2025 (21\u2009h), toutes les deux semaines, salle culturelle \u00e0 Samazan.<\/p>\n<p>Votre r\u00e9gion, votre actu !<\/p>\n<p>Recevez chaque jour les infos qui comptent pour vous.<\/p>\n<p>\t<a href=\"https:\/\/actu.fr\/newsletter\" class=\"ac-btn ac-btn--corner ac-btn--medium ac-btn--blue800\" target=\"_blank\" rel=\"noopener\">S&rsquo;incrire<\/a><\/p>\n<p class=\" wall-content\">Avec J-J.B.<\/p>\n<p>Pour faire un don \u00e0 l\u2019Institut Bergoni\u00e9 Centre de lutte contre le cancer de la Nouvelle Aquitaine, adressez votre courrier au 229, cours de l\u2019Argonne CS 61283, 33076 Bordeaux Cedex.<\/p>\n<p class=\" wall-content\">Personnalisez votre actualit\u00e9 en ajoutant vos villes et m\u00e9dias en favori avec <a href=\"https:\/\/moncompte.actu.fr\" title=\"D\u00e9couvez Mon Actu\" rel=\"nofollow noopener\" data-trk=\"{&quot;cta&quot;:{&quot;action&quot;:&quot;https:\\\/\\\/moncompte.actu.fr&quot;,&quot;category&quot;:&quot;mon compte&quot;,&quot;from&quot;:&quot;article footer&quot;,&quot;name&quot;:&quot;Mon actu&quot;,&quot;type&quot;:&quot;cta&quot;}}\" target=\"_blank\">Mon Actu<\/a>.<\/p>\n","protected":false},"excerpt":{"rendered":"Par R\u00e9daction Le R\u00e9publicain Marmande Publi\u00e9 le 21 sept. 2025 \u00e0 7h56 Le vendredi 12\u00a0septembre \u00e0 la mairie&hellip;\n","protected":false},"author":2,"featured_media":406619,"comment_status":"","ping_status":"","sticky":false,"template":"","format":"standard","meta":{"footnotes":""},"categories":[2817],"tags":[1111,11,1997,101,1777,674,1011,27,12,2219,25,104,3400],"class_list":{"0":"post-406618","1":"post","2":"type-post","3":"status-publish","4":"format-standard","5":"has-post-thumbnail","7":"category-bordeaux","8":"tag-actu","9":"tag-actualites","10":"tag-bordeaux","11":"tag-cancer","12":"tag-eu","13":"tag-europe","14":"tag-fr","15":"tag-france","16":"tag-news","17":"tag-nouvelle-aquitaine","18":"tag-republique-francaise","19":"tag-societe","20":"tag-solidarite"},"share_on_mastodon":{"url":"https:\/\/pubeurope.com\/@fr\/115241020506377299","error":""},"_links":{"self":[{"href":"https:\/\/www.europesays.com\/fr\/wp-json\/wp\/v2\/posts\/406618","targetHints":{"allow":["GET"]}}],"collection":[{"href":"https:\/\/www.europesays.com\/fr\/wp-json\/wp\/v2\/posts"}],"about":[{"href":"https:\/\/www.europesays.com\/fr\/wp-json\/wp\/v2\/types\/post"}],"author":[{"embeddable":true,"href":"https:\/\/www.europesays.com\/fr\/wp-json\/wp\/v2\/users\/2"}],"replies":[{"embeddable":true,"href":"https:\/\/www.europesays.com\/fr\/wp-json\/wp\/v2\/comments?post=406618"}],"version-history":[{"count":0,"href":"https:\/\/www.europesays.com\/fr\/wp-json\/wp\/v2\/posts\/406618\/revisions"}],"wp:featuredmedia":[{"embeddable":true,"href":"https:\/\/www.europesays.com\/fr\/wp-json\/wp\/v2\/media\/406619"}],"wp:attachment":[{"href":"https:\/\/www.europesays.com\/fr\/wp-json\/wp\/v2\/media?parent=406618"}],"wp:term":[{"taxonomy":"category","embeddable":true,"href":"https:\/\/www.europesays.com\/fr\/wp-json\/wp\/v2\/categories?post=406618"},{"taxonomy":"post_tag","embeddable":true,"href":"https:\/\/www.europesays.com\/fr\/wp-json\/wp\/v2\/tags?post=406618"}],"curies":[{"name":"wp","href":"https:\/\/api.w.org\/{rel}","templated":true}]}}