{"id":406622,"date":"2025-09-21T07:07:09","date_gmt":"2025-09-21T07:07:09","guid":{"rendered":"https:\/\/www.europesays.com\/fr\/406622\/"},"modified":"2025-09-21T07:07:09","modified_gmt":"2025-09-21T07:07:09","slug":"les-etonnantes-histoires-dun-critique-dart-pres-de-toulouse","status":"publish","type":"post","link":"https:\/\/www.europesays.com\/fr\/406622\/","title":{"rendered":"les \u00e9tonnantes histoires d\u2019un critique d\u2019art pr\u00e8s de Toulouse"},"content":{"rendered":"<p>            Par<br \/>\n        <strong><br \/>\n            <a href=\"https:\/\/actu.fr\/auteur\/riaute-mariane\" title=\"Consulter tous les articles de Mariane RIAUTE\" rel=\"nofollow noopener\" target=\"_blank\">Mariane RIAUTE<\/a><br \/>\n        <\/strong><\/p>\n<p>        Publi\u00e9 le<\/p>\n<p>            21 sept. 2025 \u00e0 8h53        <\/p>\n<p>Lorsqu\u2019elle arpente les galeries d\u2019art, on la reconna\u00eet gr\u00e2ce \u00e0 <b>son chapeau noir qui coiffe ses boucles blanches<\/b>. C\u2019est aussi son regard qu\u2019on lui reconna\u00eet, celui qu\u2019elle conserve depuis plusieurs d\u00e9cennies\u2009: \u00ab\u2009<b>Un critique d\u2019art qui rentre dans une galerie ne doit pas marquer ses \u00e9motions<\/b>, jusqu\u2019\u00e0 ce qu\u2019il sorte. Ainsi l\u2019artiste est oblig\u00e9 d\u2019attendre que son papier soit publi\u00e9 pour savoir ce qu\u2019il en est\u2009\u00bb, lance-t-elle en nous guidant dans sa maison. Certains la craignent, ou plut\u00f4t ce sont ses mots qu\u2019ils appr\u00e9hendent\u2009: des mots qui peuvent refl\u00e9ter les qualit\u00e9s d\u2019une \u0153uvre ou tout simplement d\u00e9peindre une absence de talent. <b>Des \u00e9crits clairs et incisifs<\/b>, mais justes\u2009; dans un univers o\u00f9 l\u2019art a toujours le dernier mot. <a href=\"https:\/\/actu.fr\/voix-du-midi-lauragais\/\" rel=\"nofollow noopener\" target=\"_blank\">Voix du Midi Lauragais<\/a> a rencontr\u00e9 la myst\u00e9rieuse <b>Aline Llareus-Dinier<\/b>, critique d\u2019art \u00e0 <a href=\"https:\/\/actu.fr\/occitanie\/montlaur_31384\" rel=\"nofollow noopener\" target=\"_blank\">Montlaur<\/a>, sur les terres du Lauragais\u2009; et vous livre <b>une (infime) partie de son parcours sem\u00e9 de rencontres rarissimes<\/b>, d\u2019anecdotes atypiques, le tout (g\u00e9n\u00e9reusement) saupoudr\u00e9 du go\u00fbt de l\u2019art.<\/p>\n<p>Son cabinet de curiosit\u00e9<\/p>\n<p class=\" wall-content\">Chaque pi\u00e8ce, chaque mur, chaque m\u00b2 de sa maison est intimement li\u00e9 \u00e0 son histoire personnelle et professionnelle. Lorsque le critique d\u2019art (adjectif sciemment choisi car il s\u2019agit du m\u00e9tier, pas de la critique produite en elle-m\u00eame, nous corrige-t-elle) nous guide dans <b>les entrailles de ce v\u00e9ritable cabinet de curiosit\u00e9<\/b>, c\u2019est comme si elle nous prenait par la main pour nous d\u00e9voiler sa vie. Ou du moins, une partie \u2013 puisqu\u2019une journ\u00e9e n\u2019y suffirait pas.<\/p>\n<p class=\" wall-content\">Des tableaux, des sculptures, des souvenirs d\u2019artistes qui ont marqu\u00e9 son parcours, une anecdote par ci, une histoire \u00e9tonnante par l\u00e0, des cadeaux qui ont surtout du sens pour elle, un carnet \u00ab\u2009L\u2019art est partout\u2009\u00bb d\u00e9pos\u00e9 dans ses toilettes par l\u2019artiste Ben\u2026<\/p>\n<p class=\" wall-content\">\u00ab\u2009Tout \u00e7a, c\u2019est moi, c\u2019est ma vie\u2009\u00bb, lance-t-elle avec un sourire apais\u00e9. Si l\u2019on ne sait alors plus o\u00f9 donner de la t\u00eate, Aline Llareus-Dinier, elle, se souvient de l\u2019histoire de chacune de ces \u0153uvres.<\/p>\n<p>\u00ab\u2009Je me pi\u00e9geais moi-m\u00eame\u2009!\u2009\u00bb<\/p>\n<p class=\" wall-content\">Aline Llareus-Dinier passe son bac en Lettres modernes option arts plastiques au Lyc\u00e9e Gabriel Faur\u00e9 \u00e0 Foix et obtient une Ma\u00eetrise dans la critique litt\u00e9raire et la cr\u00e9ation po\u00e9tique en 1970. Deux ans plus tard, elle rejoint le journal La D\u00e9p\u00eache du Midi pour y tenir sa propre rubrique, \u00ab\u2009Itin\u00e9raire artistique\u2009\u00bb, jusqu\u2019en 1989. Pass\u00e9e par les ateliers de <b>Christian Schmidt <\/b>(peinture) et d\u2019<b>Antonio Alos<\/b> (sculpture), elle participera par la suite \u00e0 plusieurs revues d\u2019art.<\/p>\n<p class=\" wall-content\">Pendant ses \u00ab\u2009jeunes ann\u00e9es\u2009\u00bb, elle r\u00e9alisa une pr\u00e9sentation pour c\u00e9l\u00e9brer la mort de l\u2019artiste Salvador Dal\u00ed, aujourd\u2019hui install\u00e9e sur son plafond\u2009: \u00ab\u2009Je voulais r\u00e9aliser <b>une pr\u00e9sentation compl\u00e8tement d\u00e9lirante<\/b>, \u00e0 la mani\u00e8re de Dal\u00ed. Je ne me rendais pas compte que je me pi\u00e9geais moi-m\u00eame\u2009!\u2009\u00bb<\/p>\n<p class=\" wall-content\">En effet, \u00e0 l\u2019obtention de son dipl\u00f4me de critique d\u2019art, elle a pr\u00eat\u00e9 serment de ne jamais exposer de peinture, pour <b>ne pas \u00eatre \u00ab\u2009juge et partie en m\u00eame temps\u2009\u00bb<\/b>. Cet hommage a \u00e9t\u00e9 \u00e9crit sur le tempo de Dal\u00ed, en y ajoutant une bandera catalane \u2013 rappelant aussi ses propres origines -, le tout pris dans une spirale avec un dessin en son centre. Sans qu\u2019elle s\u2019en rende compte, la repr\u00e9sentation \u00e9tait devenue une \u0153uvre, ce qui lui a valu<b> une suspension (temporaire) d\u2019\u00e9criture artistique<\/b>. Ce jour-l\u00e0, la col\u00e8re l\u2019a pouss\u00e9e \u00e0 peindre tout plein d\u2019objets chez elle.<\/p>\n<p>Votre r\u00e9gion, votre actu !<\/p>\n<p>Recevez chaque jour les infos qui comptent pour vous.<\/p>\n<p>\t<a href=\"https:\/\/actu.fr\/newsletter\" class=\"ac-btn ac-btn--corner ac-btn--medium ac-btn--blue800\" rel=\"nofollow noopener\" target=\"_blank\">S&rsquo;incrire<\/a><br \/>\n\u00ab\u2009Je passais mes \u00e9t\u00e9s sous le piano de Gilbert B\u00e9caud\u2009\u00bb<\/p>\n<p class=\" wall-content\">Ses premiers contacts avec l\u2019art, elle les doit \u00e0 sa marraine qui l\u2019a \u00e9duqu\u00e9e. Cette derni\u00e8re travaillait dans une usine dont le directeur avait recueilli la veuve d\u2019un r\u00e9sistant russe\u2009: \u00ab\u2009Elle n\u2019arr\u00eatait pas de dessiner des portraits. Et \u00e0 Foix, mon voisin \u00e9tait acteur et fils d\u2019une dame qui avait eu un grand prix de l\u2019Acad\u00e9mie des beaux-arts. <b>J\u2019ai toujours v\u00e9cu dans ce milieu artistique<\/b>. J\u2019ai rencontr\u00e9 <b>Dal\u00ed<\/b> et <b>Picasso<\/b> gr\u00e2ce \u00e0 mes grands-parents paternels\u2009; et je passais mes \u00e9t\u00e9s assise sous le piano de <b>Gilbert B\u00e9caud<\/b>.\u2009\u00bb<\/p>\n<p class=\" wall-content\">\u00c0 vivre au milieu des chanteurs, danseurs ou encore jongleurs, c\u2019\u00e9tait une suite logique que de rester dans le monde de l\u2019art. \u00c0 l\u2019\u00e9cole, elle voulait \u00eatre pianiste, danseuse, \u00ab<b>\u2009derri\u00e8re le chevalet mais aussi sur la piste<\/b>\u2009\u00bb, s\u2019en amuse-t-elle d\u00e9sormais. Mais partir suivre les cours de l\u2019\u00c9cole des Beaux-Arts n\u2019\u00e9tait pas accept\u00e9 par sa famille.<\/p>\n<p>    <img   decoding=\"async\" loading=\"lazy\" class=\"size-large\" src=\"https:\/\/www.europesays.com\/fr\/wp-content\/uploads\/2025\/09\/d8a9658248b86dca9658248b8c0b96v-960x640.jpg\" alt=\"Salvador Dali\" width=\"960\" height=\"640\"\/><br \/>\n    Salvador Dal\u00ed, Gilbert B\u00e9caud, Picasso\u2026 Aline Llareus-dinier a rencontr\u00e9 des grands du monde des arts. \u00a9Mariane Riaut\u00e9 \u2013 Voix du Midi Lauragais\u00ab\u2009Ils n\u2019osent pas ou ne savent pas qu\u2019ils ont du talent\u2009\u00bb<\/p>\n<p class=\" wall-content\">\u00ab\u2009Le critique d\u2019art est <b>un passage entre l\u2019artiste et la personne qui regarde<\/b>. Il sait comment l\u2019objet a \u00e9t\u00e9 cr\u00e9\u00e9 donc il peut dire si l\u2019auteur a r\u00e9ussi, <b>s\u2019il est all\u00e9 au bout ou s\u2019il est rest\u00e9 au pas de la porte<\/b>\u2009\u00bb, d\u00e9finit celle qui \u00e0 l\u2019\u00e9poque est descendue dans une carri\u00e8re du Sidobre pour sonder les blocs de granit.<\/p>\n<p class=\" wall-content\">Et lorsqu\u2019on demande \u00e0 cette professeure de Lettres Modernes et de litt\u00e9rature compar\u00e9e \u00e0 la retraite pourquoi elle n\u2019a pas rendu son tablier, elle ne bronche pas\u2009: \u00ab\u2009Les salons me permettent de<b> rester en contact avec le monde entier<\/b>, je ne veux pas quitter l\u2019art. Quand j\u2019arrive \u00e0 pr\u00e9senter un artiste, je suis heureuse\u2009: <b>i<\/b><b>ls n\u2019osent pas ou ne savent pas qu\u2019ils ont du talent<\/b>. D\u2019ailleurs, plus ils sont talentueux, plus ils sont modestes.\u2009\u00bb<\/p>\n<p class=\" wall-content\">Elle sera ainsi prochainement la pr\u00e9sidente du jury du prochain <b>Grand concours et salon international des arts plastiques de Peyrolles-en-Provence<\/b>.<\/p>\n<p>\u00ab\u2009La v\u00e9rit\u00e9 en face\u2009\u00bb<\/p>\n<p class=\" wall-content\">R\u00e9sidant pour un temps \u00e0 Toulouse, c\u2019est \u00e0 Montlaur qu\u2019elle a aujourd\u2019hui install\u00e9 son QG, comme elle le pr\u00e9cise\u2009: \u00ab\u2009Mon mari \u00e9tait ma\u00eetre d\u2019\u0153uvre et il \u00e9tait d\u00e9rang\u00e9 car tous les deux jours, des artistes venaient me voir, des cartons sous les bras. <b>Montlaur \u00e9tait un village beaucoup plus tranquille<\/b>.\u2009\u00bb<\/p>\n<p class=\" wall-content\">Peu \u00e9tonnant alors qu\u2019elle ch\u00e9risse son ind\u00e9pendance\u2009: \u00ab\u2009J\u2019ai toujours \u00e9t\u00e9 libre et exerc\u00e9 mon m\u00e9tier de mani\u00e8re ind\u00e9pendante. Je parle d\u2019une \u0153uvre si elle me pla\u00eet, sinon je n\u2019en parle pas, d\u2019autant plus qu\u2019<b>aujourd\u2019hui nous sommes dans un courant de superficialit\u00e9<\/b>. Moi, c\u2019est\u2009la v\u00e9rit\u00e9 en face\u2009\u00bb, qui lui vaut d\u2019avoir toujours eu pr\u00e8s d\u2019elle sa \u00ab\u2009garde rapproch\u00e9e\u2009\u00bb, sa famille.<\/p>\n<p>Sa rencontre avec Salvador Dal\u00ed<\/p>\n<p class=\" wall-content\">C\u2019est en derni\u00e8re ann\u00e9e d\u2019\u00e9tude \u00e0 la facult\u00e9 de Toulouse qu\u2019Aline Llareus-Dinier rencontra un grand ma\u00eetre\u2009; et ce, \u00e0 plusieurs reprises. \u00ab\u2009Vous allez recevoir la visite d\u2019un grand ma\u00eetre, Salvador Dal\u00ed. Vous \u00eates pri\u00e9s de vous rendre au Capitole et vous ferez ce qu\u2019on vous dit, <b>vous \u00eates spectateurs et n\u2019avez pas le droit \u00e0 la parole<\/b>\u2009\u00bb, retranscrit-elle des paroles de son professeur de l\u2019\u00e9poque.<\/p>\n<p class=\" wall-content\">Voil\u00e0 que Dal\u00ed est assis sur une chaise pivotante \u2013 qu\u2019il a express\u00e9ment demand\u00e9e \u2013 et que les \u00e9tudiants, en tailleur au sol, forment un demi-cercle autour de lui. Le r\u00e9dacteur en chef du journal Le Monde, <b>Michel Droit<\/b>, est invit\u00e9 \u00e0 l\u2019interviewer. \u00ab\u2009Pendant cette rencontre, Dal\u00ed donnait <b>de petits coups de canne qui le faisaient tourner doucement<\/b>. Le journaliste \u00e9tait oblig\u00e9 de tourner autour de lui pour toujours lui faire face\u2009\u00bb, raconte Aline Llareus-Dinier. \u00ab\u2009J\u2019ai compt\u00e9, il a fait sept tours. Je me suis dit qu\u2019il devait forc\u00e9ment y avoir une raison.\u2009\u00bb<\/p>\n<p class=\" wall-content\">Au septi\u00e8me tour, Dal\u00ed annonce \u2013 avec un fort accent catalan\u2009: \u00ab\u2009L\u2019interview elle est termin\u00e9e.\u2009\u00bb Ces mots provoquent l\u2019\u00e9tonnement de Michel Droit. Salvador Dal\u00ed lui r\u00e9torque\u2009: \u00ab\u2009Le bon Dieu a mis sept jours pour cr\u00e9er le monde et tu n\u2019es pas capable de faire une interview en sept questions\u2009? Tu te prends pour qui\u2009?\u2009\u00bb<\/p>\n<p class=\" wall-content\">Il s\u2019adressa ensuite aux \u00e9tudiants\u2009: \u00ab\u2009Vous avez vu comment on fait tourner un journaliste en bourrique. Retenez bien\u2009: un journaliste, m\u00eame s\u2019il interviewe un grand ma\u00eetre, <b>doit toujours avoir le dernier mot<\/b>, tout comme le critique d\u2019art qui ne doit jamais se laisser marcher sur les pieds.\u2009\u00bb<\/p>\n<p>\u00ab\u2009L\u00e0, j\u2019ai vu le monsieur\u2009\u00bb<\/p>\n<p class=\" wall-content\">Et l\u2019histoire ne s\u2019arr\u00eate pas l\u00e0. Aline Llareus-Dinier croisera son chemin une seconde fois, lorsque le ma\u00eetre pr\u00e9sente son \u0153uvre La Divine Com\u00e9die dans une galerie toulousaine et demande qu\u2019un critique d\u2019art dipl\u00f4m\u00e9 soit pr\u00e9sent. Elle raconte\u2009: \u00ab\u2009J\u2019arrive \u00e0 la galerie en avance, il \u00e9tait d\u00e9j\u00e0 install\u00e9 sur son fauteuil avec Gala (son \u00e9pouse, NDLR) assise comme une sir\u00e8ne \u00e0 ses pieds. Il me jauge de haut en bas et me dit\u2009: \u00a0\u00bb<b>Une critique d\u2019art, une critique en jupon<\/b>, mais une critique. Et une con \u00e7a commence par la m\u00eame lettre, nous sommes \u00e0 Toulouse, con.\u00a0\u00bb <b>J\u2019avais le sang qui s\u2019\u00e9tait retir\u00e9<\/b>. Je le regarde fixement et lui dis en copiant son accent\u2009: \u00a0\u00bbMa\u00eetre, un critique et un Catalan \u00e7a commence aussi par un c et je suis aussi Catalane.\u00a0\u00bb\u2009Je me suis alors sentie soulev\u00e9e par les vigiles qui voulaient me mettre \u00e0 la porte. Le ma\u00eetre leur demande ce qu\u2019ils font, ils r\u00e9pondent \u00a0\u00bbelle vous a insult\u00e9\u00a0\u00bb. Dal\u00ed a alors conclu\u2009: \u00a0\u00bbNon, elle a compris la le\u00e7on, un critique ne doit jamais \u00eatre tourn\u00e9 en bourrique\u00a0\u00bb.\u2009\u00bb<\/p>\n<p class=\" wall-content\">C\u2019est ainsi qu\u2019elle eut le privil\u00e8ge d\u2019\u00ea<b>tre invit\u00e9e pendant trois jours chez Salvador Dal\u00ed<\/b>, \u00e0 Portlligat, en Espagne. \u00ab\u2009L\u00e0, j\u2019ai vu le monsieur. J\u2019ai compris que toute cette extravagance c\u2019\u00e9tait pour alimenter les caisses des assurances sociales de la Catalogne, pour les familles des p\u00e9cheurs qui n\u2019avaient pas d\u2019aide financi\u00e8re\u2009\u00bb, r\u00e9v\u00e8le-t-elle.<\/p>\n<p class=\" wall-content\">Des courses d\u2019escargots, des tasses jet\u00e9es dans le goudron en guise d\u2019\u0153uvres\u2026 Un s\u00e9jour dont Aline Llareus-Dinier est rentr\u00e9e \u00e9merveill\u00e9e.<\/p>\n<p class=\" wall-content\">Personnalisez votre actualit\u00e9 en ajoutant vos villes et m\u00e9dias en favori avec <a href=\"https:\/\/moncompte.actu.fr\" title=\"D\u00e9couvez Mon Actu\" rel=\"nofollow noopener\" data-trk=\"{&quot;cta&quot;:{&quot;action&quot;:&quot;https:\\\/\\\/moncompte.actu.fr&quot;,&quot;category&quot;:&quot;mon compte&quot;,&quot;from&quot;:&quot;article footer&quot;,&quot;name&quot;:&quot;Mon actu&quot;,&quot;type&quot;:&quot;cta&quot;}}\" target=\"_blank\">Mon Actu<\/a>.<\/p>\n","protected":false},"excerpt":{"rendered":"Par Mariane RIAUTE Publi\u00e9 le 21 sept. 2025 \u00e0 8h53 Lorsqu\u2019elle arpente les galeries d\u2019art, on la reconna\u00eet&hellip;\n","protected":false},"author":2,"featured_media":406623,"comment_status":"","ping_status":"","sticky":false,"template":"","format":"standard","meta":{"footnotes":""},"categories":[2816],"tags":[1111,11,123,1777,674,1011,27,12,2680,25,104,2312],"class_list":{"0":"post-406622","1":"post","2":"type-post","3":"status-publish","4":"format-standard","5":"has-post-thumbnail","7":"category-toulouse","8":"tag-actu","9":"tag-actualites","10":"tag-espagne","11":"tag-eu","12":"tag-europe","13":"tag-fr","14":"tag-france","15":"tag-news","16":"tag-occitanie","17":"tag-republique-francaise","18":"tag-societe","19":"tag-toulouse"},"share_on_mastodon":{"url":"https:\/\/pubeurope.com\/@fr\/115241029234281228","error":""},"_links":{"self":[{"href":"https:\/\/www.europesays.com\/fr\/wp-json\/wp\/v2\/posts\/406622","targetHints":{"allow":["GET"]}}],"collection":[{"href":"https:\/\/www.europesays.com\/fr\/wp-json\/wp\/v2\/posts"}],"about":[{"href":"https:\/\/www.europesays.com\/fr\/wp-json\/wp\/v2\/types\/post"}],"author":[{"embeddable":true,"href":"https:\/\/www.europesays.com\/fr\/wp-json\/wp\/v2\/users\/2"}],"replies":[{"embeddable":true,"href":"https:\/\/www.europesays.com\/fr\/wp-json\/wp\/v2\/comments?post=406622"}],"version-history":[{"count":0,"href":"https:\/\/www.europesays.com\/fr\/wp-json\/wp\/v2\/posts\/406622\/revisions"}],"wp:featuredmedia":[{"embeddable":true,"href":"https:\/\/www.europesays.com\/fr\/wp-json\/wp\/v2\/media\/406623"}],"wp:attachment":[{"href":"https:\/\/www.europesays.com\/fr\/wp-json\/wp\/v2\/media?parent=406622"}],"wp:term":[{"taxonomy":"category","embeddable":true,"href":"https:\/\/www.europesays.com\/fr\/wp-json\/wp\/v2\/categories?post=406622"},{"taxonomy":"post_tag","embeddable":true,"href":"https:\/\/www.europesays.com\/fr\/wp-json\/wp\/v2\/tags?post=406622"}],"curies":[{"name":"wp","href":"https:\/\/api.w.org\/{rel}","templated":true}]}}