{"id":406628,"date":"2025-09-21T07:12:17","date_gmt":"2025-09-21T07:12:17","guid":{"rendered":"https:\/\/www.europesays.com\/fr\/406628\/"},"modified":"2025-09-21T07:12:17","modified_gmt":"2025-09-21T07:12:17","slug":"leglise-saint-maurice-de-pont-de-vivaux-bijou-de-larchitecture-brutaliste-vendue","status":"publish","type":"post","link":"https:\/\/www.europesays.com\/fr\/406628\/","title":{"rendered":"l&rsquo;\u00e9glise Saint-Maurice de Pont-de-Vivaux, \u00ab\u00a0bijou\u00a0\u00bb de l&rsquo;architecture brutaliste, vendue"},"content":{"rendered":"<p>Avec son m\u00e2t et sa voile ondul\u00e9e en b\u00e9ton sculpt\u00e9, <a href=\"https:\/\/www.laprovence.com\/article\/region\/4524565826979614\/la-ville-de-marseille-veut-faire-classer-l-eglise-de-pont-de-vivaux-vendue-par-le-diocese\" target=\"_blank\" rel=\"noopener\">l\u2019\u00e9glise Saint-Maurice, \u00e0 Pont-de-Vivaux<\/a> (10e), quitte le patrimoine religieux pour devenir la propri\u00e9t\u00e9 de Jonas Lasery. Ce marchand de biens marseillais, qui travaille avec son p\u00e8re \u00c9ric Lasery, promoteur \u00e0 la t\u00eate de Sifer, m\u00e8ne \u00ab\u00a0des \u00ab\u00a0discussions avec la Ville de Marseille et <a href=\"https:\/\/www.laprovence.com\/article\/region\/3531597516533714\/restauration-de-la-bonne-mere-a-marseille-la-dorure-de-la-statue-de-la-vierge-a-demarre-a-60-metres-de-hauteur\" target=\"_blank\" rel=\"noopener\">le dioc\u00e8se<\/a>\u00a0\u00bb afin de tomber d\u2019accord sur \u00ab\u00a0un projet \u00e0 vocation sociale\u00a0\u00bb.<\/p>\n<p>Le projet d\u2019un local associatif ou d\u2019un centre social<\/p>\n<p>Si le dioc\u00e8se assure avoir r\u00e9dig\u00e9 dans le contrat de vente des clauses pour \u00ab\u00a0prot\u00e9ger la structure du b\u00e2timent\u00a0\u00bb et \u00ab\u00a0imposer \u00e0 l\u2019acheteur un projet de local associatif ou de centre social\u00a0\u00bb, la demande de changement d\u2019usage faite par Jonas Lasery aux services de la Ville inclut pourtant \u00ab\u00a0un logement\u00a0\u00bb ainsi que \u00ab\u00a0plusieurs places de parking\u00a0\u00bb.<\/p>\n<p>Face \u00e0 ce changement d\u2019usage qui devrait \u00eatre effectif d\u00e8s la fin de l\u2019ann\u00e9e, d\u2019anciens paroissiens d\u00e9noncent \u00ab\u00a0une proc\u00e9dure contestable\u00a0\u00bb. \u00ab\u00a0Le changement d\u2019usage d\u2019un lieu de culte en logement exige un permis de construire et une consultation des services publics. Or, le dioc\u00e8se et la mairie se contentent apparemment d\u2019une autorisation tacite, ce qui est insuffisant\u00a0\u00bb, vitup\u00e8re Bernard Franqui, pr\u00e9sid&#8230;<\/p>\n","protected":false},"excerpt":{"rendered":"Avec son m\u00e2t et sa voile ondul\u00e9e en b\u00e9ton sculpt\u00e9, l\u2019\u00e9glise Saint-Maurice, \u00e0 Pont-de-Vivaux (10e), quitte le patrimoine&hellip;\n","protected":false},"author":2,"featured_media":406629,"comment_status":"","ping_status":"","sticky":false,"template":"","format":"standard","meta":{"footnotes":""},"categories":[2814],"tags":[17,1111,11,945,53855,1777,674,1011,27,53854,22193,884,12,53853,882,16,25,22194],"class_list":{"0":"post-406628","1":"post","2":"type-post","3":"status-publish","4":"format-standard","5":"has-post-thumbnail","7":"category-marseille","8":"tag-17","9":"tag-actu","10":"tag-actualites","11":"tag-bijou","12":"tag-brutaliste","13":"tag-eu","14":"tag-europe","15":"tag-fr","16":"tag-france","17":"tag-larchitecture","18":"tag-leglise","19":"tag-marseille","20":"tag-news","21":"tag-pont-de-vivaux","22":"tag-provence-alpes-cote-dazur","23":"tag-region","24":"tag-republique-francaise","25":"tag-saint-maurice"},"share_on_mastodon":{"url":"https:\/\/pubeurope.com\/@fr\/115241048078207154","error":""},"_links":{"self":[{"href":"https:\/\/www.europesays.com\/fr\/wp-json\/wp\/v2\/posts\/406628","targetHints":{"allow":["GET"]}}],"collection":[{"href":"https:\/\/www.europesays.com\/fr\/wp-json\/wp\/v2\/posts"}],"about":[{"href":"https:\/\/www.europesays.com\/fr\/wp-json\/wp\/v2\/types\/post"}],"author":[{"embeddable":true,"href":"https:\/\/www.europesays.com\/fr\/wp-json\/wp\/v2\/users\/2"}],"replies":[{"embeddable":true,"href":"https:\/\/www.europesays.com\/fr\/wp-json\/wp\/v2\/comments?post=406628"}],"version-history":[{"count":0,"href":"https:\/\/www.europesays.com\/fr\/wp-json\/wp\/v2\/posts\/406628\/revisions"}],"wp:featuredmedia":[{"embeddable":true,"href":"https:\/\/www.europesays.com\/fr\/wp-json\/wp\/v2\/media\/406629"}],"wp:attachment":[{"href":"https:\/\/www.europesays.com\/fr\/wp-json\/wp\/v2\/media?parent=406628"}],"wp:term":[{"taxonomy":"category","embeddable":true,"href":"https:\/\/www.europesays.com\/fr\/wp-json\/wp\/v2\/categories?post=406628"},{"taxonomy":"post_tag","embeddable":true,"href":"https:\/\/www.europesays.com\/fr\/wp-json\/wp\/v2\/tags?post=406628"}],"curies":[{"name":"wp","href":"https:\/\/api.w.org\/{rel}","templated":true}]}}