{"id":406630,"date":"2025-09-21T07:13:13","date_gmt":"2025-09-21T07:13:13","guid":{"rendered":"https:\/\/www.europesays.com\/fr\/406630\/"},"modified":"2025-09-21T07:13:13","modified_gmt":"2025-09-21T07:13:13","slug":"les-habitants-se-soulevent-contre-le-projet","status":"publish","type":"post","link":"https:\/\/www.europesays.com\/fr\/406630\/","title":{"rendered":"les habitants se soul\u00e8vent contre le projet"},"content":{"rendered":"<p>            Par<br \/>\n        <strong><br \/>\n            <a href=\"https:\/\/actu.fr\/auteur\/redaction-lyon\" title=\"Consulter tous les articles de R\u00e9daction Lyon\" target=\"_blank\" rel=\"noopener\">R\u00e9daction Lyon<\/a><br \/>\n        <\/strong><\/p>\n<p>        Publi\u00e9 le<\/p>\n<p>            21 sept. 2025 \u00e0 7h30        <\/p>\n<p>Le tribunal administratif de <a href=\"https:\/\/actu.fr\/auvergne-rhone-alpes\/lyon_69123\" target=\"_blank\" rel=\"noopener\">Lyon<\/a> a examin\u00e9 ce jeudi 11 septembre 2025 la requ\u00eate de <strong>six habitants<\/strong> de <a href=\"https:\/\/actu.fr\/auvergne-rhone-alpes\/saint-didier-au-mont-d-or_69194\" target=\"_blank\" rel=\"noopener\">Saint-Didier-au-Mont-d\u2019Or<\/a> (Rh\u00f4ne), qui s\u2019opposent \u00e0 une \u00ab\u00a0r\u00e9sidence interg\u00e9n\u00e9rationnelle\u00a0\u00bb qui va g\u00e2cher leur \u00ab\u00a0vue sur les grands paysages\u00a0\u00bb.<\/p>\n<p>    <a href=\"https:\/\/www.google.com\/maps\/embed?pb=!1m18!1m12!1m3!1d29313.925087677657!2d4.761293959811006!3d45.81591096232009!2m3!1f0!2f0!3f0!3m2!1i1024!2i768!4f13.1!3m3!1m2!1s0x47f494a69b68255f%3A0x408ab2ae4bb1d80!2s69370%20Saint-Didier-au-Mont-d%27Or!5e1!3m2!1sfr!2sfr!4v1758290604710!5m2!1sfr!2sfr\" title=\"Ouvrie le lien\" target=\"_blank\" rel=\"noopener\">Cliquez ici pour visualiser le contenu<\/a><\/p>\n<p>Un \u00ab\u00a0bloc monolithique\u00a0\u00bb qui ne fait pas l\u2019unanimit\u00e9<\/p>\n<p class=\" wall-content\">Pour rappel, le projet avait \u00e9t\u00e9 approuv\u00e9 en conseil municipal en janvier 2023. Un an plus tard, en janvier 2024, la maire (divers droite) de Saint-Didier-au-Mont-d\u2019Or Marie-H\u00e9l\u00e8ne Mathieu avait octroy\u00e9 \u00e0 Habitat et Humanisme un permis de construire pour cette \u00ab\u00a0r\u00e9sidence <strong>interg\u00e9n\u00e9rationnelle<\/strong> de 20 logements\u00a0\u00bb, \u00ab\u00a0deux commerces en rez-de-chauss\u00e9e\u00a0\u00bb et \u00ab\u00a0une salle commune\u00a0\u00bb au 47 avenue de la R\u00e9publique.<\/p>\n<p class=\" wall-content\">Trois couples de riverains avaient alors saisi le tribunal administratif de Lyon pour <strong>contester cette d\u00e9cision<\/strong> : le projet va \u00ab\u00a0s\u2019implanter en surplomb\u00a0\u00bb de leurs propri\u00e9t\u00e9s et ainsi obstruer leur \u00ab\u00a0vue\u00a0\u00bb sur de \u00ab\u00a0grands paysages\u00a0\u00bb.<\/p>\n<p class=\" wall-content\">En tout \u00e9tat de cause, ils estiment que ce futur \u00ab\u00a0bloc monolithique\u00a0\u00bb est \u00ab\u00a0incompatible\u00a0\u00bb avec les Orientations d\u2019am\u00e9nagement et de programmation (OAP) inscrites au Plan local d\u2019urbanisme (PLU) : il \u00ab\u00a0ne <strong>s\u2019implante pas<\/strong> dans la profondeur de la parcelle\u00a0\u00bb en pente.<\/p>\n<p>Des irr\u00e9gularit\u00e9s constat\u00e9es<\/p>\n<p class=\" wall-content\">Le nouveau b\u00e2timent, \u00ab\u00a0pr\u00e9vu sur deux niveaux\u00a0\u00bb, aura \u00ab\u00a0un front continu d\u2019environ trente m\u00e8tres\u00a0\u00bb qui \u00ab\u00a0ne permettra pas la pr\u00e9servation des vues vers l\u2019est\u00a0\u00bb, a effectivement confirm\u00e9 le rapporteur public \u00e0 l\u2019audience.<\/p>\n<p>Votre r\u00e9gion, votre actu !<\/p>\n<p>Recevez chaque jour les infos qui comptent pour vous.<\/p>\n<p>\t<a href=\"https:\/\/actu.fr\/newsletter\" class=\"ac-btn ac-btn--corner ac-btn--medium ac-btn--blue800\" target=\"_blank\" rel=\"noopener\">S&rsquo;incrire<\/a><\/p>\n<p class=\" wall-content\">Le magistrat, dont les avis sont souvent suivis par les juges, estime que l\u2019immeuble \u00ab\u00a0gagnerait \u00e0 <strong>mieux s\u2019ins\u00e9rer<\/strong> dans son environnement (\u2026) quitte \u00e0 modifier son implantation vers le bas de la pente\u00a0\u00bb. Il est en effet \u00ab\u00a0implant\u00e9 exclusivement en haut de la pente, en limite ouest\u00a0\u00bb, \u00ab\u00a0contrairement \u00e0 ce que pr\u00e9voit l\u2019OAP\u00a0\u00bb.<\/p>\n<p class=\" wall-content\">Le rapporteur public a en revanche \u00e9cart\u00e9 toute \u00ab\u00a0insuffisance\u00a0\u00bb dans le nombre de \u00ab\u00a0places de parking\u00a0\u00bb : un permis de construire modificatif a pr\u00e9vu \u00ab\u00a0seize places pour les logements, deux places visiteurs et deux places pour les commerces\u00a0\u00bb, a-t-il d\u00e9nombr\u00e9.<\/p>\n<p>Les riverains n\u2019en veulent pas du tout<\/p>\n<p class=\" wall-content\">Il y aura \u00ab\u00a0douze places en sous-sol et huit en a\u00e9rien\u00a0\u00bb, a-t-il d\u00e9taill\u00e9. Le rapporteur public a donc propos\u00e9 un \u00ab\u00a0sursis \u00e0 statuer\u00a0\u00bb de quatre mois, pour donner le temps \u00e0 Habitat et Humanisme de r\u00e9gulariser ces \u00ab\u00a0irr\u00e9gularit\u00e9s\u00a0\u00bb, notamment en ce qui concerne les \u00ab\u00a0dimensions\u00a0\u00bb du projet.<\/p>\n<p class=\" wall-content\">Mais pour les avocats des requ\u00e9rants, c\u2019est \u00ab\u00a0tout le projet\u00a0\u00bb qu\u2019il faut \u00ab\u00a0repenser\u00a0\u00bb : le \u00ab\u00a0point de vue sur les grands paysages\u00a0\u00bb est \u00ab\u00a0compl\u00e8tement obstru\u00e9\u00a0\u00bb alors que l\u2019OAP pr\u00e9voit explicitement de \u00ab\u00a0pr\u00e9server les vues vers l\u2019est\u00a0\u00bb en cr\u00e9ant des \u00ab\u00a0b\u00e2timents dans la pente\u00a0\u00bb, ont-ils r\u00e9p\u00e9t\u00e9 une nouvelle fois aux trois juges du tribunal administratif de Lyon.<\/p>\n<p class=\" wall-content\">\u00ab\u00a0Le projet ne peut pas \u00eatre r\u00e9gularis\u00e9\u00a0\u00bb, ont-ils rappel\u00e9. \u00ab\u00a0Cela serait une deuxi\u00e8me r\u00e9gularisation [un premier permis de construire modificatif a d\u00e9j\u00e0 \u00e9t\u00e9 d\u00e9livr\u00e9, ndlr] et \u00e7a ne fonctionne pas\u00a0\u00bb.<\/p>\n<p>Le tribunal doit trancher<\/p>\n<p class=\" wall-content\">Reste qu\u2019aux yeux de la commune et du promoteur, \u00ab\u00a0l\u2019implantation du projet se fera bien dans la profondeur de la pente, cela ressort des plans de coupe\u00a0\u00bb. Ces m\u00eames plans pr\u00e9voient d\u2019ailleurs \u00ab\u00a0deux perc\u00e9es visuelles\u00a0\u00bb.<\/p>\n<p class=\" wall-content\">L\u2019implantation n\u2019est donc pas \u00ab\u00a0continue\u00a0\u00bb, en a d\u00e9duit l\u2019avocate de la mairie de Saint-Didier-au-Mont-d\u2019Or, pour qui les vues sur les \u00ab\u00a0grands paysages\u00a0\u00bb seront \u00ab\u00a0pr\u00e9serv\u00e9es\u00a0\u00bb. Le tribunal administratif de Lyon, qui a mis sa d\u00e9cision en d\u00e9lib\u00e9r\u00e9, rendra son jugement dans les prochaines semaines.<\/p>\n<p class=\" wall-content\"><strong>MJ et GF (PressPepper)<\/strong><\/p>\n<p class=\" wall-content\">Personnalisez votre actualit\u00e9 en ajoutant vos villes et m\u00e9dias en favori avec <a href=\"https:\/\/moncompte.actu.fr\" title=\"D\u00e9couvez Mon Actu\" rel=\"nofollow noopener\" data-trk=\"{&quot;cta&quot;:{&quot;action&quot;:&quot;https:\\\/\\\/moncompte.actu.fr&quot;,&quot;category&quot;:&quot;mon compte&quot;,&quot;from&quot;:&quot;article footer&quot;,&quot;name&quot;:&quot;Mon actu&quot;,&quot;type&quot;:&quot;cta&quot;}}\" target=\"_blank\">Mon Actu<\/a>.<\/p>\n","protected":false},"excerpt":{"rendered":"Par R\u00e9daction Lyon Publi\u00e9 le 21 sept. 2025 \u00e0 7h30 Le tribunal administratif de Lyon a examin\u00e9 ce&hellip;\n","protected":false},"author":2,"featured_media":406631,"comment_status":"","ping_status":"","sticky":false,"template":"","format":"standard","meta":{"footnotes":""},"categories":[1889],"tags":[1111,11,2430,1777,674,1011,27,303,2428,12,25,104,1352],"class_list":{"0":"post-406630","1":"post","2":"type-post","3":"status-publish","4":"format-standard","5":"has-post-thumbnail","7":"category-lyon","8":"tag-actu","9":"tag-actualites","10":"tag-auvergne-rhone-alpes","11":"tag-eu","12":"tag-europe","13":"tag-fr","14":"tag-france","15":"tag-justice","16":"tag-lyon","17":"tag-news","18":"tag-republique-francaise","19":"tag-societe","20":"tag-urbanisme"},"share_on_mastodon":{"url":"https:\/\/pubeurope.com\/@fr\/115241051935730051","error":""},"_links":{"self":[{"href":"https:\/\/www.europesays.com\/fr\/wp-json\/wp\/v2\/posts\/406630","targetHints":{"allow":["GET"]}}],"collection":[{"href":"https:\/\/www.europesays.com\/fr\/wp-json\/wp\/v2\/posts"}],"about":[{"href":"https:\/\/www.europesays.com\/fr\/wp-json\/wp\/v2\/types\/post"}],"author":[{"embeddable":true,"href":"https:\/\/www.europesays.com\/fr\/wp-json\/wp\/v2\/users\/2"}],"replies":[{"embeddable":true,"href":"https:\/\/www.europesays.com\/fr\/wp-json\/wp\/v2\/comments?post=406630"}],"version-history":[{"count":0,"href":"https:\/\/www.europesays.com\/fr\/wp-json\/wp\/v2\/posts\/406630\/revisions"}],"wp:featuredmedia":[{"embeddable":true,"href":"https:\/\/www.europesays.com\/fr\/wp-json\/wp\/v2\/media\/406631"}],"wp:attachment":[{"href":"https:\/\/www.europesays.com\/fr\/wp-json\/wp\/v2\/media?parent=406630"}],"wp:term":[{"taxonomy":"category","embeddable":true,"href":"https:\/\/www.europesays.com\/fr\/wp-json\/wp\/v2\/categories?post=406630"},{"taxonomy":"post_tag","embeddable":true,"href":"https:\/\/www.europesays.com\/fr\/wp-json\/wp\/v2\/tags?post=406630"}],"curies":[{"name":"wp","href":"https:\/\/api.w.org\/{rel}","templated":true}]}}