{"id":406632,"date":"2025-09-21T07:14:09","date_gmt":"2025-09-21T07:14:09","guid":{"rendered":"https:\/\/www.europesays.com\/fr\/406632\/"},"modified":"2025-09-21T07:14:09","modified_gmt":"2025-09-21T07:14:09","slug":"horizons-officialise-son-soutien-a-jean-michel-aulas","status":"publish","type":"post","link":"https:\/\/www.europesays.com\/fr\/406632\/","title":{"rendered":"Horizons officialise son soutien \u00e0 Jean-Michel Aulas"},"content":{"rendered":"<p itemprop=\"description\"><strong>Le parti Horizons a officialis\u00e9 ce samedi 20 septembre son soutien \u00e0 la candidature de Jean-Michel Aulas pour les \u00e9lections municipales de 2026 \u00e0 Lyon.<\/strong><\/p>\n<p>Une annonce qui confirme la volont\u00e9 de l\u2019ancien pr\u00e9sident de l\u2019Olympique lyonnais de s\u2019imposer comme une figure centrale de l\u2019alternance politique dans la capitale des Gaules.<\/p>\n<p>Le communiqu\u00e9 souligne que cette d\u00e9cision marque \u00ab\u00a0une \u00e9tape d\u00e9cisive dans la construction d\u2019un large rassemblement, enracin\u00e9 dans la soci\u00e9t\u00e9 civile, qui veut rendre \u00e0 Lyon l\u2019\u00e9lan et l\u2019unit\u00e9 qu\u2019elle m\u00e9rite\u00a0\u00bb.<\/p>\n<p>\u00ab\u00a0Notre ville a besoin d\u2019un projet ambitieux et f\u00e9d\u00e9rateur, qui d\u00e9passe les querelles partisanes et se concentre sur l\u2019essentiel\u00a0\u00bb, expliquent Emmanuel Hamelin et Alexandre Vincendet, responsables d\u2019Horizons \u00e0 Lyon et \u00e0 la M\u00e9tropole, et parmi les premiers \u00e0 avoir appel\u00e9 de leurs voeux \u00e0 la candidature de Jean-Michel Aulas lorsque ce dernier a \u00e9mis l&rsquo;id\u00e9e d&rsquo;y aller en d\u00e9but d&rsquo;ann\u00e9e.<\/p>\n<p>Avec ce ralliement, apr\u00e8s ceux des R\u00e9publicains et de l&rsquo;UDI, Jean-Michel Aulas obtient un soutien politique d\u00e9cisif puisqu&rsquo;il cherche \u00e0 \u00e9largir son socle vers son centre, au-del\u00e0 du monde sportif et entrepreneurial, et \u00e0 s\u2019affirmer comme une alternative cr\u00e9dible \u00e0 l\u2019actuelle majorit\u00e9 municipale de Gr\u00e9gory Doucet.<\/p>\n","protected":false},"excerpt":{"rendered":"Le parti Horizons a officialis\u00e9 ce samedi 20 septembre son soutien \u00e0 la candidature de Jean-Michel Aulas pour&hellip;\n","protected":false},"author":2,"featured_media":406633,"comment_status":"","ping_status":"","sticky":false,"template":"","format":"standard","meta":{"footnotes":""},"categories":[1889],"tags":[1111,11,2813,2190,2430,1109,251,1112,2811,1777,674,118,1011,27,1922,1110,1114,2428,2810,12,241,316,25,2812,517,800],"class_list":{"0":"post-406632","1":"post","2":"type-post","3":"status-publish","4":"format-standard","5":"has-post-thumbnail","7":"category-lyon","8":"tag-actu","9":"tag-actualites","10":"tag-article","11":"tag-asvel","12":"tag-auvergne-rhone-alpes","13":"tag-breves","14":"tag-culture","15":"tag-depeches","16":"tag-economique","17":"tag-eu","18":"tag-europe","19":"tag-faits-divers","20":"tag-fr","21":"tag-france","22":"tag-info","23":"tag-informations","24":"tag-infos","25":"tag-lyon","26":"tag-lyonmag","27":"tag-news","28":"tag-ol","29":"tag-politique","30":"tag-republique-francaise","31":"tag-sociale","32":"tag-sport","33":"tag-transports"},"share_on_mastodon":{"url":"https:\/\/pubeurope.com\/@fr\/115241056060048584","error":""},"_links":{"self":[{"href":"https:\/\/www.europesays.com\/fr\/wp-json\/wp\/v2\/posts\/406632","targetHints":{"allow":["GET"]}}],"collection":[{"href":"https:\/\/www.europesays.com\/fr\/wp-json\/wp\/v2\/posts"}],"about":[{"href":"https:\/\/www.europesays.com\/fr\/wp-json\/wp\/v2\/types\/post"}],"author":[{"embeddable":true,"href":"https:\/\/www.europesays.com\/fr\/wp-json\/wp\/v2\/users\/2"}],"replies":[{"embeddable":true,"href":"https:\/\/www.europesays.com\/fr\/wp-json\/wp\/v2\/comments?post=406632"}],"version-history":[{"count":0,"href":"https:\/\/www.europesays.com\/fr\/wp-json\/wp\/v2\/posts\/406632\/revisions"}],"wp:featuredmedia":[{"embeddable":true,"href":"https:\/\/www.europesays.com\/fr\/wp-json\/wp\/v2\/media\/406633"}],"wp:attachment":[{"href":"https:\/\/www.europesays.com\/fr\/wp-json\/wp\/v2\/media?parent=406632"}],"wp:term":[{"taxonomy":"category","embeddable":true,"href":"https:\/\/www.europesays.com\/fr\/wp-json\/wp\/v2\/categories?post=406632"},{"taxonomy":"post_tag","embeddable":true,"href":"https:\/\/www.europesays.com\/fr\/wp-json\/wp\/v2\/tags?post=406632"}],"curies":[{"name":"wp","href":"https:\/\/api.w.org\/{rel}","templated":true}]}}