{"id":406649,"date":"2025-09-21T07:24:18","date_gmt":"2025-09-21T07:24:18","guid":{"rendered":"https:\/\/www.europesays.com\/fr\/406649\/"},"modified":"2025-09-21T07:24:18","modified_gmt":"2025-09-21T07:24:18","slug":"les-etats-unis-rejoignent-litalie-en-finale","status":"publish","type":"post","link":"https:\/\/www.europesays.com\/fr\/406649\/","title":{"rendered":"Les Etats-Unis rejoignent l&rsquo;Italie en finale"},"content":{"rendered":"<p class=\"photoLegend\">Jessica Pegula et les Etats-Unis en finale de la BJK Cup<\/p>\n<p>Photo: KEYSTONE\/AP\/Andy Wong<\/p>\n<p class=\"wysiwyg-h2\">L&rsquo;\u00e9quipe des Etats-Unis a battu la Grande-Bretagne 2-0 samedi \u00e0 Shenzhen. Elle rejoint les tenantes du titre italiennes en finale de la Billie Jean King Cup.<\/p>\n<p>Jessica Pegula (WTA 7) a apport\u00e9 le point d\u00e9cisif aux Am\u00e9ricaines en battant Katie Boulter (55e) 3-6 6-4 6-2 sur le Central en dur de la cit\u00e9 du sud de la Chine, qui accueille pour la premi\u00e8re fois la phase finale de l&rsquo;ex-Fed Cup.<\/p>\n<p>Plus t\u00f4t dans la journ\u00e9e, Emma Navarro (18e) avait \u00e9galement pris le meilleur en trois sets sur la Britannique Sonay Kartal (82e), domin\u00e9e 3-6 6-4 6-3.<\/p>\n<p>Sacr\u00e9s 18 fois en Billie Jean King Cup, un record, les Etats-Unis tenteront de d\u00e9crocher dimanche une premi\u00e8re couronne depuis 2017. Elles seront oppos\u00e9es \u00e0 l&rsquo;Italie, quintuple laur\u00e9ate de la comp\u00e9tition.<\/p>\n<p>Emmen\u00e9e par sa no 1 Jasmine Paolini (8e mondiale), la s\u00e9lection italienne a renvers\u00e9 vendredi une demi-finale mal engag\u00e9e contre l&rsquo;Ukraine d&rsquo;Elina Svitolina (13e) pour finalement s&rsquo;imposer 2-1 et se qualifier pour la troisi\u00e8me ann\u00e9e d&rsquo;affil\u00e9e pour la finale de la BJK Cup.<\/p>\n<p>Les Britanniques ont elles \u00e9chou\u00e9 samedi pour la troisi\u00e8me fois en quatre ans en demi-finales de la comp\u00e9tition.<\/p>\n<p>Elles devront attendre au moins jusqu&rsquo;\u00e0 l&rsquo;\u00e9dition 2026 pour tenter de soulever pour la premi\u00e8re fois le troph\u00e9e, apr\u00e8s avoir perdu quatre finales (1967, 1971, 1972, 1981) du temps o\u00f9 la comp\u00e9tition se jouait sous un format diff\u00e9rent.<\/p>\n<p>Les Etats-Unis retrouvent la finale de l&rsquo;ex-Fed Cup pour la premi\u00e8re fois depuis 2018.<\/p>\n<p>\/ATS<\/p>\n","protected":false},"excerpt":{"rendered":"Jessica Pegula et les Etats-Unis en finale de la BJK Cup Photo: KEYSTONE\/AP\/Andy Wong L&rsquo;\u00e9quipe des Etats-Unis a&hellip;\n","protected":false},"author":2,"featured_media":406650,"comment_status":"","ping_status":"","sticky":false,"template":"","format":"standard","meta":{"footnotes":""},"categories":[1589],"tags":[11,73,1866,20189,12,517,20190,20191,1864,1865,1863,308],"class_list":{"0":"post-406649","1":"post","2":"type-post","3":"status-publish","4":"format-standard","5":"has-post-thumbnail","7":"category-etats-unis","8":"tag-actualites","9":"tag-etats-unis","10":"tag-etats-unis-damerique","11":"tag-leman-bleu","12":"tag-news","13":"tag-sport","14":"tag-television-geneve","15":"tag-television-nyon","16":"tag-united-states","17":"tag-united-states-of-america","18":"tag-us","19":"tag-usa"},"share_on_mastodon":{"url":"https:\/\/pubeurope.com\/@fr\/115241095262908007","error":""},"_links":{"self":[{"href":"https:\/\/www.europesays.com\/fr\/wp-json\/wp\/v2\/posts\/406649","targetHints":{"allow":["GET"]}}],"collection":[{"href":"https:\/\/www.europesays.com\/fr\/wp-json\/wp\/v2\/posts"}],"about":[{"href":"https:\/\/www.europesays.com\/fr\/wp-json\/wp\/v2\/types\/post"}],"author":[{"embeddable":true,"href":"https:\/\/www.europesays.com\/fr\/wp-json\/wp\/v2\/users\/2"}],"replies":[{"embeddable":true,"href":"https:\/\/www.europesays.com\/fr\/wp-json\/wp\/v2\/comments?post=406649"}],"version-history":[{"count":0,"href":"https:\/\/www.europesays.com\/fr\/wp-json\/wp\/v2\/posts\/406649\/revisions"}],"wp:featuredmedia":[{"embeddable":true,"href":"https:\/\/www.europesays.com\/fr\/wp-json\/wp\/v2\/media\/406650"}],"wp:attachment":[{"href":"https:\/\/www.europesays.com\/fr\/wp-json\/wp\/v2\/media?parent=406649"}],"wp:term":[{"taxonomy":"category","embeddable":true,"href":"https:\/\/www.europesays.com\/fr\/wp-json\/wp\/v2\/categories?post=406649"},{"taxonomy":"post_tag","embeddable":true,"href":"https:\/\/www.europesays.com\/fr\/wp-json\/wp\/v2\/tags?post=406649"}],"curies":[{"name":"wp","href":"https:\/\/api.w.org\/{rel}","templated":true}]}}