{"id":406651,"date":"2025-09-21T07:25:09","date_gmt":"2025-09-21T07:25:09","guid":{"rendered":"https:\/\/www.europesays.com\/fr\/406651\/"},"modified":"2025-09-21T07:25:09","modified_gmt":"2025-09-21T07:25:09","slug":"gangs-dimmigres-police-passive-et-victimes-meprisees-comment-le-royaume-uni-a-ignore-des-viols-massifs","status":"publish","type":"post","link":"https:\/\/www.europesays.com\/fr\/406651\/","title":{"rendered":"Gangs d\u2019immigr\u00e9s, police passive et victimes m\u00e9pris\u00e9es: comment le Royaume-Uni a ignor\u00e9 des viols massifs"},"content":{"rendered":"<p>    R\u00e9sum\u00e9 en 20 secondes<\/p>\n<p>        En savoir plus sur ce type de contenu<\/p>\n<p>Ce r\u00e9sum\u00e9 peut avoir \u00e9t\u00e9 \u00e9crit avec l&rsquo;assistance d\u2019une IA g\u00e9n\u00e9rative. <a href=\"https:\/\/www.letemps.ch\/cyber\/l-usage-de-l-ia-generative-par-les-journalistes-du-temps\" target=\"_blank\" rel=\"noopener\">En savoir plus<\/a><\/p>\n<p class=\"article__abstract-call-to-action\" data-ariato=\"TrackableElement\" data-trackable-element-type=\"article_abstract_cta\" data-trackable-element-location=\"article_header\" data-trackable-element-id=\"506532\">\n        <a data-event=\"click-&gt;clicked\" href=\"https:\/\/www.letemps.ch\/abonnements\" target=\"_blank\" rel=\"noopener\">Abonnez-vous<\/a> pour acc\u00e9der au r\u00e9sum\u00e9 en 20 secondes.\n      <\/p>\n<p>Lorsque Samantha Walker-Roberts a grimp\u00e9 dans le taxi de Shakil Chowdhury un soir d\u2019octobre 2006, la journ\u00e9e avait d\u00e9j\u00e0 \u00e9t\u00e9 longue et traumatisante. Apr\u00e8s avoir pass\u00e9 l\u2019apr\u00e8s-midi \u00e0 boire dans le pr\u00e9au d\u2019une \u00e9glise \u00e0 Oldham, au nord de Manchester, la pr\u00e9adolescente de 12\u00a0ans \u00e9tait partie en voiture avec un inconnu qui l\u2019avait l\u00e2ch\u00e9e dans un quartier qu\u2019elle ne connaissait pas. Elle a alors sonn\u00e9 \u00e0 la porte d\u2019une maison. Invit\u00e9e \u00e0 entrer, elle a \u00e9t\u00e9 viol\u00e9e par Sarwar Ali, un homme de 31\u00a0ans qui est toujours recherch\u00e9 par la police.<\/p>\n<p>\u00abQuand j\u2019ai vu le taxi, j\u2019ai pens\u00e9 \u00eatre enfin en s\u00e9curit\u00e9\u00bb, raconte la jeune femme de 31\u00a0ans aux longs cheveux noirs. Mais au lieu de la ramener \u00e0 la maison, l\u2019homme au volant, \u00e2g\u00e9 \u00e0 l\u2019\u00e9poque de 39\u00a0ans, la conduit dans une demeure \u00e0 quelques minutes de l\u00e0. \u00abIl m\u2019a oblig\u00e9e \u00e0 avoir un rapport sexuel avec lui, raconte-t-elle. Il m\u2019a ensuite pass\u00e9e \u00e0 trois de ses amis, qui m\u2019ont viol\u00e9e \u00e0 tour de r\u00f4le durant toute la nuit.\u00bb Ce n\u2019est que le lendemain matin qu\u2019ils la ram\u00e8nent enfin chez elle, couverte de bleus et de blessures.<\/p>\n","protected":false},"excerpt":{"rendered":"R\u00e9sum\u00e9 en 20 secondes En savoir plus sur ce type de contenu Ce r\u00e9sum\u00e9 peut avoir \u00e9t\u00e9 \u00e9crit&hellip;\n","protected":false},"author":2,"featured_media":406652,"comment_status":"","ping_status":"","sticky":false,"template":"","format":"standard","meta":{"footnotes":""},"categories":[1588],"tags":[11,1777,674,12,301,473,1853,1851,1850,1852],"class_list":{"0":"post-406651","1":"post","2":"type-post","3":"status-publish","4":"format-standard","5":"has-post-thumbnail","7":"category-royaume-uni","8":"tag-actualites","9":"tag-eu","10":"tag-europe","11":"tag-news","12":"tag-premium","13":"tag-royaume-uni","14":"tag-royaume-uni-de-grande-bretagne-et-dirlande-du-nord","15":"tag-uk","16":"tag-united-kingdom","17":"tag-united-kingdom-of-great-britain-and-northern-ireland"},"share_on_mastodon":{"url":"https:\/\/pubeurope.com\/@fr\/115241099147952474","error":""},"_links":{"self":[{"href":"https:\/\/www.europesays.com\/fr\/wp-json\/wp\/v2\/posts\/406651","targetHints":{"allow":["GET"]}}],"collection":[{"href":"https:\/\/www.europesays.com\/fr\/wp-json\/wp\/v2\/posts"}],"about":[{"href":"https:\/\/www.europesays.com\/fr\/wp-json\/wp\/v2\/types\/post"}],"author":[{"embeddable":true,"href":"https:\/\/www.europesays.com\/fr\/wp-json\/wp\/v2\/users\/2"}],"replies":[{"embeddable":true,"href":"https:\/\/www.europesays.com\/fr\/wp-json\/wp\/v2\/comments?post=406651"}],"version-history":[{"count":0,"href":"https:\/\/www.europesays.com\/fr\/wp-json\/wp\/v2\/posts\/406651\/revisions"}],"wp:featuredmedia":[{"embeddable":true,"href":"https:\/\/www.europesays.com\/fr\/wp-json\/wp\/v2\/media\/406652"}],"wp:attachment":[{"href":"https:\/\/www.europesays.com\/fr\/wp-json\/wp\/v2\/media?parent=406651"}],"wp:term":[{"taxonomy":"category","embeddable":true,"href":"https:\/\/www.europesays.com\/fr\/wp-json\/wp\/v2\/categories?post=406651"},{"taxonomy":"post_tag","embeddable":true,"href":"https:\/\/www.europesays.com\/fr\/wp-json\/wp\/v2\/tags?post=406651"}],"curies":[{"name":"wp","href":"https:\/\/api.w.org\/{rel}","templated":true}]}}