{"id":406657,"date":"2025-09-21T07:28:10","date_gmt":"2025-09-21T07:28:10","guid":{"rendered":"https:\/\/www.europesays.com\/fr\/406657\/"},"modified":"2025-09-21T07:28:10","modified_gmt":"2025-09-21T07:28:10","slug":"les-couts-salariaux-augmentent-fortement-dans-lue-business-am","status":"publish","type":"post","link":"https:\/\/www.europesays.com\/fr\/406657\/","title":{"rendered":"Les co\u00fbts salariaux augmentent fortement dans l&rsquo;UE &#8211; Business AM"},"content":{"rendered":"<p>Principaux renseignements<\/p>\n<ul class=\"wp-block-list\">\n<li><strong>Les co\u00fbts horaires de la main-d\u2019\u0153uvre ont augment\u00e9 significative dans l\u2019UE au deuxi\u00e8me trimestre, avec une hausse de 3,6 pour cent dans la zone euro et de 4 pour cent dans l\u2019UE \u00e9largie.<\/strong><\/li>\n<li><strong>Les secteurs de la construction, des services et de l\u2019industrie ont enregistr\u00e9 les plus fortes hausses des salaires horaires, tandis que le secteur immobilier a connu la plus faible augmentation.<\/strong><\/li>\n<li><strong>Les augmentations des co\u00fbts de la main-d\u2019\u0153uvre ont vari\u00e9 de mani\u00e8re significative entre les \u00c9tats membres, la Bulgarie arrivant en t\u00eate avec 13,4 pour cent, tandis que la France a enregistr\u00e9 la plus faible augmentation avec 1,4 pour cent.<\/strong><\/li>\n<\/ul>\n<p>Selon <a href=\"https:\/\/ec.europa.eu\/eurostat\/web\/labour-market\/information-data\/labour-costs\" target=\"_blank\" rel=\"noreferrer noopener\">Eurostat<\/a>, l\u2019office statistique de l\u2019Union europ\u00e9enne, <a href=\"https:\/\/fr.businessam.be\/les-couts-de-la-main-oeuvre-zone-euro-augmentent-offres-emploi-diminuent\/\" target=\"_blank\" rel=\"noopener\">les co\u00fbts horaires de la main-d\u2019\u0153uvre<\/a> ont connu une hausse notable dans l\u2019UE au cours du deuxi\u00e8me trimestre 2025. La zone euro a connu une hausse de 3,6 pour cent, tandis que l\u2019UE au sens large a enregistr\u00e9 une augmentation de 4,0 pour cent par rapport \u00e0 la m\u00eame p\u00e9riode de l\u2019ann\u00e9e derni\u00e8re.<\/p>\n<p>Croissance sectorielle<\/p>\n<p>Cette croissance a \u00e9t\u00e9 tir\u00e9e par diff\u00e9rents secteurs. Les salaires horaires ont augment\u00e9 le plus fortement dans le secteur de la construction (4,8 pour cent), les services (4,6 pour cent) et l\u2019industrie (3,9 pour cent). En particulier, les activit\u00e9s professionnelles, scientifiques et techniques ont connu une augmentation impressionnante de 8,9 pour cent, suivies par les industries extractives (6,7 pour cent). Les activit\u00e9s immobili\u00e8res ont enregistr\u00e9 la plus faible hausse annuelle (1,6 pour cent).<\/p>\n<p>Variation entre les \u00c9tats membres<\/p>\n<p>Les donn\u00e9es r\u00e9v\u00e8lent \u00e9galement des variations consid\u00e9rables dans les augmentations du co\u00fbt de la main-d\u2019\u0153uvre entre les \u00c9tats membres de l\u2019UE. La Bulgarie a ouvert la voie avec une hausse remarquable de 13,4 pour cent, suivie de pr\u00e8s par la Hongrie avec 11,0 pour cent. La Roumanie, l\u2019Estonie et la Gr\u00e8ce ont toutes enregistr\u00e9 des augmentations sup\u00e9rieures \u00e0 10 pour cent. \u00c0 l\u2019inverse, la France a connu la plus faible augmentation (1,4 pour cent), suivie du Danemark (1,5 pour cent) et de Malte (1,9 pour cent).  <\/p>\n<p>Les co\u00fbts de main-d\u2019\u0153uvre ont augment\u00e9 de 3,1 pour cent dans le secteur non marchand, tandis qu\u2019ils ont progress\u00e9 de 4,4 pour cent dans le secteur marchand. (uv)<\/p>\n<p><a href=\"https:\/\/news.google.com\/publications\/CAowtseUCw?hl=fr&amp;gl=BE&amp;ceid=BE%3Afr\" target=\"_blank\" rel=\"noopener\">Suivez \u00e9galement Business AM sur Google Actualit\u00e9s<\/a><\/p>\n<p><a href=\"https:\/\/portalfr.businessam.be\/plans\/business-am-fr-offre-dete\/\" target=\"_blank\" rel=\"noopener\">Si vous souhaitez acc\u00e9der \u00e0 tous les articles, abonnez-vous ici!<\/a><\/p>\n","protected":false},"excerpt":{"rendered":"Principaux renseignements Les co\u00fbts horaires de la main-d\u2019\u0153uvre ont augment\u00e9 significative dans l\u2019UE au deuxi\u00e8me trimestre, avec une&hellip;\n","protected":false},"author":2,"featured_media":406658,"comment_status":"","ping_status":"","sticky":false,"template":"","format":"standard","meta":{"footnotes":""},"categories":[1586],"tags":[11,53857,1777,674,1779,1011,27,12,25,3847,1778,364],"class_list":{"0":"post-406657","1":"post","2":"type-post","3":"status-publish","4":"format-standard","5":"has-post-thumbnail","7":"category-europe","8":"tag-actualites","9":"tag-couts-salariaux","10":"tag-eu","11":"tag-europe","12":"tag-european-union","13":"tag-fr","14":"tag-france","15":"tag-news","16":"tag-republique-francaise","17":"tag-travail","18":"tag-ue","19":"tag-union-europeenne"},"share_on_mastodon":{"url":"https:\/\/pubeurope.com\/@fr\/115241110988930647","error":""},"_links":{"self":[{"href":"https:\/\/www.europesays.com\/fr\/wp-json\/wp\/v2\/posts\/406657","targetHints":{"allow":["GET"]}}],"collection":[{"href":"https:\/\/www.europesays.com\/fr\/wp-json\/wp\/v2\/posts"}],"about":[{"href":"https:\/\/www.europesays.com\/fr\/wp-json\/wp\/v2\/types\/post"}],"author":[{"embeddable":true,"href":"https:\/\/www.europesays.com\/fr\/wp-json\/wp\/v2\/users\/2"}],"replies":[{"embeddable":true,"href":"https:\/\/www.europesays.com\/fr\/wp-json\/wp\/v2\/comments?post=406657"}],"version-history":[{"count":0,"href":"https:\/\/www.europesays.com\/fr\/wp-json\/wp\/v2\/posts\/406657\/revisions"}],"wp:featuredmedia":[{"embeddable":true,"href":"https:\/\/www.europesays.com\/fr\/wp-json\/wp\/v2\/media\/406658"}],"wp:attachment":[{"href":"https:\/\/www.europesays.com\/fr\/wp-json\/wp\/v2\/media?parent=406657"}],"wp:term":[{"taxonomy":"category","embeddable":true,"href":"https:\/\/www.europesays.com\/fr\/wp-json\/wp\/v2\/categories?post=406657"},{"taxonomy":"post_tag","embeddable":true,"href":"https:\/\/www.europesays.com\/fr\/wp-json\/wp\/v2\/tags?post=406657"}],"curies":[{"name":"wp","href":"https:\/\/api.w.org\/{rel}","templated":true}]}}